{"id":992,"date":"2012-08-12T10:58:30","date_gmt":"2012-08-12T09:58:30","guid":{"rendered":"http:\/\/willi-junker.de\/dachs\/?p=992"},"modified":"2012-10-07T09:48:37","modified_gmt":"2012-10-07T08:48:37","slug":"moselradtour","status":"publish","type":"post","link":"https:\/\/willi-junker.de\/dachs\/?p=992","title":{"rendered":"Moselradtour"},"content":{"rendered":"<p><a href=\"https:\/\/i0.wp.com\/willi-junker.de\/dachs\/wp-content\/uploads\/2012\/08\/wpid-IMAG12201.jpg?ssl=1\"><img data-recalc-dims=\"1\" decoding=\"async\" class=\"alignnone\" title=\"\" src=\"https:\/\/i0.wp.com\/willi-junker.de\/dachs\/wp-content\/uploads\/2012\/08\/wpid-IMAG1220.jpg?w=640&#038;ssl=1\" alt=\"image\" \/><\/a><\/p>\n<p>Bin \u00fcber Grenderich nach Zell gefahren und sitze jetzt im Biergarten von Kloster Machern. 60 km und 2:45 h Fahrzeit.<\/p>\n","protected":false},"excerpt":{"rendered":"<p>Bin \u00fcber Grenderich nach Zell gefahren und sitze jetzt im Biergarten von Kloster Machern. 60 km und 2:45 h Fahrzeit.<\/p>\n","protected":false},"author":1,"featured_media":0,"comment_status":"open","ping_status":"open","sticky":false,"template":"","format":"standard","meta":{"_crdt_document":"","jetpack_post_was_ever_published":false,"_jetpack_newsletter_access":"","_jetpack_dont_email_post_to_subs":false,"_jetpack_newsletter_tier_id":0,"_jetpack_memberships_contains_paywalled_content":false,"_jetpack_memberships_contains_paid_content":false,"footnotes":"","jetpack_publicize_message":"","jetpack_publicize_feature_enabled":true,"jetpack_social_post_already_shared":false,"jetpack_social_options":{"image_generator_settings":{"template":"highway","default_image_id":0,"font":"","enabled":false},"version":2}},"categories":[3],"tags":[],"class_list":["post-992","post","type-post","status-publish","format-standard","hentry","category-touren"],"jetpack_publicize_connections":[],"jetpack_featured_media_url":"","jetpack_sharing_enabled":true,"jetpack_shortlink":"https:\/\/wp.me\/p73o9s-g0","jetpack-related-posts":[{"id":2441,"url":"https:\/\/willi-junker.de\/dachs\/?p=2441","url_meta":{"origin":992,"position":0},"title":"18:45 Uhr &#8211; Pause in Frankenroda","author":"Willi","date":"29.06.2015","format":false,"excerpt":"Nach 83 km sitze ich in der Probstei Zella bei Frankenroda. Ich habe Durst. Kurz vorher bin ich durch einen tollen Felsdurchbruch. Langsam wird es nun h\u00fcgeliger. Ein Zimmer bekomme ich auch hier und um 19:45 Uhr sitze ich zum Abendessen im Biergarten. Handynetz und Internet gibt es nicht. Ich\u2026","rel":"","context":"In &quot;Touren&quot;","block_context":{"text":"Touren","link":"https:\/\/willi-junker.de\/dachs\/?cat=3"},"img":{"alt_text":"","src":"","width":0,"height":0},"classes":[]},{"id":2795,"url":"https:\/\/willi-junker.de\/dachs\/?p=2795","url_meta":{"origin":992,"position":1},"title":"19:30 Uhr &#8211; Neues Etappenziel erreicht","author":"Willi","date":"28.08.2015","format":false,"excerpt":"Gestern habe ich noch garnicht so recht daran gedacht und jetzt sitze ich in meinem Lieblingsrestaurant, dem Sal F\u00ebur. Ich bin in Ladinien, was zu Beginn meiner Wanderplanungen eigentlich als Ziel nicht auf dem Plan stand. Gestern, nach dem gro\u00dfen Funkloch im Radurschltal wurde ich von der Nachricht \u00fcberrascht, das\u2026","rel":"","context":"In &quot;Touren&quot;","block_context":{"text":"Touren","link":"https:\/\/willi-junker.de\/dachs\/?cat=3"},"img":{"alt_text":"","src":"","width":0,"height":0},"classes":[]},{"id":353,"url":"https:\/\/willi-junker.de\/dachs\/?p=353","url_meta":{"origin":992,"position":2},"title":"17:15 Uhr &#8211; habe fertig","author":"Willi","date":"27.06.2011","format":false,"excerpt":"Bin in Trippstadt, im Pf\u00e4lzer Wald. F\u00fcr heute reicht es - bei dieser Hitze. Ziel nicht ganz erreicht, aber heute stelle ich da\u00df Rad nur noch in den Schuppen. Bis auf den letzten Anstieg und die Durchquerung von Lautern war es echt gut. Hier die technischen Daten: 123 km ;\u2026","rel":"","context":"In &quot;Touren&quot;","block_context":{"text":"Touren","link":"https:\/\/willi-junker.de\/dachs\/?cat=3"},"img":{"alt_text":"","src":"","width":0,"height":0},"classes":[]},{"id":1372,"url":"https:\/\/willi-junker.de\/dachs\/?p=1372","url_meta":{"origin":992,"position":3},"title":"Kleine Maarrunde","author":"Willi","date":"31.08.2013","format":false,"excerpt":"Bin heute Morgen mit dem Auto nach Driesch bei Lutzerath. Von dort dann mit dem Rad \u00fcber Strotzb\u00fcsch nach Gillenfeld und von dort \u00fcber den Mosel-Maare-Radweg nach Daun. Dort hab ich eine kleine Runde im Ort gedreht und dann zur\u00fcck zum Radweg. In Schalkemehren hab ich jetzt kurz den Radweg\u2026","rel":"","context":"In &quot;Touren&quot;","block_context":{"text":"Touren","link":"https:\/\/willi-junker.de\/dachs\/?cat=3"},"img":{"alt_text":"","src":"","width":0,"height":0},"classes":[]},{"id":219,"url":"https:\/\/willi-junker.de\/dachs\/?p=219","url_meta":{"origin":992,"position":4},"title":"Erste Radtour in 2011","author":"Willi","date":"03.04.2011","format":false,"excerpt":"Heute unternehme ich die erste Radtour im Jahr 2011. Start ist um 09:15 Uhr. Am Aldegundismarkt vorbei und \u00fcber Damscheid geht es nach Oberwesel und St. Goar und zur\u00fcck \u00fcber Pfalzfeld und den Radweg. Gesamt, 56 km und gut 700 H\u00f6henmeter bei einer Fahrzeit von 4 Stunden und 2 Minuten.","rel":"","context":"In &quot;Touren&quot;","block_context":{"text":"Touren","link":"https:\/\/willi-junker.de\/dachs\/?cat=3"},"img":{"alt_text":"Rhein bei Oberwesel","src":"https:\/\/i0.wp.com\/willi-junker.de\/dachs\/wp-content\/uploads\/2011\/04\/P10102771.jpg?resize=350%2C200","width":350,"height":200,"srcset":"https:\/\/i0.wp.com\/willi-junker.de\/dachs\/wp-content\/uploads\/2011\/04\/P10102771.jpg?resize=350%2C200 1x, https:\/\/i0.wp.com\/willi-junker.de\/dachs\/wp-content\/uploads\/2011\/04\/P10102771.jpg?resize=525%2C300 1.5x, https:\/\/i0.wp.com\/willi-junker.de\/dachs\/wp-content\/uploads\/2011\/04\/P10102771.jpg?resize=700%2C400 2x"},"classes":[]},{"id":3398,"url":"https:\/\/willi-junker.de\/dachs\/?p=3398","url_meta":{"origin":992,"position":5},"title":"Vortour Radtour Radteam des TuS Laubach 2016","author":"Willi","date":"10.07.2016","format":false,"excerpt":"Um 05:15 Uhr bin ich abreisebereit. Es ist noch k\u00fchl und in den T\u00e4lern liegt leichter Nebel. Es geht quer durch den Hunsr\u00fcck bis nach Rhaunen. In Woppenroth bin ich mal kurz von Wildschweinen umgeben. Von Woppenroth geht es weiter \u00fcber Sulzbach nach Allenbach. Hier mu\u00df der \"Pass\" nach Thranenweier\u2026","rel":"","context":"In &quot;Touren&quot;","block_context":{"text":"Touren","link":"https:\/\/willi-junker.de\/dachs\/?cat=3"},"img":{"alt_text":"","src":"https:\/\/i0.wp.com\/willi-junker.de\/dachs\/wp-content\/uploads\/2016\/07\/wp-image-395811942jpg.jpg?resize=350%2C200","width":350,"height":200,"srcset":"https:\/\/i0.wp.com\/willi-junker.de\/dachs\/wp-content\/uploads\/2016\/07\/wp-image-395811942jpg.jpg?resize=350%2C200 1x, https:\/\/i0.wp.com\/willi-junker.de\/dachs\/wp-content\/uploads\/2016\/07\/wp-image-395811942jpg.jpg?resize=525%2C300 1.5x, https:\/\/i0.wp.com\/willi-junker.de\/dachs\/wp-content\/uploads\/2016\/07\/wp-image-395811942jpg.jpg?resize=700%2C400 2x"},"classes":[]}],"_links":{"self":[{"href":"https:\/\/willi-junker.de\/dachs\/index.php?rest_route=\/wp\/v2\/posts\/992","targetHints":{"allow":["GET"]}}],"collection":[{"href":"https:\/\/willi-junker.de\/dachs\/index.php?rest_route=\/wp\/v2\/posts"}],"about":[{"href":"https:\/\/willi-junker.de\/dachs\/index.php?rest_route=\/wp\/v2\/types\/post"}],"author":[{"embeddable":true,"href":"https:\/\/willi-junker.de\/dachs\/index.php?rest_route=\/wp\/v2\/users\/1"}],"replies":[{"embeddable":true,"href":"https:\/\/willi-junker.de\/dachs\/index.php?rest_route=%2Fwp%2Fv2%2Fcomments&post=992"}],"version-history":[{"count":2,"href":"https:\/\/willi-junker.de\/dachs\/index.php?rest_route=\/wp\/v2\/posts\/992\/revisions"}],"predecessor-version":[{"id":1036,"href":"https:\/\/willi-junker.de\/dachs\/index.php?rest_route=\/wp\/v2\/posts\/992\/revisions\/1036"}],"wp:attachment":[{"href":"https:\/\/willi-junker.de\/dachs\/index.php?rest_route=%2Fwp%2Fv2%2Fmedia&parent=992"}],"wp:term":[{"taxonomy":"category","embeddable":true,"href":"https:\/\/willi-junker.de\/dachs\/index.php?rest_route=%2Fwp%2Fv2%2Fcategories&post=992"},{"taxonomy":"post_tag","embeddable":true,"href":"https:\/\/willi-junker.de\/dachs\/index.php?rest_route=%2Fwp%2Fv2%2Ftags&post=992"}],"curies":[{"name":"wp","href":"https:\/\/api.w.org\/{rel}","templated":true}]}}