{"id":986,"date":"2012-07-08T20:11:24","date_gmt":"2012-07-08T19:11:24","guid":{"rendered":"http:\/\/willi-junker.de\/dachs\/?p=986"},"modified":"2012-10-07T09:49:00","modified_gmt":"2012-10-07T08:49:00","slug":"ein-phantastischer-letzter-wandertag-geht-zu-ende","status":"publish","type":"post","link":"https:\/\/willi-junker.de\/dachs\/?p=986","title":{"rendered":"Ein phantastischer letzter Wandertag geht zu Ende"},"content":{"rendered":"<p><a href=\"https:\/\/i0.wp.com\/willi-junker.de\/dachs\/wp-content\/uploads\/2012\/07\/wpid-IMAG12061.jpg?ssl=1\"><img data-recalc-dims=\"1\" decoding=\"async\" class=\"alignnone\" title=\"IMAG1206.jpg\" src=\"https:\/\/i0.wp.com\/willi-junker.de\/dachs\/wp-content\/uploads\/2012\/07\/wpid-IMAG1206.jpg?w=640&#038;ssl=1\" alt=\"image\" \/><\/a><\/p>\n<p>Den Abschluss des Urlaubs begehen wir auf der Sangon-H\u00fctte und wandern mit dem letzten Tageslicht hinab ins Tal. Heute hat es erstmals seit letztem Mittwoch hier in Wolkenstein nicht geregnet. Es sind traumhafte Verh\u00e4ltnisse um im letzten Abendlicht Bilder von Sella und Langkofel zu machen.<\/p>\n","protected":false},"excerpt":{"rendered":"<p>Den Abschluss des Urlaubs begehen wir auf der Sangon-H\u00fctte und wandern mit dem letzten Tageslicht hinab ins Tal. Heute hat es erstmals seit letztem Mittwoch hier in Wolkenstein nicht geregnet. Es sind traumhafte Verh\u00e4ltnisse um im letzten Abendlicht Bilder von &hellip; <a href=\"https:\/\/willi-junker.de\/dachs\/?p=986\">Weiterlesen <span class=\"meta-nav\">&rarr;<\/span><\/a><\/p>\n","protected":false},"author":1,"featured_media":0,"comment_status":"open","ping_status":"open","sticky":false,"template":"","format":"standard","meta":{"_crdt_document":"","jetpack_post_was_ever_published":false,"_jetpack_newsletter_access":"","_jetpack_dont_email_post_to_subs":false,"_jetpack_newsletter_tier_id":0,"_jetpack_memberships_contains_paywalled_content":false,"_jetpack_memberships_contains_paid_content":false,"footnotes":"","jetpack_publicize_message":"","jetpack_publicize_feature_enabled":true,"jetpack_social_post_already_shared":false,"jetpack_social_options":{"image_generator_settings":{"template":"highway","default_image_id":0,"font":"","enabled":false},"version":2}},"categories":[3],"tags":[],"class_list":["post-986","post","type-post","status-publish","format-standard","hentry","category-touren"],"jetpack_publicize_connections":[],"jetpack_featured_media_url":"","jetpack_sharing_enabled":true,"jetpack_shortlink":"https:\/\/wp.me\/p73o9s-fU","jetpack-related-posts":[{"id":5153,"url":"https:\/\/willi-junker.de\/dachs\/?p=5153","url_meta":{"origin":986,"position":0},"title":"Skitag 5 &#8211; Wintertour des TuS Laubach eV","author":"Willi","date":"09.02.2019","format":false,"excerpt":"Am letzten Skitag sind wir wieder am Kronplatz. Die Koffer sind gepackt und die Zimmer verlassen. Die Sonne scheint auch heuer wieder. Auf zur letzten Runde. So ganz konnte ich es mir dann doch nicht verkneifen und habe das Skigebiet verlassen. Hab noch eine ordentliche Runde in Alta Badia gedreht.\u2026","rel":"","context":"In &quot;Touren&quot;","block_context":{"text":"Touren","link":"https:\/\/willi-junker.de\/dachs\/?cat=3"},"img":{"alt_text":"","src":"","width":0,"height":0},"classes":[]},{"id":362,"url":"https:\/\/willi-junker.de\/dachs\/?p=362","url_meta":{"origin":986,"position":1},"title":"14:30 Uhr &#8211; B\u00e4renbrunner Hof","author":"Willi","date":"28.06.2011","format":false,"excerpt":"In den letzten 2 Stunden habe ich mich auf Mountainbikewegen hoch oben zwischen Hauenstein und Dahn bewegt. Hatte auch noch einen Verhauer in der N\u00e4he der PWV H\u00fctte \"Dicke Eiche\". Bleibe heute wohl noch in Deutschland und sehe dann Morgen weiter. Es ist viel zu hei\u00df um im Freien zu\u2026","rel":"","context":"In &quot;Touren&quot;","block_context":{"text":"Touren","link":"https:\/\/willi-junker.de\/dachs\/?cat=3"},"img":{"alt_text":"","src":"","width":0,"height":0},"classes":[]},{"id":5256,"url":"https:\/\/willi-junker.de\/dachs\/?p=5256","url_meta":{"origin":986,"position":2},"title":"Radtour nach Bad Sch\u00f6nborn \/ Tag 4 (R\u00fcckreise)","author":"Willi Junker","date":"21.07.2019","format":false,"excerpt":"Schnell ist der Kurztrip nach Bad Sch\u00f6nborn schon an seinem Ende angelangt. Doch heute am Sonntag haben wir uns noch einiges vorgenommen. Nach dem Fr\u00fchst\u00fcck wird gepackt. Wir d\u00fcrfen das Gep\u00e4ck und das Fahrrad weiterhin im Hotel belassen und so k\u00f6nnen wir noch ausgiebig die Therme erkunden. Gegen 14 Uhr\u2026","rel":"","context":"In &quot;Touren&quot;","block_context":{"text":"Touren","link":"https:\/\/willi-junker.de\/dachs\/?cat=3"},"img":{"alt_text":"","src":"https:\/\/i0.wp.com\/willi-junker.de\/dachs\/wp-content\/uploads\/2019\/07\/grafik-1.png?resize=350%2C200&ssl=1","width":350,"height":200,"srcset":"https:\/\/i0.wp.com\/willi-junker.de\/dachs\/wp-content\/uploads\/2019\/07\/grafik-1.png?resize=350%2C200&ssl=1 1x, https:\/\/i0.wp.com\/willi-junker.de\/dachs\/wp-content\/uploads\/2019\/07\/grafik-1.png?resize=525%2C300&ssl=1 1.5x, https:\/\/i0.wp.com\/willi-junker.de\/dachs\/wp-content\/uploads\/2019\/07\/grafik-1.png?resize=700%2C400&ssl=1 2x, https:\/\/i0.wp.com\/willi-junker.de\/dachs\/wp-content\/uploads\/2019\/07\/grafik-1.png?resize=1050%2C600&ssl=1 3x"},"classes":[]},{"id":975,"url":"https:\/\/willi-junker.de\/dachs\/?p=975","url_meta":{"origin":986,"position":3},"title":"Puezh\u00fctte und \u00dcbersteigung Col de la Pieres","author":"Willi","date":"07.07.2012","format":false,"excerpt":"Heute haben wir nochmals eine richtig gro\u00dfe Runde gemacht. Mit dem Lift ging es hoch auf das Gr\u00f6dner Joch. Ab dann den Rest zu Fu\u00df. Kurz nach 10:00 Uhr sind wir an der Jimmy-H\u00fctte. Kurz dahinter ist der Einstieg in den Fernwanderweg 2. Es geht hoch zum Cirjoch und weiter\u2026","rel":"","context":"In &quot;Touren&quot;","block_context":{"text":"Touren","link":"https:\/\/willi-junker.de\/dachs\/?cat=3"},"img":{"alt_text":"","src":"","width":0,"height":0},"classes":[]},{"id":4453,"url":"https:\/\/willi-junker.de\/dachs\/?p=4453","url_meta":{"origin":986,"position":4},"title":"Nochmals Marina di Modica","author":"Willi","date":"27.04.2018","format":false,"excerpt":"Heute wollte ich eigentlich Schwimmen. Seit letzten Nacht hat der Wind aber heftig zugelegt. Jetzt herrscht Sturm. Sch\u00f6ne Wellen, aber das Wasser ist saukalt. An den Knien ist Schluss. Ich habe die Str\u00e4nde absolut f\u00fcr mich alleine. Gegen Mittag sitze ich in Marina di Modica in einer Strandbar und genie\u00dfe\u2026","rel":"","context":"In &quot;Touren&quot;","block_context":{"text":"Touren","link":"https:\/\/willi-junker.de\/dachs\/?cat=3"},"img":{"alt_text":"","src":"https:\/\/i0.wp.com\/willi-junker.de\/dachs\/wp-content\/uploads\/2018\/04\/20180427_121419-576922089.jpg?resize=350%2C200","width":350,"height":200,"srcset":"https:\/\/i0.wp.com\/willi-junker.de\/dachs\/wp-content\/uploads\/2018\/04\/20180427_121419-576922089.jpg?resize=350%2C200 1x, https:\/\/i0.wp.com\/willi-junker.de\/dachs\/wp-content\/uploads\/2018\/04\/20180427_121419-576922089.jpg?resize=525%2C300 1.5x, https:\/\/i0.wp.com\/willi-junker.de\/dachs\/wp-content\/uploads\/2018\/04\/20180427_121419-576922089.jpg?resize=700%2C400 2x, https:\/\/i0.wp.com\/willi-junker.de\/dachs\/wp-content\/uploads\/2018\/04\/20180427_121419-576922089.jpg?resize=1050%2C600 3x, https:\/\/i0.wp.com\/willi-junker.de\/dachs\/wp-content\/uploads\/2018\/04\/20180427_121419-576922089.jpg?resize=1400%2C800 4x"},"classes":[]},{"id":3283,"url":"https:\/\/willi-junker.de\/dachs\/?p=3283","url_meta":{"origin":986,"position":5},"title":"18:50 Uhr &#8211; Pfalzfeld","author":"Willi","date":"26.05.2016","format":false,"excerpt":"Nach dem versp\u00e4teten Mittagessen in Boppard fahren wir mit den R\u00e4dern ins M\u00fchlental hinein und etwas sp\u00e4ter in das Wei\u00dfertal. Hier folgen wir dem M\u00fchltalbach bis zu seiner Quelle an der Autobahn bei Buchholz. Es geht best\u00e4ndig kr\u00e4ftig bergan auf geschottertem Weg. Nach Buchholz durchfahren wir das Industriegebiet Hellerwald bis\u2026","rel":"","context":"In &quot;Touren&quot;","block_context":{"text":"Touren","link":"https:\/\/willi-junker.de\/dachs\/?cat=3"},"img":{"alt_text":"","src":"","width":0,"height":0},"classes":[]}],"_links":{"self":[{"href":"https:\/\/willi-junker.de\/dachs\/index.php?rest_route=\/wp\/v2\/posts\/986","targetHints":{"allow":["GET"]}}],"collection":[{"href":"https:\/\/willi-junker.de\/dachs\/index.php?rest_route=\/wp\/v2\/posts"}],"about":[{"href":"https:\/\/willi-junker.de\/dachs\/index.php?rest_route=\/wp\/v2\/types\/post"}],"author":[{"embeddable":true,"href":"https:\/\/willi-junker.de\/dachs\/index.php?rest_route=\/wp\/v2\/users\/1"}],"replies":[{"embeddable":true,"href":"https:\/\/willi-junker.de\/dachs\/index.php?rest_route=%2Fwp%2Fv2%2Fcomments&post=986"}],"version-history":[{"count":2,"href":"https:\/\/willi-junker.de\/dachs\/index.php?rest_route=\/wp\/v2\/posts\/986\/revisions"}],"predecessor-version":[{"id":1037,"href":"https:\/\/willi-junker.de\/dachs\/index.php?rest_route=\/wp\/v2\/posts\/986\/revisions\/1037"}],"wp:attachment":[{"href":"https:\/\/willi-junker.de\/dachs\/index.php?rest_route=%2Fwp%2Fv2%2Fmedia&parent=986"}],"wp:term":[{"taxonomy":"category","embeddable":true,"href":"https:\/\/willi-junker.de\/dachs\/index.php?rest_route=%2Fwp%2Fv2%2Fcategories&post=986"},{"taxonomy":"post_tag","embeddable":true,"href":"https:\/\/willi-junker.de\/dachs\/index.php?rest_route=%2Fwp%2Fv2%2Ftags&post=986"}],"curies":[{"name":"wp","href":"https:\/\/api.w.org\/{rel}","templated":true}]}}