{"id":982,"date":"2012-07-08T13:29:23","date_gmt":"2012-07-08T12:29:23","guid":{"rendered":"http:\/\/willi-junker.de\/dachs\/?p=982"},"modified":"2012-10-07T09:49:22","modified_gmt":"2012-10-07T08:49:22","slug":"seiser-alm-raschotz-seceda","status":"publish","type":"post","link":"https:\/\/willi-junker.de\/dachs\/?p=982","title":{"rendered":"Seiser Alm &#8211; Rasch\u00f6tz &#8211; Seceda"},"content":{"rendered":"<p><a href=\"https:\/\/i0.wp.com\/willi-junker.de\/dachs\/wp-content\/uploads\/2012\/07\/wpid-IMAG11991.jpg?ssl=1\"><img data-recalc-dims=\"1\" decoding=\"async\" class=\"alignnone\" title=\"\" src=\"https:\/\/i0.wp.com\/willi-junker.de\/dachs\/wp-content\/uploads\/2012\/07\/wpid-IMAG1199.jpg?w=640&#038;ssl=1\" alt=\"image\" \/><\/a><\/p>\n<p>Heute machen wir eine Lift und H\u00fcttentour. Haben nebenbei auch auch schon einige Kilometer gelaufen. Jetzt sitzen wir auf der Troier-Alm und freuen uns auf den riesigen Kaiserschmarren.<\/p>\n","protected":false},"excerpt":{"rendered":"<p>Heute machen wir eine Lift und H\u00fcttentour. Haben nebenbei auch auch schon einige Kilometer gelaufen. Jetzt sitzen wir auf der Troier-Alm und freuen uns auf den riesigen Kaiserschmarren.<\/p>\n","protected":false},"author":1,"featured_media":0,"comment_status":"open","ping_status":"open","sticky":false,"template":"","format":"standard","meta":{"_crdt_document":"","jetpack_post_was_ever_published":false,"_jetpack_newsletter_access":"","_jetpack_dont_email_post_to_subs":false,"_jetpack_newsletter_tier_id":0,"_jetpack_memberships_contains_paywalled_content":false,"_jetpack_memberships_contains_paid_content":false,"footnotes":"","jetpack_publicize_message":"","jetpack_publicize_feature_enabled":true,"jetpack_social_post_already_shared":false,"jetpack_social_options":{"image_generator_settings":{"template":"highway","default_image_id":0,"font":"","enabled":false},"version":2}},"categories":[3],"tags":[],"class_list":["post-982","post","type-post","status-publish","format-standard","hentry","category-touren"],"jetpack_publicize_connections":[],"jetpack_featured_media_url":"","jetpack_sharing_enabled":true,"jetpack_shortlink":"https:\/\/wp.me\/p73o9s-fQ","jetpack-related-posts":[{"id":968,"url":"https:\/\/willi-junker.de\/dachs\/?p=968","url_meta":{"origin":982,"position":0},"title":"Tagesabschluss auf der Sangon-H\u00fctte","author":"Willi","date":"06.07.2012","format":false,"excerpt":"Nach dem Besuch der Seiser Alm fahren wir mit dem Lift zur\u00fcck nach St. Ulrich, mit dem Bus nach St. Christina und laufen dann hoch zur Talstation der Col Raiser-Bahn. An der Bergstation kommen wir gegen 17:10 Uhr an. Dann geht es im Laufschritt abw\u00e4rts zur Sangon-H\u00fctte. Es beginnt wieder\u2026","rel":"","context":"In &quot;Touren&quot;","block_context":{"text":"Touren","link":"https:\/\/willi-junker.de\/dachs\/?cat=3"},"img":{"alt_text":"","src":"","width":0,"height":0},"classes":[]},{"id":4153,"url":"https:\/\/willi-junker.de\/dachs\/?p=4153","url_meta":{"origin":982,"position":1},"title":"Tag 8 &#8211; Umrundung Langkofelstock","author":"Willi","date":"25.07.2017","format":false,"excerpt":"Heute gibt es um 07:15 Uhr Fr\u00fchst\u00fcck. Abmarsch ist um 08:10 Uhr. Um 08:26 Uhr steigen wir in den total \u00fcberf\u00fcllten Bus zum Sellapass. Beinahe waren auch nur 50% von uns in den Bus gekommen. Es ist saukalt, aber sonnig. Der Rest der Familie f\u00e4hrt vom Sella-Joch mit dem Lift\u2026","rel":"","context":"In &quot;Touren&quot;","block_context":{"text":"Touren","link":"https:\/\/willi-junker.de\/dachs\/?cat=3"},"img":{"alt_text":"","src":"https:\/\/i0.wp.com\/willi-junker.de\/dachs\/wp-content\/uploads\/2017\/07\/wp-image-1084737681.jpg?resize=350%2C200","width":350,"height":200,"srcset":"https:\/\/i0.wp.com\/willi-junker.de\/dachs\/wp-content\/uploads\/2017\/07\/wp-image-1084737681.jpg?resize=350%2C200 1x, https:\/\/i0.wp.com\/willi-junker.de\/dachs\/wp-content\/uploads\/2017\/07\/wp-image-1084737681.jpg?resize=525%2C300 1.5x, https:\/\/i0.wp.com\/willi-junker.de\/dachs\/wp-content\/uploads\/2017\/07\/wp-image-1084737681.jpg?resize=700%2C400 2x, https:\/\/i0.wp.com\/willi-junker.de\/dachs\/wp-content\/uploads\/2017\/07\/wp-image-1084737681.jpg?resize=1050%2C600 3x, https:\/\/i0.wp.com\/willi-junker.de\/dachs\/wp-content\/uploads\/2017\/07\/wp-image-1084737681.jpg?resize=1400%2C800 4x"},"classes":[]},{"id":1341,"url":"https:\/\/willi-junker.de\/dachs\/?p=1341","url_meta":{"origin":982,"position":2},"title":"Seiser Alm &#8211; Umrundung Langkofel","author":"Willi","date":"24.07.2013","format":false,"excerpt":"Am Ruhetag, den ich vor der letzten Etappe \u00fcber die Puezhochebene, einlege wandere ich mit den Geschwistern, den Neffen und der Nichte \u00fcber die Seiser Alm. Beim Mittagessen sind die Zwillinge der Meinung, wir k\u00f6nnten noch die H\u00fcttenpunkte rund um den Langkofel sammeln. So laufen wir noch bis 19:00 Uhr,\u2026","rel":"","context":"In &quot;Touren&quot;","block_context":{"text":"Touren","link":"https:\/\/willi-junker.de\/dachs\/?cat=3"},"img":{"alt_text":"","src":"","width":0,"height":0},"classes":[]},{"id":922,"url":"https:\/\/willi-junker.de\/dachs\/?p=922","url_meta":{"origin":982,"position":3},"title":"L\u00fcsener Alm &#8211; kurz und knackig","author":"Willi","date":"02.07.2012","format":false,"excerpt":"Um 09:00 Uhr stehe ich fertig bepackt an der Rezeption vom Hotel Weiher. Leider ist mein Aufenthalt hier viel zu kurz gewesen. Gestern Abend gab es ein super Galadiner mit Sektempfang im Garten. Da ich das Haus ja nur vom Winter kenne, gab es hier bisher nur Gl\u00fchwein. Danach gab's\u2026","rel":"","context":"In &quot;Touren&quot;","block_context":{"text":"Touren","link":"https:\/\/willi-junker.de\/dachs\/?cat=3"},"img":{"alt_text":"","src":"","width":0,"height":0},"classes":[]},{"id":965,"url":"https:\/\/willi-junker.de\/dachs\/?p=965","url_meta":{"origin":982,"position":4},"title":"Ein Regentag &#8211; trotzdem noch unterwegs","author":"Willi","date":"06.07.2012","format":false,"excerpt":"Die halbe Nacht und den Vormittag regnet und donnert es, zum Teil recht nah. Nach kurzem Schoppen geht es mit dem Bus nach St. Ulrich und dann mit dem Lift auf die Seiser Alm. Der Regen h\u00f6rt wie bestellt auf und die Regenjacke kommt in den Rucksack. Dann beginnt das\u2026","rel":"","context":"In &quot;Touren&quot;","block_context":{"text":"Touren","link":"https:\/\/willi-junker.de\/dachs\/?cat=3"},"img":{"alt_text":"","src":"","width":0,"height":0},"classes":[]},{"id":862,"url":"https:\/\/willi-junker.de\/dachs\/?p=862","url_meta":{"origin":982,"position":5},"title":"14:00 Uhr &#8211; Geisl Hochalm","author":"Willi","date":"26.06.2012","format":false,"excerpt":"Nach l\u00e4ngerem Aufstieg erreiche ich die Geisl Hochalm auf 1900m. Dort lege ich eine l\u00e4ngere Ruhepause ein. Gegen 15:00 Uhr gehts weiter. Auch diese Alm kann ich sehr empfehlen. Um 15:40 Uhr bin ich dann am h\u00f6chsten Punkt, auf 2100m angelangt. Hier ist der Ausblick auf die 3-tausender der Tauern\u2026","rel":"","context":"In &quot;Touren&quot;","block_context":{"text":"Touren","link":"https:\/\/willi-junker.de\/dachs\/?cat=3"},"img":{"alt_text":"","src":"","width":0,"height":0},"classes":[]}],"_links":{"self":[{"href":"https:\/\/willi-junker.de\/dachs\/index.php?rest_route=\/wp\/v2\/posts\/982","targetHints":{"allow":["GET"]}}],"collection":[{"href":"https:\/\/willi-junker.de\/dachs\/index.php?rest_route=\/wp\/v2\/posts"}],"about":[{"href":"https:\/\/willi-junker.de\/dachs\/index.php?rest_route=\/wp\/v2\/types\/post"}],"author":[{"embeddable":true,"href":"https:\/\/willi-junker.de\/dachs\/index.php?rest_route=\/wp\/v2\/users\/1"}],"replies":[{"embeddable":true,"href":"https:\/\/willi-junker.de\/dachs\/index.php?rest_route=%2Fwp%2Fv2%2Fcomments&post=982"}],"version-history":[{"count":2,"href":"https:\/\/willi-junker.de\/dachs\/index.php?rest_route=\/wp\/v2\/posts\/982\/revisions"}],"predecessor-version":[{"id":1038,"href":"https:\/\/willi-junker.de\/dachs\/index.php?rest_route=\/wp\/v2\/posts\/982\/revisions\/1038"}],"wp:attachment":[{"href":"https:\/\/willi-junker.de\/dachs\/index.php?rest_route=%2Fwp%2Fv2%2Fmedia&parent=982"}],"wp:term":[{"taxonomy":"category","embeddable":true,"href":"https:\/\/willi-junker.de\/dachs\/index.php?rest_route=%2Fwp%2Fv2%2Fcategories&post=982"},{"taxonomy":"post_tag","embeddable":true,"href":"https:\/\/willi-junker.de\/dachs\/index.php?rest_route=%2Fwp%2Fv2%2Ftags&post=982"}],"curies":[{"name":"wp","href":"https:\/\/api.w.org\/{rel}","templated":true}]}}