{"id":96,"date":"2010-12-26T20:25:12","date_gmt":"2010-12-26T18:25:12","guid":{"rendered":"http:\/\/willi-junker.de\/dachs\/?p=96"},"modified":"2014-09-14T17:20:55","modified_gmt":"2014-09-14T15:20:55","slug":"weihnachtsskitour","status":"publish","type":"post","link":"https:\/\/willi-junker.de\/dachs\/?p=96","title":{"rendered":"Weihnachtsskitour"},"content":{"rendered":"<p>Seit heute Mittag bin ich wieder auf den Loipen rund um Laubach. Hab auch einige Kilometer selbst neu gespurt und bin dann diese Runde ein zweites Mal gelaufen. Vor lauter Schneeschippen komme ich derzeit kaum zum Skilanglauf. 22,8 km in 4:25.<\/p>\n<div id=\"attachment_98\" style=\"width: 624px\" class=\"wp-caption alignnone\"><a rel=\"attachment wp-att-98\" href=\"https:\/\/willi-junker.de\/dachs\/?attachment_id=98\"><img data-recalc-dims=\"1\" loading=\"lazy\" decoding=\"async\" aria-describedby=\"caption-attachment-98\" data-attachment-id=\"98\" data-permalink=\"https:\/\/willi-junker.de\/dachs\/?attachment_id=98\" data-orig-file=\"https:\/\/i0.wp.com\/willi-junker.de\/dachs\/wp-content\/uploads\/2010\/12\/2010_12_26_1.jpg?fit=1024%2C684&amp;ssl=1\" data-orig-size=\"1024,684\" data-comments-opened=\"1\" data-image-meta=\"{&quot;aperture&quot;:&quot;2.8&quot;,&quot;credit&quot;:&quot;&quot;,&quot;camera&quot;:&quot;SP500UZ&quot;,&quot;caption&quot;:&quot;&quot;,&quot;created_timestamp&quot;:&quot;1293371797&quot;,&quot;copyright&quot;:&quot;&quot;,&quot;focal_length&quot;:&quot;6.3&quot;,&quot;iso&quot;:&quot;80&quot;,&quot;shutter_speed&quot;:&quot;0.0025&quot;,&quot;title&quot;:&quot;OLYMPUS DIGITAL CAMERA&quot;}\" data-image-title=\"Auf der Loipe am G\u00f6denrother Weg\" data-image-description=\"&lt;p&gt;Loipe in Richtung Plage&lt;\/p&gt;\n\" data-image-caption=\"\" data-large-file=\"https:\/\/i0.wp.com\/willi-junker.de\/dachs\/wp-content\/uploads\/2010\/12\/2010_12_26_1.jpg?fit=500%2C334&amp;ssl=1\" class=\"size-full wp-image-98 \" title=\"Auf der Loipe am G\u00f6denrother Weg\" src=\"https:\/\/i0.wp.com\/willi-junker.de\/dachs\/wp-content\/uploads\/2010\/12\/2010_12_26_1.jpg?resize=614%2C410&#038;ssl=1\" alt=\"Auf der Loipe am G\u00f6denrother Weg\" width=\"614\" height=\"410\" srcset=\"https:\/\/i0.wp.com\/willi-junker.de\/dachs\/wp-content\/uploads\/2010\/12\/2010_12_26_1.jpg?w=1024&amp;ssl=1 1024w, https:\/\/i0.wp.com\/willi-junker.de\/dachs\/wp-content\/uploads\/2010\/12\/2010_12_26_1.jpg?resize=300%2C200&amp;ssl=1 300w\" sizes=\"auto, (max-width: 614px) 100vw, 614px\" \/><\/a><p id=\"caption-attachment-98\" class=\"wp-caption-text\">Blick in Richtung Plage<\/p><\/div>\n<p style=\"text-align: center;\">\n<div id=\"attachment_103\" style=\"width: 624px\" class=\"wp-caption alignnone\"><a rel=\"attachment wp-att-103\" href=\"https:\/\/willi-junker.de\/dachs\/?attachment_id=103\"><img data-recalc-dims=\"1\" loading=\"lazy\" decoding=\"async\" aria-describedby=\"caption-attachment-103\" data-attachment-id=\"103\" data-permalink=\"https:\/\/willi-junker.de\/dachs\/?attachment_id=103\" data-orig-file=\"https:\/\/i0.wp.com\/willi-junker.de\/dachs\/wp-content\/uploads\/2010\/12\/2010_12_26_2.jpg?fit=1024%2C684&amp;ssl=1\" data-orig-size=\"1024,684\" data-comments-opened=\"1\" data-image-meta=\"{&quot;aperture&quot;:&quot;2.8&quot;,&quot;credit&quot;:&quot;&quot;,&quot;camera&quot;:&quot;SP500UZ&quot;,&quot;caption&quot;:&quot;&quot;,&quot;created_timestamp&quot;:&quot;1293371803&quot;,&quot;copyright&quot;:&quot;&quot;,&quot;focal_length&quot;:&quot;6.3&quot;,&quot;iso&quot;:&quot;80&quot;,&quot;shutter_speed&quot;:&quot;0.003125&quot;,&quot;title&quot;:&quot;OLYMPUS DIGITAL CAMERA&quot;}\" data-image-title=\"Am G\u00f6denrother Weg\" data-image-description=\"\" data-image-caption=\"&lt;p&gt;Blick in Richtung Laubach&lt;\/p&gt;\n\" data-large-file=\"https:\/\/i0.wp.com\/willi-junker.de\/dachs\/wp-content\/uploads\/2010\/12\/2010_12_26_2.jpg?fit=500%2C334&amp;ssl=1\" class=\"size-full wp-image-103 \" title=\"Am G\u00f6denrother Weg\" src=\"https:\/\/i0.wp.com\/willi-junker.de\/dachs\/wp-content\/uploads\/2010\/12\/2010_12_26_2.jpg?resize=614%2C410&#038;ssl=1\" alt=\"Am G\u00f6denrother Weg\" width=\"614\" height=\"410\" srcset=\"https:\/\/i0.wp.com\/willi-junker.de\/dachs\/wp-content\/uploads\/2010\/12\/2010_12_26_2.jpg?w=1024&amp;ssl=1 1024w, https:\/\/i0.wp.com\/willi-junker.de\/dachs\/wp-content\/uploads\/2010\/12\/2010_12_26_2.jpg?resize=300%2C200&amp;ssl=1 300w\" sizes=\"auto, (max-width: 614px) 100vw, 614px\" \/><\/a><p id=\"caption-attachment-103\" class=\"wp-caption-text\">Blick in Richtung Laubach<\/p><\/div>\n<div id=\"attachment_110\" style=\"width: 624px\" class=\"wp-caption alignnone\"><a rel=\"attachment wp-att-110\" href=\"https:\/\/willi-junker.de\/dachs\/?attachment_id=110\"><img data-recalc-dims=\"1\" loading=\"lazy\" decoding=\"async\" aria-describedby=\"caption-attachment-110\" data-attachment-id=\"110\" data-permalink=\"https:\/\/willi-junker.de\/dachs\/?attachment_id=110\" data-orig-file=\"https:\/\/i0.wp.com\/willi-junker.de\/dachs\/wp-content\/uploads\/2010\/12\/2010_12_26_3.jpg?fit=1024%2C684&amp;ssl=1\" data-orig-size=\"1024,684\" data-comments-opened=\"1\" data-image-meta=\"{&quot;aperture&quot;:&quot;2.8&quot;,&quot;credit&quot;:&quot;&quot;,&quot;camera&quot;:&quot;SP500UZ&quot;,&quot;caption&quot;:&quot;&quot;,&quot;created_timestamp&quot;:&quot;1293373402&quot;,&quot;copyright&quot;:&quot;&quot;,&quot;focal_length&quot;:&quot;6.3&quot;,&quot;iso&quot;:&quot;80&quot;,&quot;shutter_speed&quot;:&quot;0.00625&quot;,&quot;title&quot;:&quot;OLYMPUS DIGITAL CAMERA&quot;}\" data-image-title=\"An der Napoleonstanne\" data-image-description=\"\" data-image-caption=\"&lt;p&gt;An der Napoleonstanne im Ebschieder Wald&lt;\/p&gt;\n\" data-large-file=\"https:\/\/i0.wp.com\/willi-junker.de\/dachs\/wp-content\/uploads\/2010\/12\/2010_12_26_3.jpg?fit=500%2C334&amp;ssl=1\" class=\"size-full wp-image-110 \" title=\"An der Napoleonstanne\" src=\"https:\/\/i0.wp.com\/willi-junker.de\/dachs\/wp-content\/uploads\/2010\/12\/2010_12_26_3.jpg?resize=614%2C410&#038;ssl=1\" alt=\"An der Napoleonstanne\" width=\"614\" height=\"410\" srcset=\"https:\/\/i0.wp.com\/willi-junker.de\/dachs\/wp-content\/uploads\/2010\/12\/2010_12_26_3.jpg?w=1024&amp;ssl=1 1024w, https:\/\/i0.wp.com\/willi-junker.de\/dachs\/wp-content\/uploads\/2010\/12\/2010_12_26_3.jpg?resize=300%2C200&amp;ssl=1 300w\" sizes=\"auto, (max-width: 614px) 100vw, 614px\" \/><\/a><p id=\"caption-attachment-110\" class=\"wp-caption-text\">An der Napoleonstanne im Ebschieder Wald<\/p><\/div>\n<div id=\"attachment_115\" style=\"width: 624px\" class=\"wp-caption alignnone\"><a rel=\"attachment wp-att-115\" href=\"https:\/\/willi-junker.de\/dachs\/?attachment_id=115\"><img data-recalc-dims=\"1\" loading=\"lazy\" decoding=\"async\" aria-describedby=\"caption-attachment-115\" data-attachment-id=\"115\" data-permalink=\"https:\/\/willi-junker.de\/dachs\/?attachment_id=115\" data-orig-file=\"https:\/\/i0.wp.com\/willi-junker.de\/dachs\/wp-content\/uploads\/2010\/12\/2010_12_26_4.jpg?fit=1024%2C684&amp;ssl=1\" data-orig-size=\"1024,684\" data-comments-opened=\"1\" data-image-meta=\"{&quot;aperture&quot;:&quot;2.8&quot;,&quot;credit&quot;:&quot;&quot;,&quot;camera&quot;:&quot;SP500UZ&quot;,&quot;caption&quot;:&quot;&quot;,&quot;created_timestamp&quot;:&quot;1293376561&quot;,&quot;copyright&quot;:&quot;&quot;,&quot;focal_length&quot;:&quot;6.3&quot;,&quot;iso&quot;:&quot;80&quot;,&quot;shutter_speed&quot;:&quot;0.005&quot;,&quot;title&quot;:&quot;OLYMPUS DIGITAL CAMERA&quot;}\" data-image-title=\"Pause auf der Bubacher Stra\u00dfe\" data-image-description=\"\" data-image-caption=\"&lt;p&gt;Pause auf der Bubacher Stra\u00dfe&lt;\/p&gt;\n\" data-large-file=\"https:\/\/i0.wp.com\/willi-junker.de\/dachs\/wp-content\/uploads\/2010\/12\/2010_12_26_4.jpg?fit=500%2C334&amp;ssl=1\" class=\"size-full wp-image-115 \" title=\"Pause auf der Bubacher Stra\u00dfe\" src=\"https:\/\/i0.wp.com\/willi-junker.de\/dachs\/wp-content\/uploads\/2010\/12\/2010_12_26_4.jpg?resize=614%2C410&#038;ssl=1\" alt=\"Pause auf der Bubacher Stra\u00dfe\" width=\"614\" height=\"410\" srcset=\"https:\/\/i0.wp.com\/willi-junker.de\/dachs\/wp-content\/uploads\/2010\/12\/2010_12_26_4.jpg?w=1024&amp;ssl=1 1024w, https:\/\/i0.wp.com\/willi-junker.de\/dachs\/wp-content\/uploads\/2010\/12\/2010_12_26_4.jpg?resize=300%2C200&amp;ssl=1 300w\" sizes=\"auto, (max-width: 614px) 100vw, 614px\" \/><\/a><p id=\"caption-attachment-115\" class=\"wp-caption-text\">Pause auf der Bubacher Stra\u00dfe<\/p><\/div>\n<div id=\"attachment_116\" style=\"width: 624px\" class=\"wp-caption alignnone\"><a rel=\"attachment wp-att-116\" href=\"https:\/\/willi-junker.de\/dachs\/?attachment_id=116\"><img data-recalc-dims=\"1\" loading=\"lazy\" decoding=\"async\" aria-describedby=\"caption-attachment-116\" data-attachment-id=\"116\" data-permalink=\"https:\/\/willi-junker.de\/dachs\/?attachment_id=116\" data-orig-file=\"https:\/\/i0.wp.com\/willi-junker.de\/dachs\/wp-content\/uploads\/2010\/12\/2010_12_26_5.jpg?fit=1024%2C684&amp;ssl=1\" data-orig-size=\"1024,684\" data-comments-opened=\"1\" data-image-meta=\"{&quot;aperture&quot;:&quot;2.8&quot;,&quot;credit&quot;:&quot;&quot;,&quot;camera&quot;:&quot;SP500UZ&quot;,&quot;caption&quot;:&quot;&quot;,&quot;created_timestamp&quot;:&quot;1293376592&quot;,&quot;copyright&quot;:&quot;&quot;,&quot;focal_length&quot;:&quot;6.3&quot;,&quot;iso&quot;:&quot;80&quot;,&quot;shutter_speed&quot;:&quot;0.005&quot;,&quot;title&quot;:&quot;OLYMPUS DIGITAL CAMERA&quot;}\" data-image-title=\"Bubache Stra\u00dfe\" data-image-description=\"\" data-image-caption=\"&lt;p&gt;So sieht derzeit die L218 \/ Bubacher Stra\u00dfe aus&lt;\/p&gt;\n\" data-large-file=\"https:\/\/i0.wp.com\/willi-junker.de\/dachs\/wp-content\/uploads\/2010\/12\/2010_12_26_5.jpg?fit=500%2C334&amp;ssl=1\" class=\"size-full wp-image-116 \" title=\"Bubache Stra\u00dfe\" src=\"https:\/\/i0.wp.com\/willi-junker.de\/dachs\/wp-content\/uploads\/2010\/12\/2010_12_26_5.jpg?resize=614%2C410&#038;ssl=1\" alt=\"Bubacher Stra\u00dfe\" width=\"614\" height=\"410\" srcset=\"https:\/\/i0.wp.com\/willi-junker.de\/dachs\/wp-content\/uploads\/2010\/12\/2010_12_26_5.jpg?w=1024&amp;ssl=1 1024w, https:\/\/i0.wp.com\/willi-junker.de\/dachs\/wp-content\/uploads\/2010\/12\/2010_12_26_5.jpg?resize=300%2C200&amp;ssl=1 300w\" sizes=\"auto, (max-width: 614px) 100vw, 614px\" \/><\/a><p id=\"caption-attachment-116\" class=\"wp-caption-text\">So sieht derzeit die L218 \/ Bubacher Stra\u00dfe aus<\/p><\/div>\n","protected":false},"excerpt":{"rendered":"<p>Seit heute Mittag bin ich wieder auf den Loipen rund um Laubach. Hab auch einige Kilometer selbst neu gespurt und bin dann diese Runde ein zweites Mal gelaufen. Vor lauter Schneeschippen komme ich derzeit kaum zum Skilanglauf. 22,8 km in &hellip; <a href=\"https:\/\/willi-junker.de\/dachs\/?p=96\">Weiterlesen <span class=\"meta-nav\">&rarr;<\/span><\/a><\/p>\n","protected":false},"author":1,"featured_media":0,"comment_status":"open","ping_status":"open","sticky":false,"template":"","format":"standard","meta":{"_crdt_document":"","jetpack_post_was_ever_published":false,"_jetpack_newsletter_access":"","_jetpack_dont_email_post_to_subs":false,"_jetpack_newsletter_tier_id":0,"_jetpack_memberships_contains_paywalled_content":false,"_jetpack_memberships_contains_paid_content":false,"footnotes":"","jetpack_publicize_message":"","jetpack_publicize_feature_enabled":true,"jetpack_social_post_already_shared":false,"jetpack_social_options":{"image_generator_settings":{"template":"highway","default_image_id":0,"font":"","enabled":false},"version":2}},"categories":[3],"tags":[],"class_list":["post-96","post","type-post","status-publish","format-standard","hentry","category-touren"],"jetpack_publicize_connections":[],"jetpack_featured_media_url":"","jetpack_sharing_enabled":true,"jetpack_shortlink":"https:\/\/wp.me\/p73o9s-1y","jetpack-related-posts":[{"id":4334,"url":"https:\/\/willi-junker.de\/dachs\/?p=4334","url_meta":{"origin":96,"position":0},"title":"Allerheiligen &#8211; Wandern auf dem Saar-Hunsr\u00fcck-Steig und diversen Traumschleifen\u00a0","author":"Willi","date":"01.11.2017","format":false,"excerpt":"Bin heute Morgen bei blauem Himmel und einstelligen Temperaturen \u00fcber den Schinderhannespfad nach Kastellaun. Auf dem Marktplatz bin ich auf den Saar-Hunsr\u00fcck-Steig gesto\u00dfen. Zuerst \u00fcber die Burg und dann weiter in Richtung Uhler und Mannebach. Dann kommt nach knapp 20 km das Tor zur Traumschleife Baybachtal. Gegen 12:20 Uhr bin\u2026","rel":"","context":"In &quot;Touren&quot;","block_context":{"text":"Touren","link":"https:\/\/willi-junker.de\/dachs\/?cat=3"},"img":{"alt_text":"","src":"","width":0,"height":0},"classes":[]},{"id":714,"url":"https:\/\/willi-junker.de\/dachs\/?p=714","url_meta":{"origin":96,"position":1},"title":"18:15 Uhr &#8211; Laubach","author":"Willi","date":"17.05.2012","format":false,"excerpt":"Nach 9 Stunden und 6 Minuten hab ich Laubach wieder erreicht. Auf der Strecke zwischen Krehersh\u00e4uschen und Argenthal hatte ich ein paar Orientierungsprobleme. Den Weg durch die Glash\u00fctter Wiesen hat ein EU-Renaturierungsprojekt aufgel\u00f6st. Pl\u00f6tzlich nur noch Schlamm. Hier hab ich eine ganze Stunde verloren. Au\u00dferdem sind dort schon einige der\u2026","rel":"","context":"In &quot;Touren&quot;","block_context":{"text":"Touren","link":"https:\/\/willi-junker.de\/dachs\/?cat=3"},"img":{"alt_text":"H\u00f6henprofil","src":"https:\/\/i0.wp.com\/willi-junker.de\/dachs\/wp-content\/uploads\/2012\/05\/x_hoehenprofil-500x299.jpg?resize=350%2C200","width":350,"height":200},"classes":[]},{"id":3022,"url":"https:\/\/willi-junker.de\/dachs\/?p=3022","url_meta":{"origin":96,"position":2},"title":"IndianSummerTour des Radteams","author":"Willi","date":"25.10.2015","format":false,"excerpt":"Punkt 10:00 Uhr treffen wir uns am Gemeindehaus. Nach 10 Minuten ist die Tour eigentlich schon f\u00fcr mich vorbei. Ich habe die Kette besch\u00e4digt und rolle vom G\u00f6denrother Weg zur\u00fcck nach Laubach. Nach schnellem Radwechsel geht es um 10:30 Uhr wieder los. Ich nehme den direkten Weg in Richtung Rheinb\u00f6llen\u2026","rel":"","context":"In &quot;Touren&quot;","block_context":{"text":"Touren","link":"https:\/\/willi-junker.de\/dachs\/?cat=3"},"img":{"alt_text":"","src":"","width":0,"height":0},"classes":[]},{"id":1235,"url":"https:\/\/willi-junker.de\/dachs\/?p=1235","url_meta":{"origin":96,"position":3},"title":"Wolkenstein","author":"Willi","date":"13.07.2013","format":false,"excerpt":"Ich bin gestern Abend um 21:15 Uhr in Laubach losgefahren und heute Morgen p\u00fcnktlich um 8:00 Uhr zum Fr\u00fchst\u00fcck in Wolkenstein eingetroffen. Nach dem Fr\u00fchst\u00fcck ging es dann schnell zum Bus, der um 09:22 Uhr in Richtung Corvara startet. In Corvara ist dann Umsteigen angesagt nach Bruneck. Dort umsteigen in\u2026","rel":"","context":"In &quot;Touren&quot;","block_context":{"text":"Touren","link":"https:\/\/willi-junker.de\/dachs\/?cat=3"},"img":{"alt_text":"","src":"","width":0,"height":0},"classes":[]},{"id":5078,"url":"https:\/\/willi-junker.de\/dachs\/?p=5078","url_meta":{"origin":96,"position":4},"title":"Skilanglauftour in Richtung Rhein","author":"Willi","date":"02.02.2019","format":false,"excerpt":"Heute geht es mal in eine andere Richtung mit den Skiern als bisher. Der Schnee ist ziemlich feucht. Es ist leicht \u00fcber null und Nebeln\u00e4sse bringt zus\u00e4tzliche Feuchte. Der Schnee ist sehr schnell. Wenn er aber zu dick liegt, wird es schnell anstrengend. Ich verlasse Laubach in Richtung Bubach. Bis\u2026","rel":"","context":"In &quot;Touren&quot;","block_context":{"text":"Touren","link":"https:\/\/willi-junker.de\/dachs\/?cat=3"},"img":{"alt_text":"","src":"https:\/\/i0.wp.com\/willi-junker.de\/dachs\/wp-content\/uploads\/2019\/02\/20190202_091813-1153682402.jpg?resize=350%2C200","width":350,"height":200,"srcset":"https:\/\/i0.wp.com\/willi-junker.de\/dachs\/wp-content\/uploads\/2019\/02\/20190202_091813-1153682402.jpg?resize=350%2C200 1x, https:\/\/i0.wp.com\/willi-junker.de\/dachs\/wp-content\/uploads\/2019\/02\/20190202_091813-1153682402.jpg?resize=525%2C300 1.5x, https:\/\/i0.wp.com\/willi-junker.de\/dachs\/wp-content\/uploads\/2019\/02\/20190202_091813-1153682402.jpg?resize=700%2C400 2x, https:\/\/i0.wp.com\/willi-junker.de\/dachs\/wp-content\/uploads\/2019\/02\/20190202_091813-1153682402.jpg?resize=1050%2C600 3x, https:\/\/i0.wp.com\/willi-junker.de\/dachs\/wp-content\/uploads\/2019\/02\/20190202_091813-1153682402.jpg?resize=1400%2C800 4x"},"classes":[]},{"id":4324,"url":"https:\/\/willi-junker.de\/dachs\/?p=4324","url_meta":{"origin":96,"position":5},"title":"Tag 15 &#8211; Juac\u00a0","author":"Willi","date":"02.08.2017","format":false,"excerpt":"Heute habe ich etwas l\u00e4nger gefr\u00fchst\u00fcckt und alles \u00dcberf\u00fcssige ins Auto verpackt, den Rucksack genommen und den Weg hoch zur Juac-H\u00fctte eingeschlagen. Dort bin ich um ca. 11:00 Uhr. Bis ca. 14 Uhr bleibe ich auf der H\u00fctte, dann geht es den gleichen Weg wieder bergab. Unten in der Pension\u2026","rel":"","context":"In &quot;Touren&quot;","block_context":{"text":"Touren","link":"https:\/\/willi-junker.de\/dachs\/?cat=3"},"img":{"alt_text":"","src":"https:\/\/i0.wp.com\/willi-junker.de\/dachs\/wp-content\/uploads\/2017\/08\/wp-image-2126899182.jpg?resize=350%2C200","width":350,"height":200,"srcset":"https:\/\/i0.wp.com\/willi-junker.de\/dachs\/wp-content\/uploads\/2017\/08\/wp-image-2126899182.jpg?resize=350%2C200 1x, https:\/\/i0.wp.com\/willi-junker.de\/dachs\/wp-content\/uploads\/2017\/08\/wp-image-2126899182.jpg?resize=525%2C300 1.5x, https:\/\/i0.wp.com\/willi-junker.de\/dachs\/wp-content\/uploads\/2017\/08\/wp-image-2126899182.jpg?resize=700%2C400 2x, https:\/\/i0.wp.com\/willi-junker.de\/dachs\/wp-content\/uploads\/2017\/08\/wp-image-2126899182.jpg?resize=1050%2C600 3x, https:\/\/i0.wp.com\/willi-junker.de\/dachs\/wp-content\/uploads\/2017\/08\/wp-image-2126899182.jpg?resize=1400%2C800 4x"},"classes":[]}],"_links":{"self":[{"href":"https:\/\/willi-junker.de\/dachs\/index.php?rest_route=\/wp\/v2\/posts\/96","targetHints":{"allow":["GET"]}}],"collection":[{"href":"https:\/\/willi-junker.de\/dachs\/index.php?rest_route=\/wp\/v2\/posts"}],"about":[{"href":"https:\/\/willi-junker.de\/dachs\/index.php?rest_route=\/wp\/v2\/types\/post"}],"author":[{"embeddable":true,"href":"https:\/\/willi-junker.de\/dachs\/index.php?rest_route=\/wp\/v2\/users\/1"}],"replies":[{"embeddable":true,"href":"https:\/\/willi-junker.de\/dachs\/index.php?rest_route=%2Fwp%2Fv2%2Fcomments&post=96"}],"version-history":[{"count":23,"href":"https:\/\/willi-junker.de\/dachs\/index.php?rest_route=\/wp\/v2\/posts\/96\/revisions"}],"predecessor-version":[{"id":100,"href":"https:\/\/willi-junker.de\/dachs\/index.php?rest_route=\/wp\/v2\/posts\/96\/revisions\/100"}],"wp:attachment":[{"href":"https:\/\/willi-junker.de\/dachs\/index.php?rest_route=%2Fwp%2Fv2%2Fmedia&parent=96"}],"wp:term":[{"taxonomy":"category","embeddable":true,"href":"https:\/\/willi-junker.de\/dachs\/index.php?rest_route=%2Fwp%2Fv2%2Fcategories&post=96"},{"taxonomy":"post_tag","embeddable":true,"href":"https:\/\/willi-junker.de\/dachs\/index.php?rest_route=%2Fwp%2Fv2%2Ftags&post=96"}],"curies":[{"name":"wp","href":"https:\/\/api.w.org\/{rel}","templated":true}]}}