{"id":958,"date":"2012-07-05T16:15:49","date_gmt":"2012-07-05T15:15:49","guid":{"rendered":"http:\/\/willi-junker.de\/dachs\/?p=958"},"modified":"2012-07-05T20:48:16","modified_gmt":"2012-07-05T19:48:16","slug":"huttenpunkte-sammeln","status":"publish","type":"post","link":"https:\/\/willi-junker.de\/dachs\/?p=958","title":{"rendered":"H\u00fcttenpunkte sammeln"},"content":{"rendered":"<p><a href=\"https:\/\/i0.wp.com\/willi-junker.de\/dachs\/wp-content\/uploads\/2012\/07\/wpid-IMAG11701.jpg?ssl=1\"><img data-recalc-dims=\"1\" decoding=\"async\" title=\"IMAG1170.jpg\" class=\"alignnone\" alt=\"image\" src=\"https:\/\/i0.wp.com\/willi-junker.de\/dachs\/wp-content\/uploads\/2012\/07\/wpid-IMAG1170.jpg?w=640&#038;ssl=1\" \/><\/a> <\/p>\n<p>Heute fahren wir zuerst mit der Ciampinoi auf. Dann geht es \u00fcber die Comici zum Sellapass und weiter in die Langkofelscharte zur Demetzh\u00fctte. Von dort abw\u00e4rts durch die Langkofelscharte zur Langkofelh\u00fctte. Dann querend zur Plattkofelh\u00fctte, Murmeltierh\u00fctte, Zallinger, Williams, Tirlerh\u00fctte. Weiter geht es \u00fcber den Zallinger, Monte Pana und La Selva nach Wolkenstein. Ein tagesf\u00fcllendes Programm. Trotz zweier Lifte kommen da gut 30km zu Fu\u00df zusammem. Einige Male sind wir durch Regenschauer und leichte Gewitter etwas in unserem Tatendrang gebremst worden.<\/p>\n<p>An der Pension sind wir gegen 20:45 Uhr.<\/p>\n","protected":false},"excerpt":{"rendered":"<p>Heute fahren wir zuerst mit der Ciampinoi auf. Dann geht es \u00fcber die Comici zum Sellapass und weiter in die Langkofelscharte zur Demetzh\u00fctte. Von dort abw\u00e4rts durch die Langkofelscharte zur Langkofelh\u00fctte. Dann querend zur Plattkofelh\u00fctte, Murmeltierh\u00fctte, Zallinger, Williams, Tirlerh\u00fctte. Weiter &hellip; <a href=\"https:\/\/willi-junker.de\/dachs\/?p=958\">Weiterlesen <span class=\"meta-nav\">&rarr;<\/span><\/a><\/p>\n","protected":false},"author":1,"featured_media":0,"comment_status":"open","ping_status":"open","sticky":false,"template":"","format":"standard","meta":{"_crdt_document":"","jetpack_post_was_ever_published":false,"_jetpack_newsletter_access":"","_jetpack_dont_email_post_to_subs":false,"_jetpack_newsletter_tier_id":0,"_jetpack_memberships_contains_paywalled_content":false,"_jetpack_memberships_contains_paid_content":false,"footnotes":"","jetpack_publicize_message":"","jetpack_publicize_feature_enabled":true,"jetpack_social_post_already_shared":false,"jetpack_social_options":{"image_generator_settings":{"template":"highway","default_image_id":0,"font":"","enabled":false},"version":2}},"categories":[3],"tags":[],"class_list":["post-958","post","type-post","status-publish","format-standard","hentry","category-touren"],"jetpack_publicize_connections":[],"jetpack_featured_media_url":"","jetpack_sharing_enabled":true,"jetpack_shortlink":"https:\/\/wp.me\/p73o9s-fs","jetpack-related-posts":[{"id":975,"url":"https:\/\/willi-junker.de\/dachs\/?p=975","url_meta":{"origin":958,"position":0},"title":"Puezh\u00fctte und \u00dcbersteigung Col de la Pieres","author":"Willi","date":"07.07.2012","format":false,"excerpt":"Heute haben wir nochmals eine richtig gro\u00dfe Runde gemacht. Mit dem Lift ging es hoch auf das Gr\u00f6dner Joch. Ab dann den Rest zu Fu\u00df. Kurz nach 10:00 Uhr sind wir an der Jimmy-H\u00fctte. Kurz dahinter ist der Einstieg in den Fernwanderweg 2. Es geht hoch zum Cirjoch und weiter\u2026","rel":"","context":"In &quot;Touren&quot;","block_context":{"text":"Touren","link":"https:\/\/willi-junker.de\/dachs\/?cat=3"},"img":{"alt_text":"","src":"","width":0,"height":0},"classes":[]},{"id":3997,"url":"https:\/\/willi-junker.de\/dachs\/?p=3997","url_meta":{"origin":958,"position":1},"title":"Testwanderung f\u00fcr die 24 Stunden von Rheinland-Pfalz\u00a0","author":"Willi","date":"21.05.2017","format":false,"excerpt":"Heute um 7 Uhr treffen wir uns mit 10 Personen am Ortsausgang von Laubach. Es geht \u00fcber G\u00f6denroth und Frankweiler nach Heyweiler und von dort in die Baybachklamm zur Schmausem\u00fchle. In der Schmausem\u00fchle wird gegen 11 Uhr eine kurze St\u00e4rkung eingenommen, dann geht es weiter die Klamm aufw\u00e4rts in Richtung\u2026","rel":"","context":"In &quot;Touren&quot;","block_context":{"text":"Touren","link":"https:\/\/willi-junker.de\/dachs\/?cat=3"},"img":{"alt_text":"","src":"https:\/\/i0.wp.com\/willi-junker.de\/dachs\/wp-content\/uploads\/2017\/06\/5262017233733.jpg?resize=350%2C200","width":350,"height":200,"srcset":"https:\/\/i0.wp.com\/willi-junker.de\/dachs\/wp-content\/uploads\/2017\/06\/5262017233733.jpg?resize=350%2C200 1x, https:\/\/i0.wp.com\/willi-junker.de\/dachs\/wp-content\/uploads\/2017\/06\/5262017233733.jpg?resize=525%2C300 1.5x, https:\/\/i0.wp.com\/willi-junker.de\/dachs\/wp-content\/uploads\/2017\/06\/5262017233733.jpg?resize=700%2C400 2x, https:\/\/i0.wp.com\/willi-junker.de\/dachs\/wp-content\/uploads\/2017\/06\/5262017233733.jpg?resize=1050%2C600 3x, https:\/\/i0.wp.com\/willi-junker.de\/dachs\/wp-content\/uploads\/2017\/06\/5262017233733.jpg?resize=1400%2C800 4x"},"classes":[]},{"id":4749,"url":"https:\/\/willi-junker.de\/dachs\/?p=4749","url_meta":{"origin":958,"position":2},"title":"Tag 1 &#8211; Radtour Radteam TuS Laubach","author":"Willi","date":"01.09.2018","format":false,"excerpt":"Heute Morgen sind wir um 9 Uhr am Gemeindehaus los geradelt. \u00dcber Laudert, Perscheid und Langscheid geht es hinab nach Oberwesel. Am Marktplatz, an der B\u00e4ckerei, gibt es Fr\u00fchst\u00fcck. Dann geht es weiter zur Kauber F\u00e4hre und auf rechtsrheiniger Seite bis nach Lorch. In Lorch endet das Wispertal. Diesem folgen\u2026","rel":"","context":"In &quot;Touren&quot;","block_context":{"text":"Touren","link":"https:\/\/willi-junker.de\/dachs\/?cat=3"},"img":{"alt_text":"","src":"https:\/\/i0.wp.com\/willi-junker.de\/dachs\/wp-content\/uploads\/2018\/09\/20180901_191148.jpg?fit=1200%2C675&ssl=1&resize=350%2C200","width":350,"height":200,"srcset":"https:\/\/i0.wp.com\/willi-junker.de\/dachs\/wp-content\/uploads\/2018\/09\/20180901_191148.jpg?fit=1200%2C675&ssl=1&resize=350%2C200 1x, https:\/\/i0.wp.com\/willi-junker.de\/dachs\/wp-content\/uploads\/2018\/09\/20180901_191148.jpg?fit=1200%2C675&ssl=1&resize=525%2C300 1.5x, https:\/\/i0.wp.com\/willi-junker.de\/dachs\/wp-content\/uploads\/2018\/09\/20180901_191148.jpg?fit=1200%2C675&ssl=1&resize=700%2C400 2x, https:\/\/i0.wp.com\/willi-junker.de\/dachs\/wp-content\/uploads\/2018\/09\/20180901_191148.jpg?fit=1200%2C675&ssl=1&resize=1050%2C600 3x"},"classes":[]},{"id":4627,"url":"https:\/\/willi-junker.de\/dachs\/?p=4627","url_meta":{"origin":958,"position":3},"title":"Tag 8 &#8211; Radtour zum Laubachtreffen im Elsass","author":"Willi","date":"02.07.2018","format":false,"excerpt":"Punkt acht gibt es Fr\u00fchst\u00fcck und um neun sitzen wir auf den R\u00e4dern. Heute haben wir ein paar Kilometer vor uns. N\u00f6rdlich von Hinterweidenthal geht es in ein ruhiges Tal. Nach einigen Kilometern wird der Scheitelpunkt erreicht. Um nicht allzu viele H\u00f6henmeter zu verlieren, nutzen wir auch kurzzeitig einen Wanderweg.\u2026","rel":"","context":"In &quot;Touren&quot;","block_context":{"text":"Touren","link":"https:\/\/willi-junker.de\/dachs\/?cat=3"},"img":{"alt_text":"","src":"https:\/\/i0.wp.com\/willi-junker.de\/dachs\/wp-content\/uploads\/2018\/07\/20180702_105421-2066327141.jpg?resize=350%2C200","width":350,"height":200,"srcset":"https:\/\/i0.wp.com\/willi-junker.de\/dachs\/wp-content\/uploads\/2018\/07\/20180702_105421-2066327141.jpg?resize=350%2C200 1x, https:\/\/i0.wp.com\/willi-junker.de\/dachs\/wp-content\/uploads\/2018\/07\/20180702_105421-2066327141.jpg?resize=525%2C300 1.5x, https:\/\/i0.wp.com\/willi-junker.de\/dachs\/wp-content\/uploads\/2018\/07\/20180702_105421-2066327141.jpg?resize=700%2C400 2x, https:\/\/i0.wp.com\/willi-junker.de\/dachs\/wp-content\/uploads\/2018\/07\/20180702_105421-2066327141.jpg?resize=1050%2C600 3x, https:\/\/i0.wp.com\/willi-junker.de\/dachs\/wp-content\/uploads\/2018\/07\/20180702_105421-2066327141.jpg?resize=1400%2C800 4x"},"classes":[]},{"id":5319,"url":"https:\/\/willi-junker.de\/dachs\/?p=5319","url_meta":{"origin":958,"position":4},"title":"Wolkenstein \/ Seceda","author":"Willi","date":"27.10.2019","format":false,"excerpt":"Nach dem Fr\u00fchst\u00fcck geht es ins Gr\u00f6dnertal. Das Wetter ist unglaublich gut. Weit und breit kein W\u00f6lkchen zu sehen. Vom Parkplatz der Dantercepi\u00ebs geht es in Richtung Langental. Dann \u00fcber den Kreuzweg bis nach Daunei und von dort hoch zur Juac-H\u00fctte. Da wir uns komplett au\u00dferhalb der Saison befinden, ist\u2026","rel":"","context":"In &quot;Touren&quot;","block_context":{"text":"Touren","link":"https:\/\/willi-junker.de\/dachs\/?cat=3"},"img":{"alt_text":"","src":"https:\/\/i0.wp.com\/willi-junker.de\/dachs\/wp-content\/uploads\/2019\/10\/20191027_1124451139096172.jpg?resize=350%2C200&ssl=1","width":350,"height":200,"srcset":"https:\/\/i0.wp.com\/willi-junker.de\/dachs\/wp-content\/uploads\/2019\/10\/20191027_1124451139096172.jpg?resize=350%2C200&ssl=1 1x, https:\/\/i0.wp.com\/willi-junker.de\/dachs\/wp-content\/uploads\/2019\/10\/20191027_1124451139096172.jpg?resize=525%2C300&ssl=1 1.5x, https:\/\/i0.wp.com\/willi-junker.de\/dachs\/wp-content\/uploads\/2019\/10\/20191027_1124451139096172.jpg?resize=700%2C400&ssl=1 2x, https:\/\/i0.wp.com\/willi-junker.de\/dachs\/wp-content\/uploads\/2019\/10\/20191027_1124451139096172.jpg?resize=1050%2C600&ssl=1 3x, https:\/\/i0.wp.com\/willi-junker.de\/dachs\/wp-content\/uploads\/2019\/10\/20191027_1124451139096172.jpg?resize=1400%2C800&ssl=1 4x"},"classes":[]},{"id":3256,"url":"https:\/\/willi-junker.de\/dachs\/?p=3256","url_meta":{"origin":958,"position":5},"title":"Durch Hunsr\u00fccker T\u00e4ler und seine Hochfl\u00e4chen","author":"Willi","date":"17.04.2016","format":false,"excerpt":"Am Sonntagmorgen geht es am Ortsausgang von Laubach in Richtung Kastellaun los. 7 Wanderer treffen sich dort um 7:00 Uhr bei letzten Regentropfen. Es hat die ganze Nacht kr\u00e4ftig geregnet. Wir folgen dem Schinderhannespfad bis nach Kastellaun und von dort geht es auf dem Saar-Hunsr\u00fcck-Steig weiter. \u00dcber den Diellaysteig steigen\u2026","rel":"","context":"In &quot;Touren&quot;","block_context":{"text":"Touren","link":"https:\/\/willi-junker.de\/dachs\/?cat=3"},"img":{"alt_text":"image","src":"https:\/\/i0.wp.com\/willi-junker.de\/dachs\/wp-content\/uploads\/2016\/04\/20160417_085921-1920x1080.jpg?resize=350%2C200","width":350,"height":200,"srcset":"https:\/\/i0.wp.com\/willi-junker.de\/dachs\/wp-content\/uploads\/2016\/04\/20160417_085921-1920x1080.jpg?resize=350%2C200 1x, https:\/\/i0.wp.com\/willi-junker.de\/dachs\/wp-content\/uploads\/2016\/04\/20160417_085921-1920x1080.jpg?resize=525%2C300 1.5x, https:\/\/i0.wp.com\/willi-junker.de\/dachs\/wp-content\/uploads\/2016\/04\/20160417_085921-1920x1080.jpg?resize=700%2C400 2x, https:\/\/i0.wp.com\/willi-junker.de\/dachs\/wp-content\/uploads\/2016\/04\/20160417_085921-1920x1080.jpg?resize=1050%2C600 3x, https:\/\/i0.wp.com\/willi-junker.de\/dachs\/wp-content\/uploads\/2016\/04\/20160417_085921-1920x1080.jpg?resize=1400%2C800 4x"},"classes":[]}],"_links":{"self":[{"href":"https:\/\/willi-junker.de\/dachs\/index.php?rest_route=\/wp\/v2\/posts\/958","targetHints":{"allow":["GET"]}}],"collection":[{"href":"https:\/\/willi-junker.de\/dachs\/index.php?rest_route=\/wp\/v2\/posts"}],"about":[{"href":"https:\/\/willi-junker.de\/dachs\/index.php?rest_route=\/wp\/v2\/types\/post"}],"author":[{"embeddable":true,"href":"https:\/\/willi-junker.de\/dachs\/index.php?rest_route=\/wp\/v2\/users\/1"}],"replies":[{"embeddable":true,"href":"https:\/\/willi-junker.de\/dachs\/index.php?rest_route=%2Fwp%2Fv2%2Fcomments&post=958"}],"version-history":[{"count":2,"href":"https:\/\/willi-junker.de\/dachs\/index.php?rest_route=\/wp\/v2\/posts\/958\/revisions"}],"predecessor-version":[{"id":962,"href":"https:\/\/willi-junker.de\/dachs\/index.php?rest_route=\/wp\/v2\/posts\/958\/revisions\/962"}],"wp:attachment":[{"href":"https:\/\/willi-junker.de\/dachs\/index.php?rest_route=%2Fwp%2Fv2%2Fmedia&parent=958"}],"wp:term":[{"taxonomy":"category","embeddable":true,"href":"https:\/\/willi-junker.de\/dachs\/index.php?rest_route=%2Fwp%2Fv2%2Fcategories&post=958"},{"taxonomy":"post_tag","embeddable":true,"href":"https:\/\/willi-junker.de\/dachs\/index.php?rest_route=%2Fwp%2Fv2%2Ftags&post=958"}],"curies":[{"name":"wp","href":"https:\/\/api.w.org\/{rel}","templated":true}]}}