{"id":943,"date":"2012-07-04T09:00:00","date_gmt":"2012-07-04T08:00:00","guid":{"rendered":"http:\/\/willi-junker.de\/dachs\/?p=943"},"modified":"2012-07-04T22:37:21","modified_gmt":"2012-07-04T21:37:21","slug":"1000-peitlerscharte","status":"publish","type":"post","link":"https:\/\/willi-junker.de\/dachs\/?p=943","title":{"rendered":"10:00 Peitlerscharte"},"content":{"rendered":"<p><a href=\"https:\/\/i0.wp.com\/willi-junker.de\/dachs\/wp-content\/uploads\/2012\/07\/wpid-IMAG11501.jpg?ssl=1\"><img data-recalc-dims=\"1\" decoding=\"async\" title=\"IMAG1150.jpg\" class=\"alignnone\" alt=\"image\" src=\"https:\/\/i0.wp.com\/willi-junker.de\/dachs\/wp-content\/uploads\/2012\/07\/wpid-IMAG1150.jpg?w=640&#038;ssl=1\" \/><\/a> <\/p>\n<p>Bin um 08:30 Uhr zur letzten Etappe gestartet. Es geht gleich zu Beginn des Tages wieder los mit der Steigung. Es ist die Peitlerscharte zu erklimmen, ca. 500 H\u00f6henmeter.<\/p>\n","protected":false},"excerpt":{"rendered":"<p>Bin um 08:30 Uhr zur letzten Etappe gestartet. Es geht gleich zu Beginn des Tages wieder los mit der Steigung. Es ist die Peitlerscharte zu erklimmen, ca. 500 H\u00f6henmeter.<\/p>\n","protected":false},"author":1,"featured_media":0,"comment_status":"open","ping_status":"open","sticky":false,"template":"","format":"standard","meta":{"_crdt_document":"","jetpack_post_was_ever_published":false,"_jetpack_newsletter_access":"","_jetpack_dont_email_post_to_subs":false,"_jetpack_newsletter_tier_id":0,"_jetpack_memberships_contains_paywalled_content":false,"_jetpack_memberships_contains_paid_content":false,"footnotes":"","jetpack_publicize_message":"","jetpack_publicize_feature_enabled":true,"jetpack_social_post_already_shared":false,"jetpack_social_options":{"image_generator_settings":{"template":"highway","default_image_id":0,"font":"","enabled":false},"version":2}},"categories":[3],"tags":[],"class_list":["post-943","post","type-post","status-publish","format-standard","hentry","category-touren"],"jetpack_publicize_connections":[],"jetpack_featured_media_url":"","jetpack_sharing_enabled":true,"jetpack_shortlink":"https:\/\/wp.me\/p73o9s-fd","jetpack-related-posts":[{"id":1292,"url":"https:\/\/willi-junker.de\/dachs\/?p=1292","url_meta":{"origin":943,"position":0},"title":"Trojen Berghaus im Dauerregen","author":"Willi","date":"18.07.2013","format":false,"excerpt":"Gegen Abend habe ich die Idee oben auf der Trojen zu Abend zu essen. Das Haus liegt wunderbar \u00fcber St. Jakob und es f\u00fchrt ein Teerweg nach oben. Also auch mit Sandalen machbar. Beim Abstieg muss ich unbedingt noch ein paar Fotos machen. Das Essen ist super und die Wirtsleute\u2026","rel":"","context":"In &quot;Touren&quot;","block_context":{"text":"Touren","link":"https:\/\/willi-junker.de\/dachs\/?cat=3"},"img":{"alt_text":"","src":"","width":0,"height":0},"classes":[]},{"id":5619,"url":"https:\/\/willi-junker.de\/dachs\/?p=5619","url_meta":{"origin":943,"position":1},"title":"Wintertour TuS Laubach &#8211; Tag 1 &#8211; Kromplatz","author":"Willi","date":"11.12.2023","format":false,"excerpt":"Nach fast dreij\u00e4hriger Pause sind wir wieder im Hotel Weiher am Kornplatz. Am fr\u00fchen Morgen des 10.12.2023 starten wir mit dem Bus in Richtung S\u00fcdtirol. Nachmittags erreichbar wir das Hotel und lassen den Tag mit einem Empfang und einem vorz\u00fcglichen Abendessen, ausklingen. Heute Morgen geht es dann direkt ins Skigebiet.\u2026","rel":"","context":"In &quot;Touren&quot;","block_context":{"text":"Touren","link":"https:\/\/willi-junker.de\/dachs\/?cat=3"},"img":{"alt_text":"","src":"https:\/\/i0.wp.com\/willi-junker.de\/dachs\/wp-content\/uploads\/2023\/12\/img_20231211_1024186988850264422363767-scaled.jpg?resize=350%2C200&ssl=1","width":350,"height":200,"srcset":"https:\/\/i0.wp.com\/willi-junker.de\/dachs\/wp-content\/uploads\/2023\/12\/img_20231211_1024186988850264422363767-scaled.jpg?resize=350%2C200&ssl=1 1x, https:\/\/i0.wp.com\/willi-junker.de\/dachs\/wp-content\/uploads\/2023\/12\/img_20231211_1024186988850264422363767-scaled.jpg?resize=525%2C300&ssl=1 1.5x, https:\/\/i0.wp.com\/willi-junker.de\/dachs\/wp-content\/uploads\/2023\/12\/img_20231211_1024186988850264422363767-scaled.jpg?resize=700%2C400&ssl=1 2x, https:\/\/i0.wp.com\/willi-junker.de\/dachs\/wp-content\/uploads\/2023\/12\/img_20231211_1024186988850264422363767-scaled.jpg?resize=1050%2C600&ssl=1 3x, https:\/\/i0.wp.com\/willi-junker.de\/dachs\/wp-content\/uploads\/2023\/12\/img_20231211_1024186988850264422363767-scaled.jpg?resize=1400%2C800&ssl=1 4x"},"classes":[]},{"id":968,"url":"https:\/\/willi-junker.de\/dachs\/?p=968","url_meta":{"origin":943,"position":2},"title":"Tagesabschluss auf der Sangon-H\u00fctte","author":"Willi","date":"06.07.2012","format":false,"excerpt":"Nach dem Besuch der Seiser Alm fahren wir mit dem Lift zur\u00fcck nach St. Ulrich, mit dem Bus nach St. Christina und laufen dann hoch zur Talstation der Col Raiser-Bahn. An der Bergstation kommen wir gegen 17:10 Uhr an. Dann geht es im Laufschritt abw\u00e4rts zur Sangon-H\u00fctte. Es beginnt wieder\u2026","rel":"","context":"In &quot;Touren&quot;","block_context":{"text":"Touren","link":"https:\/\/willi-junker.de\/dachs\/?cat=3"},"img":{"alt_text":"","src":"","width":0,"height":0},"classes":[]},{"id":5592,"url":"https:\/\/willi-junker.de\/dachs\/?p=5592","url_meta":{"origin":943,"position":3},"title":"Tour de Selz &#8211; etwas erweitert","author":"Willi","date":"23.07.2022","format":false,"excerpt":"Am heutigen Samstag starte ich um kurz nach sieben Uhr mit dem Fahrrad in Laubach. Es geht \u00fcber den Schinderhannesradweg in Alterk\u00fclz bis nach Tiefenbach. Dann auf die Landstra\u00dfe \u00fcber den Soonwald bis nach Waldb\u00f6ckelheim und weiter nach Boos und zur Nahe. Kurz darauf erreiche ich den Glan, den ich\u2026","rel":"","context":"In &quot;Touren&quot;","block_context":{"text":"Touren","link":"https:\/\/willi-junker.de\/dachs\/?cat=3"},"img":{"alt_text":"","src":"https:\/\/i0.wp.com\/willi-junker.de\/dachs\/wp-content\/uploads\/2022\/07\/img_20220723_101359_195388790826312818-scaled.jpg?resize=350%2C200&ssl=1","width":350,"height":200,"srcset":"https:\/\/i0.wp.com\/willi-junker.de\/dachs\/wp-content\/uploads\/2022\/07\/img_20220723_101359_195388790826312818-scaled.jpg?resize=350%2C200&ssl=1 1x, https:\/\/i0.wp.com\/willi-junker.de\/dachs\/wp-content\/uploads\/2022\/07\/img_20220723_101359_195388790826312818-scaled.jpg?resize=525%2C300&ssl=1 1.5x, https:\/\/i0.wp.com\/willi-junker.de\/dachs\/wp-content\/uploads\/2022\/07\/img_20220723_101359_195388790826312818-scaled.jpg?resize=700%2C400&ssl=1 2x, https:\/\/i0.wp.com\/willi-junker.de\/dachs\/wp-content\/uploads\/2022\/07\/img_20220723_101359_195388790826312818-scaled.jpg?resize=1050%2C600&ssl=1 3x, https:\/\/i0.wp.com\/willi-junker.de\/dachs\/wp-content\/uploads\/2022\/07\/img_20220723_101359_195388790826312818-scaled.jpg?resize=1400%2C800&ssl=1 4x"},"classes":[]},{"id":2658,"url":"https:\/\/willi-junker.de\/dachs\/?p=2658","url_meta":{"origin":943,"position":4},"title":"11:30 Uhr &#8211; Flexenpass","author":"Willi","date":"23.08.2015","format":false,"excerpt":"War eben in Z\u00fcrs. Da ist alles zu - unglaublich. Der Weg hier hoch war recht sch\u00f6n. Mit der Passstra\u00dfe hat man so gut wie nichts zu tun. Jetzt geht es zur Alpe Rauz weiter.","rel":"","context":"In &quot;Touren&quot;","block_context":{"text":"Touren","link":"https:\/\/willi-junker.de\/dachs\/?cat=3"},"img":{"alt_text":"","src":"","width":0,"height":0},"classes":[]},{"id":3038,"url":"https:\/\/willi-junker.de\/dachs\/?p=3038","url_meta":{"origin":943,"position":5},"title":"08:00 Boppard &#8211; Zu Fu\u00df zur\u00fcck in den Hunsr\u00fcck","author":"Willi","date":"08.11.2015","format":false,"excerpt":"Ich stehe in Boppard am Rhein. Die Sonne ist gerade aufgegangen. Von hier laufe ich zu Fu\u00df bis nach Laubach. D\u00fcrfte in etwa eine Marathondistanz bei rauskommen. Das Wetter ist toll. Im Rheintal wabert noch leicht der Nebel. Auf Hunsr\u00fcck- und Taunush\u00f6hen ist es sonnig.","rel":"","context":"In &quot;Touren&quot;","block_context":{"text":"Touren","link":"https:\/\/willi-junker.de\/dachs\/?cat=3"},"img":{"alt_text":"","src":"","width":0,"height":0},"classes":[]}],"_links":{"self":[{"href":"https:\/\/willi-junker.de\/dachs\/index.php?rest_route=\/wp\/v2\/posts\/943","targetHints":{"allow":["GET"]}}],"collection":[{"href":"https:\/\/willi-junker.de\/dachs\/index.php?rest_route=\/wp\/v2\/posts"}],"about":[{"href":"https:\/\/willi-junker.de\/dachs\/index.php?rest_route=\/wp\/v2\/types\/post"}],"author":[{"embeddable":true,"href":"https:\/\/willi-junker.de\/dachs\/index.php?rest_route=\/wp\/v2\/users\/1"}],"replies":[{"embeddable":true,"href":"https:\/\/willi-junker.de\/dachs\/index.php?rest_route=%2Fwp%2Fv2%2Fcomments&post=943"}],"version-history":[{"count":2,"href":"https:\/\/willi-junker.de\/dachs\/index.php?rest_route=\/wp\/v2\/posts\/943\/revisions"}],"predecessor-version":[{"id":957,"href":"https:\/\/willi-junker.de\/dachs\/index.php?rest_route=\/wp\/v2\/posts\/943\/revisions\/957"}],"wp:attachment":[{"href":"https:\/\/willi-junker.de\/dachs\/index.php?rest_route=%2Fwp%2Fv2%2Fmedia&parent=943"}],"wp:term":[{"taxonomy":"category","embeddable":true,"href":"https:\/\/willi-junker.de\/dachs\/index.php?rest_route=%2Fwp%2Fv2%2Fcategories&post=943"},{"taxonomy":"post_tag","embeddable":true,"href":"https:\/\/willi-junker.de\/dachs\/index.php?rest_route=%2Fwp%2Fv2%2Ftags&post=943"}],"curies":[{"name":"wp","href":"https:\/\/api.w.org\/{rel}","templated":true}]}}