{"id":876,"date":"2012-06-27T19:00:00","date_gmt":"2012-06-27T18:00:00","guid":{"rendered":"http:\/\/willi-junker.de\/dachs\/?p=876"},"modified":"2012-10-07T09:56:09","modified_gmt":"2012-10-07T08:56:09","slug":"1700-uhr-krimmler-tauernhaus","status":"publish","type":"post","link":"https:\/\/willi-junker.de\/dachs\/?p=876","title":{"rendered":"17:00 Uhr &#8211; Krimmler Tauernhaus"},"content":{"rendered":"<p><a href=\"https:\/\/i0.wp.com\/willi-junker.de\/dachs\/wp-content\/uploads\/2012\/06\/wpid-IMAG11072.jpg?ssl=1\"><img data-recalc-dims=\"1\" decoding=\"async\" class=\"alignnone\" title=\"IMAG1107.jpg\" src=\"https:\/\/i0.wp.com\/willi-junker.de\/dachs\/wp-content\/uploads\/2012\/06\/wpid-IMAG11071.jpg?w=640&#038;ssl=1\" alt=\"image\" \/><\/a><\/p>\n<p>Nach 22 km und fast 1000 H\u00f6henmetern bin ich im Krimmler Tauernhaus angelangt, einer echt urigen Bergh\u00fctte auf 1600 Metern. Bis zur Birnl\u00fccke und damit nach S\u00fcdtirol sind es noch gut 4 Stunden Wanderzeit. Hoffentlich bleibt da\u00df Wetter stabil.<\/p>\n","protected":false},"excerpt":{"rendered":"<p>Nach 22 km und fast 1000 H\u00f6henmetern bin ich im Krimmler Tauernhaus angelangt, einer echt urigen Bergh\u00fctte auf 1600 Metern. Bis zur Birnl\u00fccke und damit nach S\u00fcdtirol sind es noch gut 4 Stunden Wanderzeit. Hoffentlich bleibt da\u00df Wetter stabil.<\/p>\n","protected":false},"author":1,"featured_media":0,"comment_status":"open","ping_status":"open","sticky":false,"template":"","format":"standard","meta":{"_crdt_document":"","jetpack_post_was_ever_published":false,"_jetpack_newsletter_access":"","_jetpack_dont_email_post_to_subs":false,"_jetpack_newsletter_tier_id":0,"_jetpack_memberships_contains_paywalled_content":false,"_jetpack_memberships_contains_paid_content":false,"footnotes":"","jetpack_publicize_message":"","jetpack_publicize_feature_enabled":true,"jetpack_social_post_already_shared":false,"jetpack_social_options":{"image_generator_settings":{"template":"highway","default_image_id":0,"font":"","enabled":false},"version":2}},"categories":[3],"tags":[],"class_list":["post-876","post","type-post","status-publish","format-standard","hentry","category-touren"],"jetpack_publicize_connections":[],"jetpack_featured_media_url":"","jetpack_sharing_enabled":true,"jetpack_shortlink":"https:\/\/wp.me\/p73o9s-e8","jetpack-related-posts":[{"id":867,"url":"https:\/\/willi-junker.de\/dachs\/?p=867","url_meta":{"origin":876,"position":0},"title":"09:15 Uhr &#8211; Abmarsch vom Gasthaus Rechtegg","author":"Willi","date":"27.06.2012","format":false,"excerpt":"Halte mich sch\u00f6n auf der n\u00f6rdlichen Talseite und mache dadurch H\u00f6henmeter ohne Ende. Erreiche Krimml erst um 12:00 Uhr nach 10 km und 500 H\u00f6henmetern. Jetzt sitze ich direkt unter den F\u00e4llen und hab mir vorsorglich schon mal ein Zimmer im Krimmler Tauernhaus gebucht. Das sind noch gut 10 km\u2026","rel":"","context":"In &quot;Touren&quot;","block_context":{"text":"Touren","link":"https:\/\/willi-junker.de\/dachs\/?cat=3"},"img":{"alt_text":"","src":"","width":0,"height":0},"classes":[]},{"id":1245,"url":"https:\/\/willi-junker.de\/dachs\/?p=1245","url_meta":{"origin":876,"position":1},"title":"Alpenhauptkamm \u00fcberschritten","author":"Willi","date":"15.07.2013","format":false,"excerpt":"Um 14 Uhr stand ich im Schnee auf der Birnl\u00fccke. Der Abstieg ins Krimmler Tal gestaltete sich viel schwieriger als erwartet. Sehr steil und ausgesetzt. Zum kr\u00f6nenden Abschluss kamen dann noch 3 gr\u00f6\u00dfere Lawinen, die letzte hinab bis 1900 Meter. Eine Lawine wollte ich nicht \u00fcberqueren, da darunter ein munteres\u2026","rel":"","context":"In &quot;Touren&quot;","block_context":{"text":"Touren","link":"https:\/\/willi-junker.de\/dachs\/?cat=3"},"img":{"alt_text":"","src":"","width":0,"height":0},"classes":[]},{"id":1248,"url":"https:\/\/willi-junker.de\/dachs\/?p=1248","url_meta":{"origin":876,"position":2},"title":"Alpenhauptkamm zum 2.","author":"Willi","date":"15.07.2013","format":false,"excerpt":"Heute sind wir \u00fcber den Krimmler Tauernpass zur\u00fcck nach S\u00fcdtirol. Im Moment sitzen wir 2000m auf der Tauernalm und st\u00e4rken uns. Wetter, F\u00fc\u00dfe und Einstellung Top.","rel":"","context":"In &quot;Touren&quot;","block_context":{"text":"Touren","link":"https:\/\/willi-junker.de\/dachs\/?cat=3"},"img":{"alt_text":"","src":"","width":0,"height":0},"classes":[]},{"id":871,"url":"https:\/\/willi-junker.de\/dachs\/?p=871","url_meta":{"origin":876,"position":3},"title":"15:00 Uhr &#8211; Holzlahner Alm","author":"Willi","date":"27.06.2012","format":false,"excerpt":"Bin durch die Krimmler Wasserf\u00e4lle aufgestiegen und ne gute Stunde vor meinem Tagesziel. Den Massentourismus hab ich gl\u00fccklicherweise hinter mir gelassen. Ab jetzt wird's ruhig auf der Hochalm.","rel":"","context":"In &quot;Touren&quot;","block_context":{"text":"Touren","link":"https:\/\/willi-junker.de\/dachs\/?cat=3"},"img":{"alt_text":"","src":"","width":0,"height":0},"classes":[]},{"id":880,"url":"https:\/\/willi-junker.de\/dachs\/?p=880","url_meta":{"origin":876,"position":4},"title":"06:00 Wecken durch die Kapelle","author":"Willi","date":"28.06.2012","format":false,"excerpt":"Punkt 06:00 l\u00e4utet die Hauskapelle. Scheinbar interessiere aber nur ich mich daf\u00fcr, da ich als erstes im Speisesaal bin. Es ist f\u00fcr 29 Personen gedeckt. Gegen 07:45 verlasse ich dieses sehr gastliche Haus. Jetzt ist es auch etwas voller im Speiseraum. Ich wandere ziemlich einsam bis zum Abzeig ins Windbachtal.\u2026","rel":"","context":"In &quot;Touren&quot;","block_context":{"text":"Touren","link":"https:\/\/willi-junker.de\/dachs\/?cat=3"},"img":{"alt_text":"","src":"","width":0,"height":0},"classes":[]},{"id":2539,"url":"https:\/\/willi-junker.de\/dachs\/?p=2539","url_meta":{"origin":876,"position":5},"title":"08:00 Uhr &#8211; Start zur Erkundungstour &#8211; Radtour des Radteams 2015","author":"Willi","date":"26.07.2015","format":false,"excerpt":"Ich versuche heute die Route f\u00fcr unsere Radtour Anfang September zu erkunden. Bin von Laubach \u00fcber den Radweg nach Emmelshausen und weiter \u00fcber Halsenbach und Ney nach Windhausen. Ab hier ist die Stra\u00dfe nach Brodenbach wegen Bauarbeiten gesperrt. Hab dann auf die Eifelseite gewechselt und bin in Kobern-Gondorf hoch nach\u2026","rel":"","context":"In &quot;Touren&quot;","block_context":{"text":"Touren","link":"https:\/\/willi-junker.de\/dachs\/?cat=3"},"img":{"alt_text":"","src":"","width":0,"height":0},"classes":[]}],"_links":{"self":[{"href":"https:\/\/willi-junker.de\/dachs\/index.php?rest_route=\/wp\/v2\/posts\/876","targetHints":{"allow":["GET"]}}],"collection":[{"href":"https:\/\/willi-junker.de\/dachs\/index.php?rest_route=\/wp\/v2\/posts"}],"about":[{"href":"https:\/\/willi-junker.de\/dachs\/index.php?rest_route=\/wp\/v2\/types\/post"}],"author":[{"embeddable":true,"href":"https:\/\/willi-junker.de\/dachs\/index.php?rest_route=\/wp\/v2\/users\/1"}],"replies":[{"embeddable":true,"href":"https:\/\/willi-junker.de\/dachs\/index.php?rest_route=%2Fwp%2Fv2%2Fcomments&post=876"}],"version-history":[{"count":3,"href":"https:\/\/willi-junker.de\/dachs\/index.php?rest_route=\/wp\/v2\/posts\/876\/revisions"}],"predecessor-version":[{"id":1046,"href":"https:\/\/willi-junker.de\/dachs\/index.php?rest_route=\/wp\/v2\/posts\/876\/revisions\/1046"}],"wp:attachment":[{"href":"https:\/\/willi-junker.de\/dachs\/index.php?rest_route=%2Fwp%2Fv2%2Fmedia&parent=876"}],"wp:term":[{"taxonomy":"category","embeddable":true,"href":"https:\/\/willi-junker.de\/dachs\/index.php?rest_route=%2Fwp%2Fv2%2Fcategories&post=876"},{"taxonomy":"post_tag","embeddable":true,"href":"https:\/\/willi-junker.de\/dachs\/index.php?rest_route=%2Fwp%2Fv2%2Ftags&post=876"}],"curies":[{"name":"wp","href":"https:\/\/api.w.org\/{rel}","templated":true}]}}