{"id":867,"date":"2012-06-27T11:44:20","date_gmt":"2012-06-27T10:44:20","guid":{"rendered":"http:\/\/willi-junker.de\/dachs\/?p=867"},"modified":"2012-10-07T09:57:40","modified_gmt":"2012-10-07T08:57:40","slug":"0915-uhr-abmarsch-vom-gasthaus-rechtegg","status":"publish","type":"post","link":"https:\/\/willi-junker.de\/dachs\/?p=867","title":{"rendered":"09:15 Uhr &#8211; Abmarsch vom Gasthaus Rechtegg"},"content":{"rendered":"<p><a href=\"https:\/\/i0.wp.com\/willi-junker.de\/dachs\/wp-content\/uploads\/2012\/06\/wpid-IMAG11031.jpg?ssl=1\"><img data-recalc-dims=\"1\" decoding=\"async\" class=\"alignnone\" title=\"\" src=\"https:\/\/i0.wp.com\/willi-junker.de\/dachs\/wp-content\/uploads\/2012\/06\/wpid-IMAG1103.jpg?w=640&#038;ssl=1\" alt=\"image\" \/><\/a><\/p>\n<p>Halte mich sch\u00f6n auf der n\u00f6rdlichen Talseite und mache dadurch H\u00f6henmeter ohne Ende. Erreiche Krimml erst um 12:00 Uhr nach 10 km und 500 H\u00f6henmetern. Jetzt sitze ich direkt unter den F\u00e4llen und hab mir vorsorglich schon mal ein Zimmer im Krimmler Tauernhaus gebucht. Das sind noch gut 10 km und 600 H\u00f6henmeter. Dann ist&#8217;s zur Birnl\u00fccke oder zum Tauernpass nicht mehr gar so weit.<\/p>\n","protected":false},"excerpt":{"rendered":"<p>Halte mich sch\u00f6n auf der n\u00f6rdlichen Talseite und mache dadurch H\u00f6henmeter ohne Ende. Erreiche Krimml erst um 12:00 Uhr nach 10 km und 500 H\u00f6henmetern. Jetzt sitze ich direkt unter den F\u00e4llen und hab mir vorsorglich schon mal ein Zimmer &hellip; <a href=\"https:\/\/willi-junker.de\/dachs\/?p=867\">Weiterlesen <span class=\"meta-nav\">&rarr;<\/span><\/a><\/p>\n","protected":false},"author":1,"featured_media":0,"comment_status":"open","ping_status":"open","sticky":false,"template":"","format":"standard","meta":{"_crdt_document":"","jetpack_post_was_ever_published":false,"_jetpack_newsletter_access":"","_jetpack_dont_email_post_to_subs":false,"_jetpack_newsletter_tier_id":0,"_jetpack_memberships_contains_paywalled_content":false,"_jetpack_memberships_contains_paid_content":false,"footnotes":"","jetpack_publicize_message":"","jetpack_publicize_feature_enabled":true,"jetpack_social_post_already_shared":false,"jetpack_social_options":{"image_generator_settings":{"template":"highway","default_image_id":0,"font":"","enabled":false},"version":2}},"categories":[3],"tags":[],"class_list":["post-867","post","type-post","status-publish","format-standard","hentry","category-touren"],"jetpack_publicize_connections":[],"jetpack_featured_media_url":"","jetpack_sharing_enabled":true,"jetpack_shortlink":"https:\/\/wp.me\/p73o9s-dZ","jetpack-related-posts":[{"id":1777,"url":"https:\/\/willi-junker.de\/dachs\/?p=1777","url_meta":{"origin":867,"position":0},"title":"Letzter Wandertag &#8211; Stevia","author":"Willi","date":"28.08.2014","format":false,"excerpt":"Wie fast in jedem Jahr steht noch ein Besuch der Stevia und speziell dem H\u00fcttenwirt aus. So mache ich mich heute Morgen auf dem La Palota Weg hinauf. Bis zum Erreichen des ersten Blocks geht es steile 600 H\u00f6henmeter aufw\u00e4rts. Die Aussicht und vor Allem der Tiefblick nach Wolkenstein ist\u2026","rel":"","context":"In &quot;Touren&quot;","block_context":{"text":"Touren","link":"https:\/\/willi-junker.de\/dachs\/?cat=3"},"img":{"alt_text":"","src":"","width":0,"height":0},"classes":[]},{"id":911,"url":"https:\/\/willi-junker.de\/dachs\/?p=911","url_meta":{"origin":867,"position":1},"title":"08:45 Uhr &#8211; Abmarsch in Uttenheim","author":"Willi","date":"01.07.2012","format":false,"excerpt":"Gestern Abend habe ich noch lange vor dem Hotel gesessen. Es war immer noch sehr warm. Auch in der Nacht k\u00fchlt es nur wenig ab. Ich laufe schon um 08:45 Uhr los. Ich folge vom Hotel bis nach Pfalzen dem Weg Nr. 17. Gleich im Ort geht es schon richtig\u2026","rel":"","context":"In &quot;Touren&quot;","block_context":{"text":"Touren","link":"https:\/\/willi-junker.de\/dachs\/?cat=3"},"img":{"alt_text":"","src":"","width":0,"height":0},"classes":[]},{"id":3378,"url":"https:\/\/willi-junker.de\/dachs\/?p=3378","url_meta":{"origin":867,"position":2},"title":"19:45 Uhr &#8211; Hermeskeil","author":"Willi","date":"23.06.2016","format":false,"excerpt":"Ich bin heute immer sch\u00f6n dem Saarland-Rad-Rundweg gefolgt. Hat mir einige zus\u00e4tzliche Kilometer und H\u00f6henmeter eingebracht. Habe aber auch Punkte angefahren, die ich sonst nie gesehen h\u00e4tte.\u00a0 War sogar fast an der Nahequelle. Den Hunnenring bei Otzenhausen habe ich nur gestreift. Ich war ewig auf dem Kamm zwischen Nahe und\u2026","rel":"","context":"In &quot;Touren&quot;","block_context":{"text":"Touren","link":"https:\/\/willi-junker.de\/dachs\/?cat=3"},"img":{"alt_text":"","src":"","width":0,"height":0},"classes":[]},{"id":3412,"url":"https:\/\/willi-junker.de\/dachs\/?p=3412","url_meta":{"origin":867,"position":3},"title":"13:30 Uhr &#8211; Malga Vael","author":"Willi","date":"06.09.2016","format":false,"excerpt":"Die erste H\u00fctte ist erreicht. Sitze auf der Malga Vael auf 2.034 m, hoch \u00fcber Vigo di Fassa. Noch gut 2 km und 200 H\u00f6henmeter und das Tagesziel ist erreicht. Wenn die Sonne nicht scheint ist es ganz sch\u00f6n frisch.","rel":"","context":"In &quot;Touren&quot;","block_context":{"text":"Touren","link":"https:\/\/willi-junker.de\/dachs\/?cat=3"},"img":{"alt_text":"","src":"https:\/\/i0.wp.com\/willi-junker.de\/dachs\/wp-content\/uploads\/2016\/09\/wp-image-291941145jpg.jpg?resize=350%2C200","width":350,"height":200,"srcset":"https:\/\/i0.wp.com\/willi-junker.de\/dachs\/wp-content\/uploads\/2016\/09\/wp-image-291941145jpg.jpg?resize=350%2C200 1x, https:\/\/i0.wp.com\/willi-junker.de\/dachs\/wp-content\/uploads\/2016\/09\/wp-image-291941145jpg.jpg?resize=525%2C300 1.5x, https:\/\/i0.wp.com\/willi-junker.de\/dachs\/wp-content\/uploads\/2016\/09\/wp-image-291941145jpg.jpg?resize=700%2C400 2x"},"classes":[]},{"id":2752,"url":"https:\/\/willi-junker.de\/dachs\/?p=2752","url_meta":{"origin":867,"position":4},"title":"11:20 Uhr &#8211; Radurschlalm","author":"Willi","date":"27.08.2015","format":false,"excerpt":"Bin heute um 08:30 Uhr los, nach dem Fr\u00fchst\u00fcck, das ich gemeinsam mit den beiden Hunsr\u00fcckern eingenommen habe. Der Einstieg ins Tal ist extrem steil, da die Klamm \u00fcberwunden werden muss. Bis zur Radurschlalm geht es stetig bergauf und nach gut 12 km beginnt auf der Alm der Einstieg in\u2026","rel":"","context":"In &quot;Touren&quot;","block_context":{"text":"Touren","link":"https:\/\/willi-junker.de\/dachs\/?cat=3"},"img":{"alt_text":"","src":"","width":0,"height":0},"classes":[]},{"id":520,"url":"https:\/\/willi-junker.de\/dachs\/?p=520","url_meta":{"origin":867,"position":5},"title":"Auf dem Fernwanderweg 2 ; Schl\u00fcterh\u00fctte","author":"Willi","date":"03.09.2011","format":false,"excerpt":"Der Abstieg aus der Scharte ist etwas unangenehm, da sehr ger\u00f6llhaltig und ziemlich steil. Nett ist der Anruf von Dieter R\u00f6tsch, der nachfragt, ob ich schon wach bin. Nach einigen hundert Metern abstieg, sto\u00dfe ich auf den Fernwanderweg 2, der seitlich aus der Roa-Scharte herab kommt. Ihm folge ich nun\u2026","rel":"","context":"In &quot;Touren&quot;","block_context":{"text":"Touren","link":"https:\/\/willi-junker.de\/dachs\/?cat=3"},"img":{"alt_text":"","src":"","width":0,"height":0},"classes":[]}],"_links":{"self":[{"href":"https:\/\/willi-junker.de\/dachs\/index.php?rest_route=\/wp\/v2\/posts\/867","targetHints":{"allow":["GET"]}}],"collection":[{"href":"https:\/\/willi-junker.de\/dachs\/index.php?rest_route=\/wp\/v2\/posts"}],"about":[{"href":"https:\/\/willi-junker.de\/dachs\/index.php?rest_route=\/wp\/v2\/types\/post"}],"author":[{"embeddable":true,"href":"https:\/\/willi-junker.de\/dachs\/index.php?rest_route=\/wp\/v2\/users\/1"}],"replies":[{"embeddable":true,"href":"https:\/\/willi-junker.de\/dachs\/index.php?rest_route=%2Fwp%2Fv2%2Fcomments&post=867"}],"version-history":[{"count":2,"href":"https:\/\/willi-junker.de\/dachs\/index.php?rest_route=\/wp\/v2\/posts\/867\/revisions"}],"predecessor-version":[{"id":1048,"href":"https:\/\/willi-junker.de\/dachs\/index.php?rest_route=\/wp\/v2\/posts\/867\/revisions\/1048"}],"wp:attachment":[{"href":"https:\/\/willi-junker.de\/dachs\/index.php?rest_route=%2Fwp%2Fv2%2Fmedia&parent=867"}],"wp:term":[{"taxonomy":"category","embeddable":true,"href":"https:\/\/willi-junker.de\/dachs\/index.php?rest_route=%2Fwp%2Fv2%2Fcategories&post=867"},{"taxonomy":"post_tag","embeddable":true,"href":"https:\/\/willi-junker.de\/dachs\/index.php?rest_route=%2Fwp%2Fv2%2Ftags&post=867"}],"curies":[{"name":"wp","href":"https:\/\/api.w.org\/{rel}","templated":true}]}}