{"id":843,"date":"2012-06-24T18:42:35","date_gmt":"2012-06-24T17:42:35","guid":{"rendered":"http:\/\/willi-junker.de\/dachs\/?p=843"},"modified":"2012-06-24T18:53:50","modified_gmt":"2012-06-24T17:53:50","slug":"dav-oberland","status":"publish","type":"post","link":"https:\/\/willi-junker.de\/dachs\/?p=843","title":{"rendered":"DAV-Oberland"},"content":{"rendered":"<p><a href=\"https:\/\/i0.wp.com\/willi-junker.de\/dachs\/wp-content\/uploads\/2012\/06\/wpid-IMAG10881.jpg?ssl=1\"><img data-recalc-dims=\"1\" decoding=\"async\" title=\"IMAG1088.jpg\" class=\"alignnone\" alt=\"image\" src=\"https:\/\/i0.wp.com\/willi-junker.de\/dachs\/wp-content\/uploads\/2012\/06\/wpid-IMAG1088.jpg?w=640&#038;ssl=1\" \/><\/a> <\/p>\n<p>Nach dem scheinbar obligatorischen Nachmittagsgewitter bin ich zur Alpenvereinsh\u00fctte Oberland gewandert. Ist eine richtig urige H\u00fctte. Auf dem R\u00fcckweg\u00a0 hat mich ein heftiger Schauer erwischt und die Feuerwehr r\u00fcckt gerade mit allen vier Fahrzeugen aus. Evtl. gibts Morgen nen Schlechtwettertag. Sitze mit nem guten STIEGL beim Gastwirt meines Vertrauens.<\/p>\n","protected":false},"excerpt":{"rendered":"<p>Nach dem scheinbar obligatorischen Nachmittagsgewitter bin ich zur Alpenvereinsh\u00fctte Oberland gewandert. Ist eine richtig urige H\u00fctte. Auf dem R\u00fcckweg\u00a0 hat mich ein heftiger Schauer erwischt und die Feuerwehr r\u00fcckt gerade mit allen vier Fahrzeugen aus. Evtl. gibts Morgen nen Schlechtwettertag. &hellip; <a href=\"https:\/\/willi-junker.de\/dachs\/?p=843\">Weiterlesen <span class=\"meta-nav\">&rarr;<\/span><\/a><\/p>\n","protected":false},"author":1,"featured_media":0,"comment_status":"open","ping_status":"open","sticky":false,"template":"","format":"standard","meta":{"_crdt_document":"","jetpack_post_was_ever_published":false,"_jetpack_newsletter_access":"","_jetpack_dont_email_post_to_subs":false,"_jetpack_newsletter_tier_id":0,"_jetpack_memberships_contains_paywalled_content":false,"_jetpack_memberships_contains_paid_content":false,"footnotes":"","jetpack_publicize_message":"","jetpack_publicize_feature_enabled":true,"jetpack_social_post_already_shared":false,"jetpack_social_options":{"image_generator_settings":{"template":"highway","default_image_id":0,"font":"","enabled":false},"version":2}},"categories":[3],"tags":[],"class_list":["post-843","post","type-post","status-publish","format-standard","hentry","category-touren"],"jetpack_publicize_connections":[],"jetpack_featured_media_url":"","jetpack_sharing_enabled":true,"jetpack_shortlink":"https:\/\/wp.me\/p73o9s-dB","jetpack-related-posts":[{"id":1731,"url":"https:\/\/willi-junker.de\/dachs\/?p=1731","url_meta":{"origin":843,"position":0},"title":"Auf dem Weg zur Mahlknecht-H\u00fctte &#8211; 10:00 Uhr","author":"Willi","date":"26.08.2014","format":false,"excerpt":"Bin heute Morgen mit dem Bus nach St. Ulrich und mit dem Lift hinauf zur Seiser Alm. Die Alm hab ich dann z\u00fcgig gequert bis kurz vor die Goldknopfh\u00fctte.","rel":"","context":"In &quot;Touren&quot;","block_context":{"text":"Touren","link":"https:\/\/willi-junker.de\/dachs\/?cat=3"},"img":{"alt_text":"","src":"","width":0,"height":0},"classes":[]},{"id":968,"url":"https:\/\/willi-junker.de\/dachs\/?p=968","url_meta":{"origin":843,"position":1},"title":"Tagesabschluss auf der Sangon-H\u00fctte","author":"Willi","date":"06.07.2012","format":false,"excerpt":"Nach dem Besuch der Seiser Alm fahren wir mit dem Lift zur\u00fcck nach St. Ulrich, mit dem Bus nach St. Christina und laufen dann hoch zur Talstation der Col Raiser-Bahn. An der Bergstation kommen wir gegen 17:10 Uhr an. Dann geht es im Laufschritt abw\u00e4rts zur Sangon-H\u00fctte. Es beginnt wieder\u2026","rel":"","context":"In &quot;Touren&quot;","block_context":{"text":"Touren","link":"https:\/\/willi-junker.de\/dachs\/?cat=3"},"img":{"alt_text":"","src":"","width":0,"height":0},"classes":[]},{"id":4263,"url":"https:\/\/willi-junker.de\/dachs\/?p=4263","url_meta":{"origin":843,"position":2},"title":"Tag 12 &#8211; Ein ruhiger Tag auf der Seiser Alm\u00a0","author":"Willi","date":"29.07.2017","format":false,"excerpt":"Heute bin ich dann doch mal etwas sp\u00e4ter aufgestanden. Nach dem Fr\u00fchst\u00fcck geht es mit dem Bus nach St. Ulrich und mit der Seilbahn hoch auf die Seiser Alm. Dann einmal quer r\u00fcber bis zur Saltner Schwaige. \u00a0 Dort habe ich mit Patrick gesessen bis Tanja und Andre von der\u2026","rel":"","context":"In &quot;Touren&quot;","block_context":{"text":"Touren","link":"https:\/\/willi-junker.de\/dachs\/?cat=3"},"img":{"alt_text":"","src":"https:\/\/i0.wp.com\/willi-junker.de\/dachs\/wp-content\/uploads\/2017\/07\/wp-image-211246506.jpg?resize=350%2C200","width":350,"height":200,"srcset":"https:\/\/i0.wp.com\/willi-junker.de\/dachs\/wp-content\/uploads\/2017\/07\/wp-image-211246506.jpg?resize=350%2C200 1x, https:\/\/i0.wp.com\/willi-junker.de\/dachs\/wp-content\/uploads\/2017\/07\/wp-image-211246506.jpg?resize=525%2C300 1.5x, https:\/\/i0.wp.com\/willi-junker.de\/dachs\/wp-content\/uploads\/2017\/07\/wp-image-211246506.jpg?resize=700%2C400 2x, https:\/\/i0.wp.com\/willi-junker.de\/dachs\/wp-content\/uploads\/2017\/07\/wp-image-211246506.jpg?resize=1050%2C600 3x, https:\/\/i0.wp.com\/willi-junker.de\/dachs\/wp-content\/uploads\/2017\/07\/wp-image-211246506.jpg?resize=1400%2C800 4x"},"classes":[]},{"id":2795,"url":"https:\/\/willi-junker.de\/dachs\/?p=2795","url_meta":{"origin":843,"position":3},"title":"19:30 Uhr &#8211; Neues Etappenziel erreicht","author":"Willi","date":"28.08.2015","format":false,"excerpt":"Gestern habe ich noch garnicht so recht daran gedacht und jetzt sitze ich in meinem Lieblingsrestaurant, dem Sal F\u00ebur. Ich bin in Ladinien, was zu Beginn meiner Wanderplanungen eigentlich als Ziel nicht auf dem Plan stand. Gestern, nach dem gro\u00dfen Funkloch im Radurschltal wurde ich von der Nachricht \u00fcberrascht, das\u2026","rel":"","context":"In &quot;Touren&quot;","block_context":{"text":"Touren","link":"https:\/\/willi-junker.de\/dachs\/?cat=3"},"img":{"alt_text":"","src":"","width":0,"height":0},"classes":[]},{"id":4614,"url":"https:\/\/willi-junker.de\/dachs\/?p=4614","url_meta":{"origin":843,"position":4},"title":"Tag 7 &#8211; Abschluss Laubachtreffen und R\u00fcckradeln nach Laubach  (Hunsr\u00fcck)","author":"Willi","date":"01.07.2018","format":false,"excerpt":"Nach dem Auschecken aus dem Hotel geht es mit dem Rad hoch nach Laubach. Dort beginnt der Tag mit einem Gottesdienst. Danach treffen sich alle wieder im Festzelt. Ein Fanfarenzug begleitet uns bis zum Mittagessen. Mit dem Mittagessen ist dann der gemeinschaftliche Teil beendet. Die Gruppen verlassen das Gel\u00e4nde. Das\u2026","rel":"","context":"In &quot;Touren&quot;","block_context":{"text":"Touren","link":"https:\/\/willi-junker.de\/dachs\/?cat=3"},"img":{"alt_text":"","src":"https:\/\/i0.wp.com\/willi-junker.de\/dachs\/wp-content\/uploads\/2018\/07\/20180701_104343-1698325026.jpg?resize=350%2C200","width":350,"height":200,"srcset":"https:\/\/i0.wp.com\/willi-junker.de\/dachs\/wp-content\/uploads\/2018\/07\/20180701_104343-1698325026.jpg?resize=350%2C200 1x, https:\/\/i0.wp.com\/willi-junker.de\/dachs\/wp-content\/uploads\/2018\/07\/20180701_104343-1698325026.jpg?resize=525%2C300 1.5x, https:\/\/i0.wp.com\/willi-junker.de\/dachs\/wp-content\/uploads\/2018\/07\/20180701_104343-1698325026.jpg?resize=700%2C400 2x, https:\/\/i0.wp.com\/willi-junker.de\/dachs\/wp-content\/uploads\/2018\/07\/20180701_104343-1698325026.jpg?resize=1050%2C600 3x, https:\/\/i0.wp.com\/willi-junker.de\/dachs\/wp-content\/uploads\/2018\/07\/20180701_104343-1698325026.jpg?resize=1400%2C800 4x"},"classes":[]},{"id":4428,"url":"https:\/\/willi-junker.de\/dachs\/?p=4428","url_meta":{"origin":843,"position":5},"title":"Marina di Modica","author":"Willi","date":"25.04.2018","format":false,"excerpt":"Heute bin ich wieder mit dem Rad unterwegs. Da heute Nationalfeiertag ist, ist auch entsprechend viel los. Der Radweg hat ein paar interessante \u00dcberraschungen. Das Beste ist aber der Teil mit dem Treibsand und dem Badestrand. Das ist wirklich so ausgeschildert. Zu Mittag gibt es wieder tolle Meeresfr\u00fcchte am heutigen\u2026","rel":"","context":"In &quot;Touren&quot;","block_context":{"text":"Touren","link":"https:\/\/willi-junker.de\/dachs\/?cat=3"},"img":{"alt_text":"","src":"https:\/\/i0.wp.com\/willi-junker.de\/dachs\/wp-content\/uploads\/2018\/04\/20180425_114249-878567520.jpg?resize=350%2C200","width":350,"height":200,"srcset":"https:\/\/i0.wp.com\/willi-junker.de\/dachs\/wp-content\/uploads\/2018\/04\/20180425_114249-878567520.jpg?resize=350%2C200 1x, https:\/\/i0.wp.com\/willi-junker.de\/dachs\/wp-content\/uploads\/2018\/04\/20180425_114249-878567520.jpg?resize=525%2C300 1.5x, https:\/\/i0.wp.com\/willi-junker.de\/dachs\/wp-content\/uploads\/2018\/04\/20180425_114249-878567520.jpg?resize=700%2C400 2x, https:\/\/i0.wp.com\/willi-junker.de\/dachs\/wp-content\/uploads\/2018\/04\/20180425_114249-878567520.jpg?resize=1050%2C600 3x, https:\/\/i0.wp.com\/willi-junker.de\/dachs\/wp-content\/uploads\/2018\/04\/20180425_114249-878567520.jpg?resize=1400%2C800 4x"},"classes":[]}],"_links":{"self":[{"href":"https:\/\/willi-junker.de\/dachs\/index.php?rest_route=\/wp\/v2\/posts\/843","targetHints":{"allow":["GET"]}}],"collection":[{"href":"https:\/\/willi-junker.de\/dachs\/index.php?rest_route=\/wp\/v2\/posts"}],"about":[{"href":"https:\/\/willi-junker.de\/dachs\/index.php?rest_route=\/wp\/v2\/types\/post"}],"author":[{"embeddable":true,"href":"https:\/\/willi-junker.de\/dachs\/index.php?rest_route=\/wp\/v2\/users\/1"}],"replies":[{"embeddable":true,"href":"https:\/\/willi-junker.de\/dachs\/index.php?rest_route=%2Fwp%2Fv2%2Fcomments&post=843"}],"version-history":[{"count":2,"href":"https:\/\/willi-junker.de\/dachs\/index.php?rest_route=\/wp\/v2\/posts\/843\/revisions"}],"predecessor-version":[{"id":847,"href":"https:\/\/willi-junker.de\/dachs\/index.php?rest_route=\/wp\/v2\/posts\/843\/revisions\/847"}],"wp:attachment":[{"href":"https:\/\/willi-junker.de\/dachs\/index.php?rest_route=%2Fwp%2Fv2%2Fmedia&parent=843"}],"wp:term":[{"taxonomy":"category","embeddable":true,"href":"https:\/\/willi-junker.de\/dachs\/index.php?rest_route=%2Fwp%2Fv2%2Fcategories&post=843"},{"taxonomy":"post_tag","embeddable":true,"href":"https:\/\/willi-junker.de\/dachs\/index.php?rest_route=%2Fwp%2Fv2%2Ftags&post=843"}],"curies":[{"name":"wp","href":"https:\/\/api.w.org\/{rel}","templated":true}]}}