{"id":841,"date":"2012-06-24T13:13:39","date_gmt":"2012-06-24T12:13:39","guid":{"rendered":"http:\/\/willi-junker.de\/dachs\/?p=841"},"modified":"2012-10-07T09:59:28","modified_gmt":"2012-10-07T08:59:28","slug":"1345-uhr-aschau-habe-fertig","status":"publish","type":"post","link":"https:\/\/willi-junker.de\/dachs\/?p=841","title":{"rendered":"13:45 Uhr Aschau &#8211; habe fertig"},"content":{"rendered":"<p><a href=\"https:\/\/i0.wp.com\/willi-junker.de\/dachs\/wp-content\/uploads\/2012\/06\/wpid-IMAG10851.jpg?ssl=1\"><img data-recalc-dims=\"1\" decoding=\"async\" class=\"alignnone\" title=\"\" src=\"https:\/\/i0.wp.com\/willi-junker.de\/dachs\/wp-content\/uploads\/2012\/06\/wpid-IMAG1085.jpg?w=640&#038;ssl=1\" alt=\"image\" \/><\/a><\/p>\n<p>Hier ist f\u00fcr heute nach knapp 20 km Schlu\u00df. Die n\u00e4chste Unterkunft ist f\u00fcr mich heute nicht mehr erreichbar. Aschau liegt im Talschluss, auf der R\u00fcckseite des Hahnenkamms, direkt unter dem gro\u00dfen Rettenstein.<\/p>\n","protected":false},"excerpt":{"rendered":"<p>Hier ist f\u00fcr heute nach knapp 20 km Schlu\u00df. Die n\u00e4chste Unterkunft ist f\u00fcr mich heute nicht mehr erreichbar. Aschau liegt im Talschluss, auf der R\u00fcckseite des Hahnenkamms, direkt unter dem gro\u00dfen Rettenstein.<\/p>\n","protected":false},"author":1,"featured_media":0,"comment_status":"open","ping_status":"open","sticky":false,"template":"","format":"standard","meta":{"_crdt_document":"","jetpack_post_was_ever_published":false,"_jetpack_newsletter_access":"","_jetpack_dont_email_post_to_subs":false,"_jetpack_newsletter_tier_id":0,"_jetpack_memberships_contains_paywalled_content":false,"_jetpack_memberships_contains_paid_content":false,"footnotes":"","jetpack_publicize_message":"","jetpack_publicize_feature_enabled":true,"jetpack_social_post_already_shared":false,"jetpack_social_options":{"image_generator_settings":{"template":"highway","default_image_id":0,"font":"","enabled":false},"version":2}},"categories":[3],"tags":[],"class_list":["post-841","post","type-post","status-publish","format-standard","hentry","category-touren"],"jetpack_publicize_connections":[],"jetpack_featured_media_url":"","jetpack_sharing_enabled":true,"jetpack_shortlink":"https:\/\/wp.me\/p73o9s-dz","jetpack-related-posts":[{"id":2736,"url":"https:\/\/willi-junker.de\/dachs\/?p=2736","url_meta":{"origin":841,"position":0},"title":"15:15 Uhr &#8211; Pfunds","author":"Willi","date":"26.08.2015","format":false,"excerpt":"Nach 19 km ist heute Schluss. Das n\u00e4chste Ziel (Nauders oder Ramosch oder Reschen) ist f\u00fcr heute zu weit weg. Daher bleibe ich mal lieber hier und plane den weiteren Weg.","rel":"","context":"In &quot;Touren&quot;","block_context":{"text":"Touren","link":"https:\/\/willi-junker.de\/dachs\/?cat=3"},"img":{"alt_text":"","src":"","width":0,"height":0},"classes":[]},{"id":2913,"url":"https:\/\/willi-junker.de\/dachs\/?p=2913","url_meta":{"origin":841,"position":1},"title":"15:30 Uhr &#8211; Juac-H\u00fctte","author":"Willi","date":"01.09.2015","format":false,"excerpt":"F\u00fcr heute ist die leichte Urlaubstour abgeschlossen. Ein phantastischer Sonnentag mit zwei leichten Scharten. Langsam macht es zu. F\u00fcr Morgen sind viele Gewitter gemeldet.","rel":"","context":"In &quot;Touren&quot;","block_context":{"text":"Touren","link":"https:\/\/willi-junker.de\/dachs\/?cat=3"},"img":{"alt_text":"","src":"","width":0,"height":0},"classes":[]},{"id":3439,"url":"https:\/\/willi-junker.de\/dachs\/?p=3439","url_meta":{"origin":841,"position":2},"title":"16:00 Uhr &#8211; Molignonpass","author":"Willi","date":"07.09.2016","format":false,"excerpt":"Die letzte Scharte f\u00fcr heute ist erklommen. Jetzt geht's hoffentlich locker hinab zur Tierseralplh\u00fctte. Die Seiser Alm und Wolkenstein liegen mir zu F\u00fc\u00dfen.","rel":"","context":"In &quot;Touren&quot;","block_context":{"text":"Touren","link":"https:\/\/willi-junker.de\/dachs\/?cat=3"},"img":{"alt_text":"","src":"https:\/\/i0.wp.com\/willi-junker.de\/dachs\/wp-content\/uploads\/2016\/09\/wp-image-1717001334jpg.jpg?resize=350%2C200","width":350,"height":200,"srcset":"https:\/\/i0.wp.com\/willi-junker.de\/dachs\/wp-content\/uploads\/2016\/09\/wp-image-1717001334jpg.jpg?resize=350%2C200 1x, https:\/\/i0.wp.com\/willi-junker.de\/dachs\/wp-content\/uploads\/2016\/09\/wp-image-1717001334jpg.jpg?resize=525%2C300 1.5x, https:\/\/i0.wp.com\/willi-junker.de\/dachs\/wp-content\/uploads\/2016\/09\/wp-image-1717001334jpg.jpg?resize=700%2C400 2x"},"classes":[]},{"id":5256,"url":"https:\/\/willi-junker.de\/dachs\/?p=5256","url_meta":{"origin":841,"position":3},"title":"Radtour nach Bad Sch\u00f6nborn \/ Tag 4 (R\u00fcckreise)","author":"Willi Junker","date":"21.07.2019","format":false,"excerpt":"Schnell ist der Kurztrip nach Bad Sch\u00f6nborn schon an seinem Ende angelangt. Doch heute am Sonntag haben wir uns noch einiges vorgenommen. Nach dem Fr\u00fchst\u00fcck wird gepackt. Wir d\u00fcrfen das Gep\u00e4ck und das Fahrrad weiterhin im Hotel belassen und so k\u00f6nnen wir noch ausgiebig die Therme erkunden. Gegen 14 Uhr\u2026","rel":"","context":"In &quot;Touren&quot;","block_context":{"text":"Touren","link":"https:\/\/willi-junker.de\/dachs\/?cat=3"},"img":{"alt_text":"","src":"https:\/\/i0.wp.com\/willi-junker.de\/dachs\/wp-content\/uploads\/2019\/07\/grafik-1.png?resize=350%2C200&ssl=1","width":350,"height":200,"srcset":"https:\/\/i0.wp.com\/willi-junker.de\/dachs\/wp-content\/uploads\/2019\/07\/grafik-1.png?resize=350%2C200&ssl=1 1x, https:\/\/i0.wp.com\/willi-junker.de\/dachs\/wp-content\/uploads\/2019\/07\/grafik-1.png?resize=525%2C300&ssl=1 1.5x, https:\/\/i0.wp.com\/willi-junker.de\/dachs\/wp-content\/uploads\/2019\/07\/grafik-1.png?resize=700%2C400&ssl=1 2x, https:\/\/i0.wp.com\/willi-junker.de\/dachs\/wp-content\/uploads\/2019\/07\/grafik-1.png?resize=1050%2C600&ssl=1 3x"},"classes":[]},{"id":4527,"url":"https:\/\/willi-junker.de\/dachs\/?p=4527","url_meta":{"origin":841,"position":4},"title":"Tag 3 &#8211; Radtour zum Laubachtreffen im Elsass","author":"Willi","date":"27.06.2018","format":false,"excerpt":"Nach ruhiger Nacht und gutem Fr\u00fchst\u00fcck sind wir wieder auf Tour seit kurz nach 9 Uhr. Gegen 10:15 Uhr sind wir schon an der Kathedrale in Metz. Von Metz geht es weiter nach Nancy. Der Weg ist nicht immer so leicht zu finden. Zwischendurch nehmen wir noch das Mittagessen ein.\u2026","rel":"","context":"In &quot;Touren&quot;","block_context":{"text":"Touren","link":"https:\/\/willi-junker.de\/dachs\/?cat=3"},"img":{"alt_text":"","src":"https:\/\/i0.wp.com\/willi-junker.de\/dachs\/wp-content\/uploads\/2018\/06\/20180627_102233860068205.jpg?resize=350%2C200","width":350,"height":200,"srcset":"https:\/\/i0.wp.com\/willi-junker.de\/dachs\/wp-content\/uploads\/2018\/06\/20180627_102233860068205.jpg?resize=350%2C200 1x, https:\/\/i0.wp.com\/willi-junker.de\/dachs\/wp-content\/uploads\/2018\/06\/20180627_102233860068205.jpg?resize=525%2C300 1.5x, https:\/\/i0.wp.com\/willi-junker.de\/dachs\/wp-content\/uploads\/2018\/06\/20180627_102233860068205.jpg?resize=700%2C400 2x, https:\/\/i0.wp.com\/willi-junker.de\/dachs\/wp-content\/uploads\/2018\/06\/20180627_102233860068205.jpg?resize=1050%2C600 3x, https:\/\/i0.wp.com\/willi-junker.de\/dachs\/wp-content\/uploads\/2018\/06\/20180627_102233860068205.jpg?resize=1400%2C800 4x"},"classes":[]},{"id":1760,"url":"https:\/\/willi-junker.de\/dachs\/?p=1760","url_meta":{"origin":841,"position":5},"title":"14:20 Uhr &#8211; Gherdenacia \u00fcberquert","author":"Willi","date":"27.08.2014","format":false,"excerpt":"Dieser Weg ist einfach nur phantastisch. Noch 10 Minuten bis zur Puez. 10 km und 1200 H\u00f6henmeter. Die Sonne scheint, der Wind ist nur leider ziemlich kalt. Ein kr\u00e4ftiger Regenschauer hat mich zum Gl\u00fcck nur gestreift. F\u00fcr die Besteigung des Col de La Sone h\u00e4tte ich noch gut 1.5 Stunden\u2026","rel":"","context":"In &quot;Touren&quot;","block_context":{"text":"Touren","link":"https:\/\/willi-junker.de\/dachs\/?cat=3"},"img":{"alt_text":"","src":"","width":0,"height":0},"classes":[]}],"_links":{"self":[{"href":"https:\/\/willi-junker.de\/dachs\/index.php?rest_route=\/wp\/v2\/posts\/841","targetHints":{"allow":["GET"]}}],"collection":[{"href":"https:\/\/willi-junker.de\/dachs\/index.php?rest_route=\/wp\/v2\/posts"}],"about":[{"href":"https:\/\/willi-junker.de\/dachs\/index.php?rest_route=\/wp\/v2\/types\/post"}],"author":[{"embeddable":true,"href":"https:\/\/willi-junker.de\/dachs\/index.php?rest_route=\/wp\/v2\/users\/1"}],"replies":[{"embeddable":true,"href":"https:\/\/willi-junker.de\/dachs\/index.php?rest_route=%2Fwp%2Fv2%2Fcomments&post=841"}],"version-history":[{"count":2,"href":"https:\/\/willi-junker.de\/dachs\/index.php?rest_route=\/wp\/v2\/posts\/841\/revisions"}],"predecessor-version":[{"id":1051,"href":"https:\/\/willi-junker.de\/dachs\/index.php?rest_route=\/wp\/v2\/posts\/841\/revisions\/1051"}],"wp:attachment":[{"href":"https:\/\/willi-junker.de\/dachs\/index.php?rest_route=%2Fwp%2Fv2%2Fmedia&parent=841"}],"wp:term":[{"taxonomy":"category","embeddable":true,"href":"https:\/\/willi-junker.de\/dachs\/index.php?rest_route=%2Fwp%2Fv2%2Fcategories&post=841"},{"taxonomy":"post_tag","embeddable":true,"href":"https:\/\/willi-junker.de\/dachs\/index.php?rest_route=%2Fwp%2Fv2%2Ftags&post=841"}],"curies":[{"name":"wp","href":"https:\/\/api.w.org\/{rel}","templated":true}]}}