{"id":837,"date":"2012-06-24T10:50:42","date_gmt":"2012-06-24T09:50:42","guid":{"rendered":"http:\/\/willi-junker.de\/dachs\/?p=837"},"modified":"2012-10-07T10:00:03","modified_gmt":"2012-10-07T09:00:03","slug":"0915-uhr-abmarsch-von-der-schonen-alm","status":"publish","type":"post","link":"https:\/\/willi-junker.de\/dachs\/?p=837","title":{"rendered":"09:15 Uhr &#8211; Abmarsch von der sch\u00f6nen Alm"},"content":{"rendered":"<p><a href=\"https:\/\/i0.wp.com\/willi-junker.de\/dachs\/wp-content\/uploads\/2012\/06\/wpid-IMAG10841.jpg?ssl=1\"><img data-recalc-dims=\"1\" decoding=\"async\" class=\"alignnone\" title=\"\" src=\"https:\/\/i0.wp.com\/willi-junker.de\/dachs\/wp-content\/uploads\/2012\/06\/wpid-IMAG1084.jpg?w=640&#038;ssl=1\" alt=\"image\" \/><\/a><\/p>\n<p>Die ersten Kilometer geht es \u00fcber den H\u00f6henr\u00fccken zwischen Reither- und Kitzb\u00fchler Ache. Dann hinab nach Reith und immer entlang der Ache bis nach Kirchberg. Dort lege ich eine Rast nach 10 km ein. Heute ist es sehr warm.<\/p>\n","protected":false},"excerpt":{"rendered":"<p>Die ersten Kilometer geht es \u00fcber den H\u00f6henr\u00fccken zwischen Reither- und Kitzb\u00fchler Ache. Dann hinab nach Reith und immer entlang der Ache bis nach Kirchberg. Dort lege ich eine Rast nach 10 km ein. Heute ist es sehr warm.<\/p>\n","protected":false},"author":1,"featured_media":0,"comment_status":"open","ping_status":"open","sticky":false,"template":"","format":"standard","meta":{"_crdt_document":"","jetpack_post_was_ever_published":false,"_jetpack_newsletter_access":"","_jetpack_dont_email_post_to_subs":false,"_jetpack_newsletter_tier_id":0,"_jetpack_memberships_contains_paywalled_content":false,"_jetpack_memberships_contains_paid_content":false,"footnotes":"","jetpack_publicize_message":"","jetpack_publicize_feature_enabled":true,"jetpack_social_post_already_shared":false,"jetpack_social_options":{"image_generator_settings":{"template":"highway","default_image_id":0,"font":"","enabled":false},"version":2}},"categories":[3],"tags":[],"class_list":["post-837","post","type-post","status-publish","format-standard","hentry","category-touren"],"jetpack_publicize_connections":[],"jetpack_featured_media_url":"","jetpack_sharing_enabled":true,"jetpack_shortlink":"https:\/\/wp.me\/p73o9s-dv","jetpack-related-posts":[{"id":2581,"url":"https:\/\/willi-junker.de\/dachs\/?p=2581","url_meta":{"origin":837,"position":0},"title":"17:00 Lingenau","author":"Willi","date":"19.08.2015","format":false,"excerpt":"Bin in einem Ort, der garnicht in meiner Planung lag. Ich bin nach Alberschwende immer sch\u00f6n dem Wanderweg nachgelaufen und war ein ganzes St\u00fcck vor meinem Zeitplan. Au\u00dferdem wollte ich wegen dem Nebel nicht mehr hoch in die Berge und bin so auf halber H\u00f6he gelaufen. Mein Tagesziel war Egg.\u2026","rel":"","context":"In &quot;Touren&quot;","block_context":{"text":"Touren","link":"https:\/\/willi-junker.de\/dachs\/?cat=3"},"img":{"alt_text":"","src":"","width":0,"height":0},"classes":[]},{"id":4890,"url":"https:\/\/willi-junker.de\/dachs\/?p=4890","url_meta":{"origin":837,"position":1},"title":"Indian Summer Abschlusstour TuS Laubach","author":"Willi","date":"28.10.2018","format":false,"excerpt":"Am Sonntag nach der Zeitumstellung ist traditionell der Termin f\u00fcr die Abschlusstour der Radler vom TuS Laubach. Um 10:00 Uhr treffen sich sieben noch unverfrohrene Radler am Gemeindehaus in Laubach. Das Thermometer hat die Dreigrad-Marke noch nicht erreicht. Man soll die Hoffnung aber niemals aufgeben. Es geht durch den Wald\u2026","rel":"","context":"In &quot;Touren&quot;","block_context":{"text":"Touren","link":"https:\/\/willi-junker.de\/dachs\/?cat=3"},"img":{"alt_text":"","src":"https:\/\/i0.wp.com\/willi-junker.de\/dachs\/wp-content\/uploads\/2018\/10\/20181028_112554-547569827.jpg?resize=350%2C200","width":350,"height":200,"srcset":"https:\/\/i0.wp.com\/willi-junker.de\/dachs\/wp-content\/uploads\/2018\/10\/20181028_112554-547569827.jpg?resize=350%2C200 1x, https:\/\/i0.wp.com\/willi-junker.de\/dachs\/wp-content\/uploads\/2018\/10\/20181028_112554-547569827.jpg?resize=525%2C300 1.5x, https:\/\/i0.wp.com\/willi-junker.de\/dachs\/wp-content\/uploads\/2018\/10\/20181028_112554-547569827.jpg?resize=700%2C400 2x, https:\/\/i0.wp.com\/willi-junker.de\/dachs\/wp-content\/uploads\/2018\/10\/20181028_112554-547569827.jpg?resize=1050%2C600 3x, https:\/\/i0.wp.com\/willi-junker.de\/dachs\/wp-content\/uploads\/2018\/10\/20181028_112554-547569827.jpg?resize=1400%2C800 4x"},"classes":[]},{"id":5592,"url":"https:\/\/willi-junker.de\/dachs\/?p=5592","url_meta":{"origin":837,"position":2},"title":"Tour de Selz &#8211; etwas erweitert","author":"Willi","date":"23.07.2022","format":false,"excerpt":"Am heutigen Samstag starte ich um kurz nach sieben Uhr mit dem Fahrrad in Laubach. Es geht \u00fcber den Schinderhannesradweg in Alterk\u00fclz bis nach Tiefenbach. Dann auf die Landstra\u00dfe \u00fcber den Soonwald bis nach Waldb\u00f6ckelheim und weiter nach Boos und zur Nahe. Kurz darauf erreiche ich den Glan, den ich\u2026","rel":"","context":"In &quot;Touren&quot;","block_context":{"text":"Touren","link":"https:\/\/willi-junker.de\/dachs\/?cat=3"},"img":{"alt_text":"","src":"https:\/\/i0.wp.com\/willi-junker.de\/dachs\/wp-content\/uploads\/2022\/07\/img_20220723_101359_195388790826312818-scaled.jpg?resize=350%2C200&ssl=1","width":350,"height":200,"srcset":"https:\/\/i0.wp.com\/willi-junker.de\/dachs\/wp-content\/uploads\/2022\/07\/img_20220723_101359_195388790826312818-scaled.jpg?resize=350%2C200&ssl=1 1x, https:\/\/i0.wp.com\/willi-junker.de\/dachs\/wp-content\/uploads\/2022\/07\/img_20220723_101359_195388790826312818-scaled.jpg?resize=525%2C300&ssl=1 1.5x, https:\/\/i0.wp.com\/willi-junker.de\/dachs\/wp-content\/uploads\/2022\/07\/img_20220723_101359_195388790826312818-scaled.jpg?resize=700%2C400&ssl=1 2x, https:\/\/i0.wp.com\/willi-junker.de\/dachs\/wp-content\/uploads\/2022\/07\/img_20220723_101359_195388790826312818-scaled.jpg?resize=1050%2C600&ssl=1 3x, https:\/\/i0.wp.com\/willi-junker.de\/dachs\/wp-content\/uploads\/2022\/07\/img_20220723_101359_195388790826312818-scaled.jpg?resize=1400%2C800&ssl=1 4x"},"classes":[]},{"id":3693,"url":"https:\/\/willi-junker.de\/dachs\/?p=3693","url_meta":{"origin":837,"position":3},"title":"Indian Summer (Jahresabschlusstour 2016 Radteam TuS Laubach)","author":"Willi","date":"30.10.2016","format":false,"excerpt":"Am 30.10.2016 findet unsere Radabschlusstour statt. Wir haben herrliches Wetter und starten p\u00fcnktlich um 10:00 Uhr am Gemeindehaus. Der Weg f\u00fchrt uns meist abseits der Stra\u00dfen in Richtung Spesenroth und Bell. Weiter geht es \u00fcber Wohnroth und quer durch den Wald nach Mastershausen und Sosberg. Dann folgen Forst und Reidenhausen\u2026","rel":"","context":"In &quot;Touren&quot;","block_context":{"text":"Touren","link":"https:\/\/willi-junker.de\/dachs\/?cat=3"},"img":{"alt_text":"","src":"https:\/\/i0.wp.com\/willi-junker.de\/dachs\/wp-content\/uploads\/2016\/10\/DSC02976-500x334.jpg?resize=350%2C200","width":350,"height":200},"classes":[]},{"id":4884,"url":"https:\/\/willi-junker.de\/dachs\/?p=4884","url_meta":{"origin":837,"position":4},"title":"Vortour IndianSummerTour 2018","author":"Willi","date":"20.10.2018","format":false,"excerpt":"Bin heute Morgen um kurz nach acht mit dem Rad in Richtung Osten gestartet. \u00dcber den Rheinweg geht es vorbei an Horn in Richtung Riegenroth. Danach nach Laudert und nach dem Erreichen der Autobahn in den weitl\u00e4ufigen Wald um den Luftekopf. Mit einigem hin und her erreiche ich einen Waldlehrpfad\u2026","rel":"","context":"In &quot;Touren&quot;","block_context":{"text":"Touren","link":"https:\/\/willi-junker.de\/dachs\/?cat=3"},"img":{"alt_text":"","src":"https:\/\/i0.wp.com\/willi-junker.de\/dachs\/wp-content\/uploads\/2018\/10\/img-20181028-wa0008-2026460692.jpg?resize=350%2C200","width":350,"height":200},"classes":[]},{"id":5634,"url":"https:\/\/willi-junker.de\/dachs\/?p=5634","url_meta":{"origin":837,"position":5},"title":"Etappe 2 &#8211; Radtour nach Bad Mingolsheim","author":"Willi","date":"18.04.2024","format":false,"excerpt":"Die ganze Nacht hat es mehr oder weniger geregnet. Auch beim Fr\u00fchst\u00fcck ist es noch am Tr\u00f6pfeln. Aber p\u00fcnktlich zur Abreise scheint doch tats\u00e4chlich die Sonne. Unglaublich. Aber es ist schweinekalt und die Schneegrenze ist nur unwesentlich \u00fcber meinem Standort. Zuerst geht es aufw\u00e4rts in Richtung Johanniskreuz. Der Verkehr auf\u2026","rel":"","context":"In &quot;Touren&quot;","block_context":{"text":"Touren","link":"https:\/\/willi-junker.de\/dachs\/?cat=3"},"img":{"alt_text":"","src":"https:\/\/i0.wp.com\/willi-junker.de\/dachs\/wp-content\/uploads\/2024\/04\/img_20240418_095937_hdr453877568738311592.jpg?resize=350%2C200&ssl=1","width":350,"height":200,"srcset":"https:\/\/i0.wp.com\/willi-junker.de\/dachs\/wp-content\/uploads\/2024\/04\/img_20240418_095937_hdr453877568738311592.jpg?resize=350%2C200&ssl=1 1x, https:\/\/i0.wp.com\/willi-junker.de\/dachs\/wp-content\/uploads\/2024\/04\/img_20240418_095937_hdr453877568738311592.jpg?resize=525%2C300&ssl=1 1.5x, https:\/\/i0.wp.com\/willi-junker.de\/dachs\/wp-content\/uploads\/2024\/04\/img_20240418_095937_hdr453877568738311592.jpg?resize=700%2C400&ssl=1 2x, https:\/\/i0.wp.com\/willi-junker.de\/dachs\/wp-content\/uploads\/2024\/04\/img_20240418_095937_hdr453877568738311592.jpg?resize=1050%2C600&ssl=1 3x, https:\/\/i0.wp.com\/willi-junker.de\/dachs\/wp-content\/uploads\/2024\/04\/img_20240418_095937_hdr453877568738311592.jpg?resize=1400%2C800&ssl=1 4x"},"classes":[]}],"_links":{"self":[{"href":"https:\/\/willi-junker.de\/dachs\/index.php?rest_route=\/wp\/v2\/posts\/837","targetHints":{"allow":["GET"]}}],"collection":[{"href":"https:\/\/willi-junker.de\/dachs\/index.php?rest_route=\/wp\/v2\/posts"}],"about":[{"href":"https:\/\/willi-junker.de\/dachs\/index.php?rest_route=\/wp\/v2\/types\/post"}],"author":[{"embeddable":true,"href":"https:\/\/willi-junker.de\/dachs\/index.php?rest_route=\/wp\/v2\/users\/1"}],"replies":[{"embeddable":true,"href":"https:\/\/willi-junker.de\/dachs\/index.php?rest_route=%2Fwp%2Fv2%2Fcomments&post=837"}],"version-history":[{"count":2,"href":"https:\/\/willi-junker.de\/dachs\/index.php?rest_route=\/wp\/v2\/posts\/837\/revisions"}],"predecessor-version":[{"id":1052,"href":"https:\/\/willi-junker.de\/dachs\/index.php?rest_route=\/wp\/v2\/posts\/837\/revisions\/1052"}],"wp:attachment":[{"href":"https:\/\/willi-junker.de\/dachs\/index.php?rest_route=%2Fwp%2Fv2%2Fmedia&parent=837"}],"wp:term":[{"taxonomy":"category","embeddable":true,"href":"https:\/\/willi-junker.de\/dachs\/index.php?rest_route=%2Fwp%2Fv2%2Fcategories&post=837"},{"taxonomy":"post_tag","embeddable":true,"href":"https:\/\/willi-junker.de\/dachs\/index.php?rest_route=%2Fwp%2Fv2%2Ftags&post=837"}],"curies":[{"name":"wp","href":"https:\/\/api.w.org\/{rel}","templated":true}]}}