{"id":823,"date":"2012-06-22T16:50:14","date_gmt":"2012-06-22T15:50:14","guid":{"rendered":"http:\/\/willi-junker.de\/dachs\/?p=823"},"modified":"2012-10-07T10:02:27","modified_gmt":"2012-10-07T09:02:27","slug":"1715-uhr-waidring","status":"publish","type":"post","link":"https:\/\/willi-junker.de\/dachs\/?p=823","title":{"rendered":"17:15 Uhr &#8211; Waidring"},"content":{"rendered":"<p><a href=\"https:\/\/i0.wp.com\/willi-junker.de\/dachs\/wp-content\/uploads\/2012\/06\/wpid-IMAG10701.jpg?ssl=1\"><img data-recalc-dims=\"1\" decoding=\"async\" class=\"alignnone\" title=\"IMAG1070.jpg\" src=\"https:\/\/i0.wp.com\/willi-junker.de\/dachs\/wp-content\/uploads\/2012\/06\/wpid-IMAG1070.jpg?w=640&#038;ssl=1\" alt=\"image\" \/><\/a><\/p>\n<p>Nach gut 34 Kilometern und \u00fcber 700 H\u00f6henmetern bin ich in Waidring angekommen. Um 14:30 Uhr war ich schon am geplanten Tagesziel auf der Winkelmoos Alm. Das war mir zu fr\u00fch zum Aufh\u00f6ren. Bin dann weiter \u00fcber die Steinplatte und dann den unangenehmen Abstieg \u00fcber die steile Hauptstra\u00dfe hinab nach Waidring.<\/p>\n","protected":false},"excerpt":{"rendered":"<p>Nach gut 34 Kilometern und \u00fcber 700 H\u00f6henmetern bin ich in Waidring angekommen. Um 14:30 Uhr war ich schon am geplanten Tagesziel auf der Winkelmoos Alm. Das war mir zu fr\u00fch zum Aufh\u00f6ren. Bin dann weiter \u00fcber die Steinplatte und &hellip; <a href=\"https:\/\/willi-junker.de\/dachs\/?p=823\">Weiterlesen <span class=\"meta-nav\">&rarr;<\/span><\/a><\/p>\n","protected":false},"author":1,"featured_media":0,"comment_status":"open","ping_status":"open","sticky":false,"template":"","format":"standard","meta":{"_crdt_document":"","jetpack_post_was_ever_published":false,"_jetpack_newsletter_access":"","_jetpack_dont_email_post_to_subs":false,"_jetpack_newsletter_tier_id":0,"_jetpack_memberships_contains_paywalled_content":false,"_jetpack_memberships_contains_paid_content":false,"footnotes":"","jetpack_publicize_message":"","jetpack_publicize_feature_enabled":true,"jetpack_social_post_already_shared":false,"jetpack_social_options":{"image_generator_settings":{"template":"highway","default_image_id":0,"font":"","enabled":false},"version":2}},"categories":[3],"tags":[],"class_list":["post-823","post","type-post","status-publish","format-standard","hentry","category-touren"],"jetpack_publicize_connections":[],"jetpack_featured_media_url":"","jetpack_sharing_enabled":true,"jetpack_shortlink":"https:\/\/wp.me\/p73o9s-dh","jetpack-related-posts":[{"id":4278,"url":"https:\/\/willi-junker.de\/dachs\/?p=4278","url_meta":{"origin":823,"position":0},"title":"Tag 14 &#8211; \u00dcber den Rasch\u00f6tz zur Broglesh\u00fctte und weiter zur Seceda\u00a0","author":"Willi","date":"31.07.2017","format":false,"excerpt":"Der Tag heute beginnt auf jeden Fall entspannt. Lange gefr\u00fchst\u00fcckt. Dann zum Bus nach St. Ulrich und mit der Standseilbahn auf den Rasch\u00f6tz. Um zehn Uhr bin ich oben. Es geht locker \u00fcber die Hochalmen bei herrlichem Wetter. Kurz vor zw\u00f6lf Uhr bin ich auf der Broglesalm. Der Betrieb h\u00e4lt\u2026","rel":"","context":"In &quot;Touren&quot;","block_context":{"text":"Touren","link":"https:\/\/willi-junker.de\/dachs\/?cat=3"},"img":{"alt_text":"","src":"https:\/\/i0.wp.com\/willi-junker.de\/dachs\/wp-content\/uploads\/2017\/07\/wp-image-618154783.jpg?resize=350%2C200","width":350,"height":200,"srcset":"https:\/\/i0.wp.com\/willi-junker.de\/dachs\/wp-content\/uploads\/2017\/07\/wp-image-618154783.jpg?resize=350%2C200 1x, https:\/\/i0.wp.com\/willi-junker.de\/dachs\/wp-content\/uploads\/2017\/07\/wp-image-618154783.jpg?resize=525%2C300 1.5x, https:\/\/i0.wp.com\/willi-junker.de\/dachs\/wp-content\/uploads\/2017\/07\/wp-image-618154783.jpg?resize=700%2C400 2x, https:\/\/i0.wp.com\/willi-junker.de\/dachs\/wp-content\/uploads\/2017\/07\/wp-image-618154783.jpg?resize=1050%2C600 3x, https:\/\/i0.wp.com\/willi-junker.de\/dachs\/wp-content\/uploads\/2017\/07\/wp-image-618154783.jpg?resize=1400%2C800 4x"},"classes":[]},{"id":3806,"url":"https:\/\/willi-junker.de\/dachs\/?p=3806","url_meta":{"origin":823,"position":1},"title":"3. Skitag &#8211; Eine gro\u00dfe Rundtour","author":"Willi","date":"06.03.2017","format":false,"excerpt":"Heute Morgen geht es schon fr\u00fch los. Um 9 Uhr bin ich schon in Plan de Gralba. Weiter geht es durch die Steinerne Stadt und durch das Skigebiet von Canazei hinab nach Alba.\u00a0 \u00dcber Alba f\u00fchrt die Tour weiter ins Skigebiet Pozza Bufaure und hinab nach Pozza. Dort bin ich\u2026","rel":"","context":"In &quot;Touren&quot;","block_context":{"text":"Touren","link":"https:\/\/willi-junker.de\/dachs\/?cat=3"},"img":{"alt_text":"","src":"https:\/\/i0.wp.com\/willi-junker.de\/dachs\/wp-content\/uploads\/2017\/03\/wp-image-1771660300jpg.jpg?resize=350%2C200","width":350,"height":200,"srcset":"https:\/\/i0.wp.com\/willi-junker.de\/dachs\/wp-content\/uploads\/2017\/03\/wp-image-1771660300jpg.jpg?resize=350%2C200 1x, https:\/\/i0.wp.com\/willi-junker.de\/dachs\/wp-content\/uploads\/2017\/03\/wp-image-1771660300jpg.jpg?resize=525%2C300 1.5x, https:\/\/i0.wp.com\/willi-junker.de\/dachs\/wp-content\/uploads\/2017\/03\/wp-image-1771660300jpg.jpg?resize=700%2C400 2x"},"classes":[]},{"id":5217,"url":"https:\/\/willi-junker.de\/dachs\/?p=5217","url_meta":{"origin":823,"position":2},"title":"Radtour nach Bad Sch\u00f6nborn \/ Tag 1 (K\u00f6nigsetappe)","author":"Willi","date":"18.07.2019","format":false,"excerpt":"Heute Morgen bin ich gegen vier Uhr aus den Federn gesprungen und um halb sechs hab ich das Rad abfahrbereit gemacht. Dann geht es im Morgengrauen los. \u00dcber Alterk\u00fclz geht es auf den Schinderhannesradweg und nach Simmern. Dann hinauf nach Holzbach und wieder hinab nach Tiefenbach. Hier werden die 10\u2026","rel":"","context":"In &quot;Touren&quot;","block_context":{"text":"Touren","link":"https:\/\/willi-junker.de\/dachs\/?cat=3"},"img":{"alt_text":"","src":"https:\/\/i0.wp.com\/willi-junker.de\/dachs\/wp-content\/uploads\/2019\/07\/20190718_0753291178164395.jpg?resize=350%2C200","width":350,"height":200,"srcset":"https:\/\/i0.wp.com\/willi-junker.de\/dachs\/wp-content\/uploads\/2019\/07\/20190718_0753291178164395.jpg?resize=350%2C200 1x, https:\/\/i0.wp.com\/willi-junker.de\/dachs\/wp-content\/uploads\/2019\/07\/20190718_0753291178164395.jpg?resize=525%2C300 1.5x, https:\/\/i0.wp.com\/willi-junker.de\/dachs\/wp-content\/uploads\/2019\/07\/20190718_0753291178164395.jpg?resize=700%2C400 2x, https:\/\/i0.wp.com\/willi-junker.de\/dachs\/wp-content\/uploads\/2019\/07\/20190718_0753291178164395.jpg?resize=1050%2C600 3x, https:\/\/i0.wp.com\/willi-junker.de\/dachs\/wp-content\/uploads\/2019\/07\/20190718_0753291178164395.jpg?resize=1400%2C800 4x"},"classes":[]},{"id":2539,"url":"https:\/\/willi-junker.de\/dachs\/?p=2539","url_meta":{"origin":823,"position":3},"title":"08:00 Uhr &#8211; Start zur Erkundungstour &#8211; Radtour des Radteams 2015","author":"Willi","date":"26.07.2015","format":false,"excerpt":"Ich versuche heute die Route f\u00fcr unsere Radtour Anfang September zu erkunden. Bin von Laubach \u00fcber den Radweg nach Emmelshausen und weiter \u00fcber Halsenbach und Ney nach Windhausen. Ab hier ist die Stra\u00dfe nach Brodenbach wegen Bauarbeiten gesperrt. Hab dann auf die Eifelseite gewechselt und bin in Kobern-Gondorf hoch nach\u2026","rel":"","context":"In &quot;Touren&quot;","block_context":{"text":"Touren","link":"https:\/\/willi-junker.de\/dachs\/?cat=3"},"img":{"alt_text":"","src":"","width":0,"height":0},"classes":[]},{"id":1357,"url":"https:\/\/willi-junker.de\/dachs\/?p=1357","url_meta":{"origin":823,"position":4},"title":"Tierser Alpl und Schlernh\u00e4user","author":"Willi","date":"27.07.2013","format":false,"excerpt":"Heute habe ich wohl meine l\u00e4ngste Alpenetappe gemacht. Ich bin heute Morgen um kurz nach 9 Uhr mit dem Bus zum Sellapass. Von dort geht es dann \u00fcber die Friedrich-August-H\u00fctte und den gleichnamigen Weg hinter dem Langkofel her. Dann weiter \u00fcber die Plattkofelh\u00fctte zur Tierser Alpl H\u00fctte. Hier bin ich\u2026","rel":"","context":"In &quot;Touren&quot;","block_context":{"text":"Touren","link":"https:\/\/willi-junker.de\/dachs\/?cat=3"},"img":{"alt_text":"","src":"","width":0,"height":0},"classes":[]},{"id":4334,"url":"https:\/\/willi-junker.de\/dachs\/?p=4334","url_meta":{"origin":823,"position":5},"title":"Allerheiligen &#8211; Wandern auf dem Saar-Hunsr\u00fcck-Steig und diversen Traumschleifen\u00a0","author":"Willi","date":"01.11.2017","format":false,"excerpt":"Bin heute Morgen bei blauem Himmel und einstelligen Temperaturen \u00fcber den Schinderhannespfad nach Kastellaun. Auf dem Marktplatz bin ich auf den Saar-Hunsr\u00fcck-Steig gesto\u00dfen. Zuerst \u00fcber die Burg und dann weiter in Richtung Uhler und Mannebach. Dann kommt nach knapp 20 km das Tor zur Traumschleife Baybachtal. Gegen 12:20 Uhr bin\u2026","rel":"","context":"In &quot;Touren&quot;","block_context":{"text":"Touren","link":"https:\/\/willi-junker.de\/dachs\/?cat=3"},"img":{"alt_text":"","src":"","width":0,"height":0},"classes":[]}],"_links":{"self":[{"href":"https:\/\/willi-junker.de\/dachs\/index.php?rest_route=\/wp\/v2\/posts\/823","targetHints":{"allow":["GET"]}}],"collection":[{"href":"https:\/\/willi-junker.de\/dachs\/index.php?rest_route=\/wp\/v2\/posts"}],"about":[{"href":"https:\/\/willi-junker.de\/dachs\/index.php?rest_route=\/wp\/v2\/types\/post"}],"author":[{"embeddable":true,"href":"https:\/\/willi-junker.de\/dachs\/index.php?rest_route=\/wp\/v2\/users\/1"}],"replies":[{"embeddable":true,"href":"https:\/\/willi-junker.de\/dachs\/index.php?rest_route=%2Fwp%2Fv2%2Fcomments&post=823"}],"version-history":[{"count":2,"href":"https:\/\/willi-junker.de\/dachs\/index.php?rest_route=\/wp\/v2\/posts\/823\/revisions"}],"predecessor-version":[{"id":1056,"href":"https:\/\/willi-junker.de\/dachs\/index.php?rest_route=\/wp\/v2\/posts\/823\/revisions\/1056"}],"wp:attachment":[{"href":"https:\/\/willi-junker.de\/dachs\/index.php?rest_route=%2Fwp%2Fv2%2Fmedia&parent=823"}],"wp:term":[{"taxonomy":"category","embeddable":true,"href":"https:\/\/willi-junker.de\/dachs\/index.php?rest_route=%2Fwp%2Fv2%2Fcategories&post=823"},{"taxonomy":"post_tag","embeddable":true,"href":"https:\/\/willi-junker.de\/dachs\/index.php?rest_route=%2Fwp%2Fv2%2Ftags&post=823"}],"curies":[{"name":"wp","href":"https:\/\/api.w.org\/{rel}","templated":true}]}}