{"id":809,"date":"2012-06-22T09:40:26","date_gmt":"2012-06-22T08:40:26","guid":{"rendered":"http:\/\/willi-junker.de\/dachs\/?p=809"},"modified":"2012-06-22T16:36:23","modified_gmt":"2012-06-22T15:36:23","slug":"1015-uhr-chiemgauarena","status":"publish","type":"post","link":"https:\/\/willi-junker.de\/dachs\/?p=809","title":{"rendered":"10:15 &#8211; Uhr &#8211; ChiemgauArena"},"content":{"rendered":"<p><a href=\"https:\/\/i0.wp.com\/willi-junker.de\/dachs\/wp-content\/uploads\/2012\/06\/wpid-IMAG10653.jpg?ssl=1\"><img data-recalc-dims=\"1\" decoding=\"async\" title=\"IMAG1065.jpg\" class=\"alignnone\" alt=\"image\" src=\"https:\/\/i0.wp.com\/willi-junker.de\/dachs\/wp-content\/uploads\/2012\/06\/wpid-IMAG10652.jpg?w=640&#038;ssl=1\" \/><\/a> <\/p>\n<p>Bin heute Morgen um 09:00 Uhr los. Bin jetzt am Biathlon Stadion. Dann geht es weiter in Richtung \u00d6sterreich.<\/p>\n","protected":false},"excerpt":{"rendered":"<p>Bin heute Morgen um 09:00 Uhr los. Bin jetzt am Biathlon Stadion. Dann geht es weiter in Richtung \u00d6sterreich.<\/p>\n","protected":false},"author":1,"featured_media":0,"comment_status":"open","ping_status":"open","sticky":false,"template":"","format":"standard","meta":{"_crdt_document":"","jetpack_post_was_ever_published":false,"_jetpack_newsletter_access":"","_jetpack_dont_email_post_to_subs":false,"_jetpack_newsletter_tier_id":0,"_jetpack_memberships_contains_paywalled_content":false,"_jetpack_memberships_contains_paid_content":false,"footnotes":"","jetpack_publicize_message":"","jetpack_publicize_feature_enabled":true,"jetpack_social_post_already_shared":false,"jetpack_social_options":{"image_generator_settings":{"template":"highway","default_image_id":0,"font":"","enabled":false},"version":2}},"categories":[3],"tags":[],"class_list":["post-809","post","type-post","status-publish","format-standard","hentry","category-touren"],"jetpack_publicize_connections":[],"jetpack_featured_media_url":"","jetpack_sharing_enabled":true,"jetpack_shortlink":"https:\/\/wp.me\/p73o9s-d3","jetpack-related-posts":[{"id":1330,"url":"https:\/\/willi-junker.de\/dachs\/?p=1330","url_meta":{"origin":809,"position":0},"title":"Stern &#8211; La Villa &#8211; fast am Ziel.","author":"Willi","date":"22.07.2013","format":false,"excerpt":"Um 09:15 Uhr sitze ich im Bus und um 10:00 Uhr bin ich wieder an der Peder\u00fc. Die ersten Meter geht es noch flach dahin und dann folgt ein Anstieg, der bis zum sp\u00e4ten Nachmittag nicht mehr aufh\u00f6rt. Gegen Mittag bin ich auf der La Varella H\u00fctte, wo ich kurz\u2026","rel":"","context":"In &quot;Touren&quot;","block_context":{"text":"Touren","link":"https:\/\/willi-junker.de\/dachs\/?cat=3"},"img":{"alt_text":"","src":"","width":0,"height":0},"classes":[]},{"id":1235,"url":"https:\/\/willi-junker.de\/dachs\/?p=1235","url_meta":{"origin":809,"position":1},"title":"Wolkenstein","author":"Willi","date":"13.07.2013","format":false,"excerpt":"Ich bin gestern Abend um 21:15 Uhr in Laubach losgefahren und heute Morgen p\u00fcnktlich um 8:00 Uhr zum Fr\u00fchst\u00fcck in Wolkenstein eingetroffen. Nach dem Fr\u00fchst\u00fcck ging es dann schnell zum Bus, der um 09:22 Uhr in Richtung Corvara startet. In Corvara ist dann Umsteigen angesagt nach Bruneck. Dort umsteigen in\u2026","rel":"","context":"In &quot;Touren&quot;","block_context":{"text":"Touren","link":"https:\/\/willi-junker.de\/dachs\/?cat=3"},"img":{"alt_text":"","src":"","width":0,"height":0},"classes":[]},{"id":3900,"url":"https:\/\/willi-junker.de\/dachs\/?p=3900","url_meta":{"origin":809,"position":2},"title":"8. Skitag &#8211; Ein Traum","author":"Willi","date":"11.03.2017","format":false,"excerpt":"Heute stimmt alles. Bin heute Morgen umgezogen und dann geht es in Richtung Dantercepi\u00ebs los. Will halt noch die Sella-Ronda in der Gegenrichtung machen. Da ich unheimlich schnell an der Porta Vescovo bin werde ich etwas mutiger. Ich k\u00f6nnte ja noch kurz r\u00fcber zum Padonpass. Als ich dort bin denke\u2026","rel":"","context":"In &quot;Touren&quot;","block_context":{"text":"Touren","link":"https:\/\/willi-junker.de\/dachs\/?cat=3"},"img":{"alt_text":"","src":"http:\/\/i0.wp.com\/willi-junker.de\/dachs\/wp-content\/uploads\/2017\/03\/wp-image-411474397jpg.jpg?w=792&resize=350%2C200","width":350,"height":200,"srcset":"http:\/\/i0.wp.com\/willi-junker.de\/dachs\/wp-content\/uploads\/2017\/03\/wp-image-411474397jpg.jpg?w=792&resize=350%2C200 1x, http:\/\/i0.wp.com\/willi-junker.de\/dachs\/wp-content\/uploads\/2017\/03\/wp-image-411474397jpg.jpg?w=792&resize=525%2C300 1.5x, http:\/\/i0.wp.com\/willi-junker.de\/dachs\/wp-content\/uploads\/2017\/03\/wp-image-411474397jpg.jpg?w=792&resize=700%2C400 2x"},"classes":[]},{"id":1777,"url":"https:\/\/willi-junker.de\/dachs\/?p=1777","url_meta":{"origin":809,"position":3},"title":"Letzter Wandertag &#8211; Stevia","author":"Willi","date":"28.08.2014","format":false,"excerpt":"Wie fast in jedem Jahr steht noch ein Besuch der Stevia und speziell dem H\u00fcttenwirt aus. So mache ich mich heute Morgen auf dem La Palota Weg hinauf. Bis zum Erreichen des ersten Blocks geht es steile 600 H\u00f6henmeter aufw\u00e4rts. Die Aussicht und vor Allem der Tiefblick nach Wolkenstein ist\u2026","rel":"","context":"In &quot;Touren&quot;","block_context":{"text":"Touren","link":"https:\/\/willi-junker.de\/dachs\/?cat=3"},"img":{"alt_text":"","src":"","width":0,"height":0},"classes":[]},{"id":3806,"url":"https:\/\/willi-junker.de\/dachs\/?p=3806","url_meta":{"origin":809,"position":4},"title":"3. Skitag &#8211; Eine gro\u00dfe Rundtour","author":"Willi","date":"06.03.2017","format":false,"excerpt":"Heute Morgen geht es schon fr\u00fch los. Um 9 Uhr bin ich schon in Plan de Gralba. Weiter geht es durch die Steinerne Stadt und durch das Skigebiet von Canazei hinab nach Alba.\u00a0 \u00dcber Alba f\u00fchrt die Tour weiter ins Skigebiet Pozza Bufaure und hinab nach Pozza. Dort bin ich\u2026","rel":"","context":"In &quot;Touren&quot;","block_context":{"text":"Touren","link":"https:\/\/willi-junker.de\/dachs\/?cat=3"},"img":{"alt_text":"","src":"https:\/\/i0.wp.com\/willi-junker.de\/dachs\/wp-content\/uploads\/2017\/03\/wp-image-1771660300jpg.jpg?resize=350%2C200","width":350,"height":200,"srcset":"https:\/\/i0.wp.com\/willi-junker.de\/dachs\/wp-content\/uploads\/2017\/03\/wp-image-1771660300jpg.jpg?resize=350%2C200 1x, https:\/\/i0.wp.com\/willi-junker.de\/dachs\/wp-content\/uploads\/2017\/03\/wp-image-1771660300jpg.jpg?resize=525%2C300 1.5x, https:\/\/i0.wp.com\/willi-junker.de\/dachs\/wp-content\/uploads\/2017\/03\/wp-image-1771660300jpg.jpg?resize=700%2C400 2x"},"classes":[]},{"id":1112,"url":"https:\/\/willi-junker.de\/dachs\/?p=1112","url_meta":{"origin":809,"position":5},"title":"Skilanglauf &#8211; Nach 20 km ist der Erbeskopf erreicht","author":"Willi","date":"26.01.2013","format":false,"excerpt":"Bin heute Morgen um 8:30 Uhr am Idarkopf losgelaufen. Auf teils ungespurter Loipe bei gerade ausreichender Schneeh\u00f6he ging es recht anspruchsvoll immer der Kammlage entlang zum Erbeskopf. Unversch\u00e4mt ist, da\u00df auf ca 1 km B\u00e4ume frisch gef\u00e4llt wurden. Das hat mich bestimmt eine halbe Stunde gekostet. Au\u00dferdem wurden viele Schilder\u2026","rel":"","context":"In &quot;Touren&quot;","block_context":{"text":"Touren","link":"https:\/\/willi-junker.de\/dachs\/?cat=3"},"img":{"alt_text":"","src":"","width":0,"height":0},"classes":[]}],"_links":{"self":[{"href":"https:\/\/willi-junker.de\/dachs\/index.php?rest_route=\/wp\/v2\/posts\/809","targetHints":{"allow":["GET"]}}],"collection":[{"href":"https:\/\/willi-junker.de\/dachs\/index.php?rest_route=\/wp\/v2\/posts"}],"about":[{"href":"https:\/\/willi-junker.de\/dachs\/index.php?rest_route=\/wp\/v2\/types\/post"}],"author":[{"embeddable":true,"href":"https:\/\/willi-junker.de\/dachs\/index.php?rest_route=\/wp\/v2\/users\/1"}],"replies":[{"embeddable":true,"href":"https:\/\/willi-junker.de\/dachs\/index.php?rest_route=%2Fwp%2Fv2%2Fcomments&post=809"}],"version-history":[{"count":2,"href":"https:\/\/willi-junker.de\/dachs\/index.php?rest_route=\/wp\/v2\/posts\/809\/revisions"}],"predecessor-version":[{"id":815,"href":"https:\/\/willi-junker.de\/dachs\/index.php?rest_route=\/wp\/v2\/posts\/809\/revisions\/815"}],"wp:attachment":[{"href":"https:\/\/willi-junker.de\/dachs\/index.php?rest_route=%2Fwp%2Fv2%2Fmedia&parent=809"}],"wp:term":[{"taxonomy":"category","embeddable":true,"href":"https:\/\/willi-junker.de\/dachs\/index.php?rest_route=%2Fwp%2Fv2%2Fcategories&post=809"},{"taxonomy":"post_tag","embeddable":true,"href":"https:\/\/willi-junker.de\/dachs\/index.php?rest_route=%2Fwp%2Fv2%2Ftags&post=809"}],"curies":[{"name":"wp","href":"https:\/\/api.w.org\/{rel}","templated":true}]}}