{"id":709,"date":"2012-05-17T14:25:56","date_gmt":"2012-05-17T13:25:56","guid":{"rendered":"http:\/\/willi-junker.de\/dachs\/?p=709"},"modified":"2012-05-17T21:36:03","modified_gmt":"2012-05-17T20:36:03","slug":"auf-dem-gauchsberg-im-staatsforst-entenpfuhl-1420-uhr","status":"publish","type":"post","link":"https:\/\/willi-junker.de\/dachs\/?p=709","title":{"rendered":"Auf dem Gauchsberg im Staatsforst Entenpfuhl 14:20 Uhr"},"content":{"rendered":"<p><a href=\"https:\/\/i0.wp.com\/willi-junker.de\/dachs\/wp-content\/uploads\/2012\/05\/wpid-IMAG10092.jpg?ssl=1\"><img data-recalc-dims=\"1\" decoding=\"async\" class=\"alignnone\" title=\"\" src=\"https:\/\/i0.wp.com\/willi-junker.de\/dachs\/wp-content\/uploads\/2012\/05\/wpid-IMAG10091.jpg?w=640&#038;ssl=1\" alt=\"image\" \/><\/a><\/p>\n<p>Die letzten Kilometer ging es steil bergauf. Nach einer l\u00e4ngeren Rast mit Mittagessen in Roxheim gehts jetzt stetig bergauf. In Kreuznach war ich um Punkt 12:00 Uhr.<\/p>\n<p><span class=\"post_sig\">Posted from WordPress for Android<\/span><\/p>\n","protected":false},"excerpt":{"rendered":"<p>Die letzten Kilometer ging es steil bergauf. Nach einer l\u00e4ngeren Rast mit Mittagessen in Roxheim gehts jetzt stetig bergauf. In Kreuznach war ich um Punkt 12:00 Uhr. Posted from WordPress for Android<\/p>\n","protected":false},"author":1,"featured_media":0,"comment_status":"open","ping_status":"open","sticky":false,"template":"","format":"standard","meta":{"_crdt_document":"","jetpack_post_was_ever_published":false,"_jetpack_newsletter_access":"","_jetpack_dont_email_post_to_subs":false,"_jetpack_newsletter_tier_id":0,"_jetpack_memberships_contains_paywalled_content":false,"_jetpack_memberships_contains_paid_content":false,"footnotes":"","jetpack_publicize_message":"","jetpack_publicize_feature_enabled":true,"jetpack_social_post_already_shared":false,"jetpack_social_options":{"image_generator_settings":{"template":"highway","default_image_id":0,"font":"","enabled":false},"version":2}},"categories":[3],"tags":[],"class_list":["post-709","post","type-post","status-publish","format-standard","hentry","category-touren"],"jetpack_publicize_connections":[],"jetpack_featured_media_url":"","jetpack_sharing_enabled":true,"jetpack_shortlink":"https:\/\/wp.me\/p73o9s-br","jetpack-related-posts":[{"id":2800,"url":"https:\/\/willi-junker.de\/dachs\/?p=2800","url_meta":{"origin":709,"position":0},"title":"09:30 Uhr &#8211; Aufstieg ohne Rucksack","author":"Willi","date":"29.08.2015","format":false,"excerpt":"Heute geht es dann ohne Gep\u00e4ck bergauf.","rel":"","context":"In &quot;Touren&quot;","block_context":{"text":"Touren","link":"https:\/\/willi-junker.de\/dachs\/?cat=3"},"img":{"alt_text":"","src":"","width":0,"height":0},"classes":[]},{"id":420,"url":"https:\/\/willi-junker.de\/dachs\/?p=420","url_meta":{"origin":709,"position":1},"title":"17:00 Uhr &#8211; Bad Sobernheim","author":"Willi","date":"02.07.2011","format":false,"excerpt":"Jetzt ist mal ne St\u00e4rkung f\u00e4llig. Ab Monzingen gehts bergauf. Bis jetzt sinds 122 km.","rel":"","context":"In &quot;Touren&quot;","block_context":{"text":"Touren","link":"https:\/\/willi-junker.de\/dachs\/?cat=3"},"img":{"alt_text":"","src":"","width":0,"height":0},"classes":[]},{"id":800,"url":"https:\/\/willi-junker.de\/dachs\/?p=800","url_meta":{"origin":709,"position":2},"title":"16:00 Uhr &#8211; Traunstein","author":"Willi","date":"21.06.2012","format":false,"excerpt":"Bin kurz vor 16:00 Uhr hier angekommen. Vom Bahnhof bis zur Traun ist es nur ein Kilometer. Ab dann geht es stetig bergauf. Kurz vor Siegsdorf unterquert man die Autobahn und befindet sich in den Alpen. Ein herrliches Gef\u00fchl. Es ist ziemlich schw\u00fcl und sieht nach Gewitter aus.","rel":"","context":"In &quot;Touren&quot;","block_context":{"text":"Touren","link":"https:\/\/willi-junker.de\/dachs\/?cat=3"},"img":{"alt_text":"","src":"","width":0,"height":0},"classes":[]},{"id":2752,"url":"https:\/\/willi-junker.de\/dachs\/?p=2752","url_meta":{"origin":709,"position":3},"title":"11:20 Uhr &#8211; Radurschlalm","author":"Willi","date":"27.08.2015","format":false,"excerpt":"Bin heute um 08:30 Uhr los, nach dem Fr\u00fchst\u00fcck, das ich gemeinsam mit den beiden Hunsr\u00fcckern eingenommen habe. Der Einstieg ins Tal ist extrem steil, da die Klamm \u00fcberwunden werden muss. Bis zur Radurschlalm geht es stetig bergauf und nach gut 12 km beginnt auf der Alm der Einstieg in\u2026","rel":"","context":"In &quot;Touren&quot;","block_context":{"text":"Touren","link":"https:\/\/willi-junker.de\/dachs\/?cat=3"},"img":{"alt_text":"","src":"","width":0,"height":0},"classes":[]},{"id":947,"url":"https:\/\/willi-junker.de\/dachs\/?p=947","url_meta":{"origin":709,"position":4},"title":"14:15 Uhr &#8211; Roascharte","author":"Willi","date":"04.07.2012","format":false,"excerpt":"Nach der Peitlerscharte geht es \u00fcber einige Kilometer immer bergauf und bergab in einer H\u00f6he zwischen 2200m bis 2500m. Ich folge dem Dolomitenh\u00f6henweg 2. Auf der Schl\u00fcterh\u00fctte, wie auch auf der Medalges-Alm lege ich eine Pause ein. Dann folgt der Schlu\u00dfanstieg zur Roascharte mit gut 2.600m. Sie erreiche ich um\u2026","rel":"","context":"In &quot;Touren&quot;","block_context":{"text":"Touren","link":"https:\/\/willi-junker.de\/dachs\/?cat=3"},"img":{"alt_text":"","src":"","width":0,"height":0},"classes":[]},{"id":404,"url":"https:\/\/willi-junker.de\/dachs\/?p=404","url_meta":{"origin":709,"position":5},"title":"15:15 Uhr &#8211; Wasgauh\u00fctte","author":"Willi","date":"01.07.2011","format":false,"excerpt":"Vom B\u00e4renbrunner Hof geht es steil bergauf zur heute geschlossenen Wasgauh\u00fctte. Danach geht es abw\u00e4rts ins sch\u00f6ne Schwanheim. \u00dcber verschlungene Pfade und am Schlu\u00df stark steigend geht es dann zum H\u00fchnerstein. Dieser wird \u00fcber eine senkrechte Leiter bestiegen.","rel":"","context":"In &quot;Touren&quot;","block_context":{"text":"Touren","link":"https:\/\/willi-junker.de\/dachs\/?cat=3"},"img":{"alt_text":"","src":"","width":0,"height":0},"classes":[]}],"_links":{"self":[{"href":"https:\/\/willi-junker.de\/dachs\/index.php?rest_route=\/wp\/v2\/posts\/709","targetHints":{"allow":["GET"]}}],"collection":[{"href":"https:\/\/willi-junker.de\/dachs\/index.php?rest_route=\/wp\/v2\/posts"}],"about":[{"href":"https:\/\/willi-junker.de\/dachs\/index.php?rest_route=\/wp\/v2\/types\/post"}],"author":[{"embeddable":true,"href":"https:\/\/willi-junker.de\/dachs\/index.php?rest_route=\/wp\/v2\/users\/1"}],"replies":[{"embeddable":true,"href":"https:\/\/willi-junker.de\/dachs\/index.php?rest_route=%2Fwp%2Fv2%2Fcomments&post=709"}],"version-history":[{"count":3,"href":"https:\/\/willi-junker.de\/dachs\/index.php?rest_route=\/wp\/v2\/posts\/709\/revisions"}],"predecessor-version":[{"id":713,"href":"https:\/\/willi-junker.de\/dachs\/index.php?rest_route=\/wp\/v2\/posts\/709\/revisions\/713"}],"wp:attachment":[{"href":"https:\/\/willi-junker.de\/dachs\/index.php?rest_route=%2Fwp%2Fv2%2Fmedia&parent=709"}],"wp:term":[{"taxonomy":"category","embeddable":true,"href":"https:\/\/willi-junker.de\/dachs\/index.php?rest_route=%2Fwp%2Fv2%2Fcategories&post=709"},{"taxonomy":"post_tag","embeddable":true,"href":"https:\/\/willi-junker.de\/dachs\/index.php?rest_route=%2Fwp%2Fv2%2Ftags&post=709"}],"curies":[{"name":"wp","href":"https:\/\/api.w.org\/{rel}","templated":true}]}}