{"id":704,"date":"2012-05-17T10:06:15","date_gmt":"2012-05-17T09:06:15","guid":{"rendered":"http:\/\/willi-junker.de\/dachs\/?p=704"},"modified":"2012-05-17T10:06:15","modified_gmt":"2012-05-17T09:06:15","slug":"bingen-1100-uhr","status":"publish","type":"post","link":"https:\/\/willi-junker.de\/dachs\/?p=704","title":{"rendered":"Bingen 11:00 Uhr."},"content":{"rendered":"<p><a alt=\"image\" href=\"https:\/\/i0.wp.com\/willi-junker.de\/dachs\/wp-content\/uploads\/2012\/05\/wpid-IMAG10051.jpg?ssl=1\"><img data-recalc-dims=\"1\" decoding=\"async\" title=\"\" class=\"alignnone\" alt=\"image\" src=\"https:\/\/i0.wp.com\/willi-junker.de\/dachs\/wp-content\/uploads\/2012\/05\/wpid-IMAG1005.jpg?w=640&#038;ssl=1\" \/><\/a><\/p>\n<p><span class=\"post_sig\">Posted from WordPress for Android<\/span><\/p>\n","protected":false},"excerpt":{"rendered":"<p>Posted from WordPress for Android<\/p>\n","protected":false},"author":1,"featured_media":0,"comment_status":"open","ping_status":"open","sticky":false,"template":"","format":"standard","meta":{"_crdt_document":"","jetpack_post_was_ever_published":false,"_jetpack_newsletter_access":"","_jetpack_dont_email_post_to_subs":false,"_jetpack_newsletter_tier_id":0,"_jetpack_memberships_contains_paywalled_content":false,"_jetpack_memberships_contains_paid_content":false,"footnotes":"","jetpack_publicize_message":"","jetpack_publicize_feature_enabled":true,"jetpack_social_post_already_shared":false,"jetpack_social_options":{"image_generator_settings":{"template":"highway","default_image_id":0,"font":"","enabled":false},"version":2}},"categories":[3],"tags":[],"class_list":["post-704","post","type-post","status-publish","format-standard","hentry","category-touren"],"jetpack_publicize_connections":[],"jetpack_featured_media_url":"","jetpack_sharing_enabled":true,"jetpack_shortlink":"https:\/\/wp.me\/p73o9s-bm","jetpack-related-posts":[{"id":728,"url":"https:\/\/willi-junker.de\/dachs\/?p=728","url_meta":{"origin":704,"position":0},"title":"Wanderung von Bingen nach Laubach","author":"Willi","date":"28.05.2012","format":false,"excerpt":"Um 6.00 Uhr geht es in Laubach los. Um 07:00 Uhr stehen wir startbereit in Bingen am Bahnhof. \u00dcber das Forsthaus Heilig Kreuz und das Schweizer Haus geht es ins Morgenbachtal und zum J\u00e4gerhaus. Nach kurzer Rast geht es auf den Salzkopf und weiter zur Lauschh\u00fctte (15 Km; 11:30 Uhr).\u2026","rel":"","context":"In &quot;Touren&quot;","block_context":{"text":"Touren","link":"https:\/\/willi-junker.de\/dachs\/?cat=3"},"img":{"alt_text":"","src":"","width":0,"height":0},"classes":[]},{"id":709,"url":"https:\/\/willi-junker.de\/dachs\/?p=709","url_meta":{"origin":704,"position":1},"title":"Auf dem Gauchsberg im Staatsforst Entenpfuhl 14:20 Uhr","author":"Willi","date":"17.05.2012","format":false,"excerpt":"Die letzten Kilometer ging es steil bergauf. Nach einer l\u00e4ngeren Rast mit Mittagessen in Roxheim gehts jetzt stetig bergauf. In Kreuznach war ich um Punkt 12:00 Uhr. Posted from WordPress for Android","rel":"","context":"In &quot;Touren&quot;","block_context":{"text":"Touren","link":"https:\/\/willi-junker.de\/dachs\/?cat=3"},"img":{"alt_text":"","src":"","width":0,"height":0},"classes":[]},{"id":477,"url":"https:\/\/willi-junker.de\/dachs\/?p=477","url_meta":{"origin":704,"position":2},"title":"Wolkenstein &#8211; wir sind da.","author":"Willi","date":"31.08.2011","format":false,"excerpt":"Nach einer Fahrt durch die Nacht sind wir gegen 8:00 Uhr hier eingetroffen. Posted from WordPress for Android","rel":"","context":"In &quot;Touren&quot;","block_context":{"text":"Touren","link":"https:\/\/willi-junker.de\/dachs\/?cat=3"},"img":{"alt_text":"","src":"","width":0,"height":0},"classes":[]},{"id":534,"url":"https:\/\/willi-junker.de\/dachs\/?p=534","url_meta":{"origin":704,"position":3},"title":"Heute ist der gro\u00dfe Tag","author":"Willi","date":"04.09.2011","format":false,"excerpt":"Ich verlasse gegen 8:00 Uhr das Hotel. \u00dcber La Selva und Monte Pana gelange ich zum Monte S\u00ebura. Dann geht es in die Scharte, vorbei an der Langkofelh\u00fctte und steil hinauf zum Toni Demetz Haus 2.650 m. Dort bin ich um 11:15. Unsere Sportler sind jetzt seit 1:15 Stunden unterwegs.\u2026","rel":"","context":"In &quot;Touren&quot;","block_context":{"text":"Touren","link":"https:\/\/willi-junker.de\/dachs\/?cat=3"},"img":{"alt_text":"","src":"","width":0,"height":0},"classes":[]},{"id":488,"url":"https:\/\/willi-junker.de\/dachs\/?p=488","url_meta":{"origin":704,"position":4},"title":"Abstieg \u00fcber Col Raiser hinab zu Erwin auf der Sangonh\u00fctte.","author":"Willi","date":"31.08.2011","format":false,"excerpt":"W\u00e4hrend des Abstiegs durch die Scharte verabschieden sich meine guten Meindl. Die Sohle trennt sich in der Dampfungsschicht vom Schuh. Nun ist mein linker Fu\u00df mit Slicks bekleidet. Gegen 17:30 Uhr sind wir auf der H\u00fctte und um 19:00 Uhr in der Morene. Posted from WordPress for Android","rel":"","context":"In &quot;Touren&quot;","block_context":{"text":"Touren","link":"https:\/\/willi-junker.de\/dachs\/?cat=3"},"img":{"alt_text":"","src":"","width":0,"height":0},"classes":[]},{"id":545,"url":"https:\/\/willi-junker.de\/dachs\/?p=545","url_meta":{"origin":704,"position":5},"title":"11:30 Uhr &#8211; Stevia","author":"Willi","date":"05.09.2011","format":false,"excerpt":"Auch heute, am letzten gemeinsamen Tag unternehmen wir noch eine Bergtour. Zum Mittagessen sitzen wir nach 800 H\u00f6henmetern beim Toni auf der Stevia H\u00fctte. Sicht gleich null und p\u00fcnktlich zum Einkehren auch Regen. Posted from WordPress for Android","rel":"","context":"In &quot;Touren&quot;","block_context":{"text":"Touren","link":"https:\/\/willi-junker.de\/dachs\/?cat=3"},"img":{"alt_text":"","src":"","width":0,"height":0},"classes":[]}],"_links":{"self":[{"href":"https:\/\/willi-junker.de\/dachs\/index.php?rest_route=\/wp\/v2\/posts\/704","targetHints":{"allow":["GET"]}}],"collection":[{"href":"https:\/\/willi-junker.de\/dachs\/index.php?rest_route=\/wp\/v2\/posts"}],"about":[{"href":"https:\/\/willi-junker.de\/dachs\/index.php?rest_route=\/wp\/v2\/types\/post"}],"author":[{"embeddable":true,"href":"https:\/\/willi-junker.de\/dachs\/index.php?rest_route=\/wp\/v2\/users\/1"}],"replies":[{"embeddable":true,"href":"https:\/\/willi-junker.de\/dachs\/index.php?rest_route=%2Fwp%2Fv2%2Fcomments&post=704"}],"version-history":[{"count":1,"href":"https:\/\/willi-junker.de\/dachs\/index.php?rest_route=\/wp\/v2\/posts\/704\/revisions"}],"predecessor-version":[{"id":705,"href":"https:\/\/willi-junker.de\/dachs\/index.php?rest_route=\/wp\/v2\/posts\/704\/revisions\/705"}],"wp:attachment":[{"href":"https:\/\/willi-junker.de\/dachs\/index.php?rest_route=%2Fwp%2Fv2%2Fmedia&parent=704"}],"wp:term":[{"taxonomy":"category","embeddable":true,"href":"https:\/\/willi-junker.de\/dachs\/index.php?rest_route=%2Fwp%2Fv2%2Fcategories&post=704"},{"taxonomy":"post_tag","embeddable":true,"href":"https:\/\/willi-junker.de\/dachs\/index.php?rest_route=%2Fwp%2Fv2%2Ftags&post=704"}],"curies":[{"name":"wp","href":"https:\/\/api.w.org\/{rel}","templated":true}]}}