{"id":700,"date":"2012-05-17T08:55:18","date_gmt":"2012-05-17T07:55:18","guid":{"rendered":"http:\/\/willi-junker.de\/dachs\/?p=700"},"modified":"2012-05-17T08:55:18","modified_gmt":"2012-05-17T07:55:18","slug":"saisoneroffnungsfahrt","status":"publish","type":"post","link":"https:\/\/willi-junker.de\/dachs\/?p=700","title":{"rendered":"Saisoner\u00f6ffnungsfahrt"},"content":{"rendered":"<p><a alt=\"image\" href=\"https:\/\/i0.wp.com\/willi-junker.de\/dachs\/wp-content\/uploads\/2012\/05\/wpid-IMAG10021.jpg?ssl=1\"><img data-recalc-dims=\"1\" decoding=\"async\" title=\"\" class=\"alignnone\" alt=\"image\" src=\"https:\/\/i0.wp.com\/willi-junker.de\/dachs\/wp-content\/uploads\/2012\/05\/wpid-IMAG1002.jpg?w=640&#038;ssl=1\" \/><\/a><\/p>\n<p> Auf dem Weg zum Rhein.<\/p>\n<p><span class=\"post_sig\">Posted from WordPress for Android<\/span><\/p>\n","protected":false},"excerpt":{"rendered":"<p>Auf dem Weg zum Rhein. Posted from WordPress for Android<\/p>\n","protected":false},"author":1,"featured_media":0,"comment_status":"open","ping_status":"open","sticky":false,"template":"","format":"standard","meta":{"_crdt_document":"","jetpack_post_was_ever_published":false,"_jetpack_newsletter_access":"","_jetpack_dont_email_post_to_subs":false,"_jetpack_newsletter_tier_id":0,"_jetpack_memberships_contains_paywalled_content":false,"_jetpack_memberships_contains_paid_content":false,"footnotes":"","jetpack_publicize_message":"","jetpack_publicize_feature_enabled":true,"jetpack_social_post_already_shared":false,"jetpack_social_options":{"image_generator_settings":{"template":"highway","default_image_id":0,"font":"","enabled":false},"version":2}},"categories":[3],"tags":[],"class_list":["post-700","post","type-post","status-publish","format-standard","hentry","category-touren"],"jetpack_publicize_connections":[],"jetpack_featured_media_url":"","jetpack_sharing_enabled":true,"jetpack_shortlink":"https:\/\/wp.me\/p73o9s-bi","jetpack-related-posts":[{"id":552,"url":"https:\/\/willi-junker.de\/dachs\/?p=552","url_meta":{"origin":700,"position":0},"title":"Radtour Radteam nach Idar","author":"Willi","date":"10.09.2011","format":false,"excerpt":"Sind auf dem Weg nach Idar. Derzeit legen wir eine Pause beim Bauer Belitz ein. Posted from WordPress for Android","rel":"","context":"In &quot;Touren&quot;","block_context":{"text":"Touren","link":"https:\/\/willi-junker.de\/dachs\/?cat=3"},"img":{"alt_text":"","src":"","width":0,"height":0},"classes":[]},{"id":688,"url":"https:\/\/willi-junker.de\/dachs\/?p=688","url_meta":{"origin":700,"position":1},"title":"Lagazuoi &#8211; Ein weiterer sehr warmer Skitag","author":"Willi","date":"02.03.2012","format":false,"excerpt":"Wie jeden Tag starten wir um 08:30 Uhr ins Skigebiet. Heute geht es auf den Falzaregopa\u00df und von dort mit der Seilbahn auf den kleinen Lagazuoi. Mangels Schnee k\u00f6nnen wir leider nicht die ganze Tour machen und fahren mit dem Skibus zur\u00fcck zum Falzarego. Ab hier gehts dann wieder hinauf\u2026","rel":"","context":"In &quot;Touren&quot;","block_context":{"text":"Touren","link":"https:\/\/willi-junker.de\/dachs\/?cat=3"},"img":{"alt_text":"","src":"","width":0,"height":0},"classes":[]},{"id":4884,"url":"https:\/\/willi-junker.de\/dachs\/?p=4884","url_meta":{"origin":700,"position":2},"title":"Vortour IndianSummerTour 2018","author":"Willi","date":"20.10.2018","format":false,"excerpt":"Bin heute Morgen um kurz nach acht mit dem Rad in Richtung Osten gestartet. \u00dcber den Rheinweg geht es vorbei an Horn in Richtung Riegenroth. Danach nach Laudert und nach dem Erreichen der Autobahn in den weitl\u00e4ufigen Wald um den Luftekopf. Mit einigem hin und her erreiche ich einen Waldlehrpfad\u2026","rel":"","context":"In &quot;Touren&quot;","block_context":{"text":"Touren","link":"https:\/\/willi-junker.de\/dachs\/?cat=3"},"img":{"alt_text":"","src":"https:\/\/i0.wp.com\/willi-junker.de\/dachs\/wp-content\/uploads\/2018\/10\/img-20181028-wa0008-2026460692.jpg?resize=350%2C200","width":350,"height":200},"classes":[]},{"id":517,"url":"https:\/\/willi-junker.de\/dachs\/?p=517","url_meta":{"origin":700,"position":3},"title":"05:15 &#8211; Aufstehen ; 06:15 &#8211; Abmarsch","author":"Willi","date":"03.09.2011","format":false,"excerpt":"Gehe in der beginnenden D\u00e4mmerung los. Wolkenstein schl\u00e4ft noch, die Mitreisenden auch. Kurz vor der Juac H\u00fctte \u00fcberhole ich tats\u00e4chlich noch zwei Fr\u00fchaufsteher. Um 07:30 Uhr sitze ich beim Fr\u00fchst\u00fcck auf der Regensburger H\u00fctte. Hier ist richtig was los. Die \u00dcbernachtungsg\u00e4ste sind scheinbar schon alle munter. Nach 30 Minuten gehts\u2026","rel":"","context":"In &quot;Touren&quot;","block_context":{"text":"Touren","link":"https:\/\/willi-junker.de\/dachs\/?cat=3"},"img":{"alt_text":"","src":"","width":0,"height":0},"classes":[]},{"id":545,"url":"https:\/\/willi-junker.de\/dachs\/?p=545","url_meta":{"origin":700,"position":4},"title":"11:30 Uhr &#8211; Stevia","author":"Willi","date":"05.09.2011","format":false,"excerpt":"Auch heute, am letzten gemeinsamen Tag unternehmen wir noch eine Bergtour. Zum Mittagessen sitzen wir nach 800 H\u00f6henmetern beim Toni auf der Stevia H\u00fctte. Sicht gleich null und p\u00fcnktlich zum Einkehren auch Regen. Posted from WordPress for Android","rel":"","context":"In &quot;Touren&quot;","block_context":{"text":"Touren","link":"https:\/\/willi-junker.de\/dachs\/?cat=3"},"img":{"alt_text":"","src":"","width":0,"height":0},"classes":[]},{"id":2011,"url":"https:\/\/willi-junker.de\/dachs\/?p=2011","url_meta":{"origin":700,"position":5},"title":"Skitag 3 &#8211; Falzarego \/ Lagazoi","author":"Willi","date":"26.02.2015","format":false,"excerpt":"Heute geht es hoch hinauf. Wir sind auf dem Weg zum Falzarego-Pa\u00df. Noch ist es sonnig.","rel":"","context":"In &quot;Touren&quot;","block_context":{"text":"Touren","link":"https:\/\/willi-junker.de\/dachs\/?cat=3"},"img":{"alt_text":"","src":"","width":0,"height":0},"classes":[]}],"_links":{"self":[{"href":"https:\/\/willi-junker.de\/dachs\/index.php?rest_route=\/wp\/v2\/posts\/700","targetHints":{"allow":["GET"]}}],"collection":[{"href":"https:\/\/willi-junker.de\/dachs\/index.php?rest_route=\/wp\/v2\/posts"}],"about":[{"href":"https:\/\/willi-junker.de\/dachs\/index.php?rest_route=\/wp\/v2\/types\/post"}],"author":[{"embeddable":true,"href":"https:\/\/willi-junker.de\/dachs\/index.php?rest_route=\/wp\/v2\/users\/1"}],"replies":[{"embeddable":true,"href":"https:\/\/willi-junker.de\/dachs\/index.php?rest_route=%2Fwp%2Fv2%2Fcomments&post=700"}],"version-history":[{"count":1,"href":"https:\/\/willi-junker.de\/dachs\/index.php?rest_route=\/wp\/v2\/posts\/700\/revisions"}],"predecessor-version":[{"id":701,"href":"https:\/\/willi-junker.de\/dachs\/index.php?rest_route=\/wp\/v2\/posts\/700\/revisions\/701"}],"wp:attachment":[{"href":"https:\/\/willi-junker.de\/dachs\/index.php?rest_route=%2Fwp%2Fv2%2Fmedia&parent=700"}],"wp:term":[{"taxonomy":"category","embeddable":true,"href":"https:\/\/willi-junker.de\/dachs\/index.php?rest_route=%2Fwp%2Fv2%2Fcategories&post=700"},{"taxonomy":"post_tag","embeddable":true,"href":"https:\/\/willi-junker.de\/dachs\/index.php?rest_route=%2Fwp%2Fv2%2Ftags&post=700"}],"curies":[{"name":"wp","href":"https:\/\/api.w.org\/{rel}","templated":true}]}}