{"id":696,"date":"2012-03-03T15:18:39","date_gmt":"2012-03-03T14:18:39","guid":{"rendered":"http:\/\/willi-junker.de\/dachs\/?p=696"},"modified":"2012-03-03T15:18:40","modified_gmt":"2012-03-03T14:18:40","slug":"abschluss-auf-der-prackenhutte","status":"publish","type":"post","link":"https:\/\/willi-junker.de\/dachs\/?p=696","title":{"rendered":"Abschluss auf der Prackenh\u00fctte"},"content":{"rendered":"<p><a alt=\"image\" href=\"https:\/\/i0.wp.com\/willi-junker.de\/dachs\/wp-content\/uploads\/2012\/03\/wpid-IMAG09681.jpg?ssl=1\"><img data-recalc-dims=\"1\" decoding=\"async\" title=\"\" class=\"alignnone\" alt=\"image\" src=\"https:\/\/i0.wp.com\/willi-junker.de\/dachs\/wp-content\/uploads\/2012\/03\/wpid-IMAG0968.jpg?w=640&#038;ssl=1\" \/><\/a><\/p>\n<p>Gleich folgt die letzte Abfahrt und dann geht es Richtung Heimat.<\/p>\n<p><span class=\"post_sig\">Posted from WordPress for Android<\/span><\/p>\n","protected":false},"excerpt":{"rendered":"<p>Gleich folgt die letzte Abfahrt und dann geht es Richtung Heimat. Posted from WordPress for Android<\/p>\n","protected":false},"author":1,"featured_media":0,"comment_status":"open","ping_status":"open","sticky":false,"template":"","format":"standard","meta":{"_crdt_document":"","jetpack_post_was_ever_published":false,"_jetpack_newsletter_access":"","_jetpack_dont_email_post_to_subs":false,"_jetpack_newsletter_tier_id":0,"_jetpack_memberships_contains_paywalled_content":false,"_jetpack_memberships_contains_paid_content":false,"footnotes":"","jetpack_publicize_message":"","jetpack_publicize_feature_enabled":true,"jetpack_social_post_already_shared":false,"jetpack_social_options":{"image_generator_settings":{"template":"highway","default_image_id":0,"font":"","enabled":false},"version":2}},"categories":[3],"tags":[],"class_list":["post-696","post","type-post","status-publish","format-standard","hentry","category-touren"],"jetpack_publicize_connections":[],"jetpack_featured_media_url":"","jetpack_sharing_enabled":true,"jetpack_shortlink":"https:\/\/wp.me\/p73o9s-be","jetpack-related-posts":[{"id":3839,"url":"https:\/\/willi-junker.de\/dachs\/?p=3839","url_meta":{"origin":696,"position":0},"title":"5. Skitag &#8211; Heute die Val Gardena Ronda","author":"Willi","date":"08.03.2017","format":false,"excerpt":"Herrliches Wetter, tolle Fernsicht, phantastischer Abfahrten. Ein Traum. Habe heute jeden Lift und jede Piste mitgenommen, die ich finden kann. Begonnen habe ich am Ciampinoi. Dann geht es in die Steinerne Stadt und von dort \u00fcber den Piz Sella nach Monte Pana. Oben auf dem Monte S\u00ebura genie\u00dfe ich die\u2026","rel":"","context":"In &quot;Touren&quot;","block_context":{"text":"Touren","link":"https:\/\/willi-junker.de\/dachs\/?cat=3"},"img":{"alt_text":"","src":"https:\/\/i0.wp.com\/willi-junker.de\/dachs\/wp-content\/uploads\/2017\/03\/wp-image-747463392jpg.jpg?resize=350%2C200","width":350,"height":200,"srcset":"https:\/\/i0.wp.com\/willi-junker.de\/dachs\/wp-content\/uploads\/2017\/03\/wp-image-747463392jpg.jpg?resize=350%2C200 1x, https:\/\/i0.wp.com\/willi-junker.de\/dachs\/wp-content\/uploads\/2017\/03\/wp-image-747463392jpg.jpg?resize=525%2C300 1.5x, https:\/\/i0.wp.com\/willi-junker.de\/dachs\/wp-content\/uploads\/2017\/03\/wp-image-747463392jpg.jpg?resize=700%2C400 2x"},"classes":[]},{"id":3819,"url":"https:\/\/willi-junker.de\/dachs\/?p=3819","url_meta":{"origin":696,"position":1},"title":"4. Skitag &#8211; Seiser Alm","author":"Willi","date":"07.03.2017","format":false,"excerpt":"09:25 Uhr - Monte Pana im Skibus. Bin \u00fcber den Ciampinoi und den Piz Sella hier her\u00fcber. Tolle 4,4 km lange Abfahrt hier her\u00fcber.\u00a0 Weiter geht's \u00fcber die Saltria und die Williamsh\u00fctte nach Compatsch und den Puflatsch (11 Uhr). Dann folgt noch ein Abstecher zur Arnikah\u00fctte. Hier habe ich mich\u2026","rel":"","context":"In &quot;Touren&quot;","block_context":{"text":"Touren","link":"https:\/\/willi-junker.de\/dachs\/?cat=3"},"img":{"alt_text":"","src":"https:\/\/i0.wp.com\/willi-junker.de\/dachs\/wp-content\/uploads\/2017\/03\/wp-image-49103105jpg.jpg?resize=350%2C200","width":350,"height":200,"srcset":"https:\/\/i0.wp.com\/willi-junker.de\/dachs\/wp-content\/uploads\/2017\/03\/wp-image-49103105jpg.jpg?resize=350%2C200 1x, https:\/\/i0.wp.com\/willi-junker.de\/dachs\/wp-content\/uploads\/2017\/03\/wp-image-49103105jpg.jpg?resize=525%2C300 1.5x, https:\/\/i0.wp.com\/willi-junker.de\/dachs\/wp-content\/uploads\/2017\/03\/wp-image-49103105jpg.jpg?resize=700%2C400 2x"},"classes":[]},{"id":5634,"url":"https:\/\/willi-junker.de\/dachs\/?p=5634","url_meta":{"origin":696,"position":2},"title":"Etappe 2 &#8211; Radtour nach Bad Mingolsheim","author":"Willi","date":"18.04.2024","format":false,"excerpt":"Die ganze Nacht hat es mehr oder weniger geregnet. Auch beim Fr\u00fchst\u00fcck ist es noch am Tr\u00f6pfeln. Aber p\u00fcnktlich zur Abreise scheint doch tats\u00e4chlich die Sonne. Unglaublich. Aber es ist schweinekalt und die Schneegrenze ist nur unwesentlich \u00fcber meinem Standort. Zuerst geht es aufw\u00e4rts in Richtung Johanniskreuz. Der Verkehr auf\u2026","rel":"","context":"In &quot;Touren&quot;","block_context":{"text":"Touren","link":"https:\/\/willi-junker.de\/dachs\/?cat=3"},"img":{"alt_text":"","src":"https:\/\/i0.wp.com\/willi-junker.de\/dachs\/wp-content\/uploads\/2024\/04\/img_20240418_095937_hdr453877568738311592.jpg?resize=350%2C200&ssl=1","width":350,"height":200,"srcset":"https:\/\/i0.wp.com\/willi-junker.de\/dachs\/wp-content\/uploads\/2024\/04\/img_20240418_095937_hdr453877568738311592.jpg?resize=350%2C200&ssl=1 1x, https:\/\/i0.wp.com\/willi-junker.de\/dachs\/wp-content\/uploads\/2024\/04\/img_20240418_095937_hdr453877568738311592.jpg?resize=525%2C300&ssl=1 1.5x, https:\/\/i0.wp.com\/willi-junker.de\/dachs\/wp-content\/uploads\/2024\/04\/img_20240418_095937_hdr453877568738311592.jpg?resize=700%2C400&ssl=1 2x, https:\/\/i0.wp.com\/willi-junker.de\/dachs\/wp-content\/uploads\/2024\/04\/img_20240418_095937_hdr453877568738311592.jpg?resize=1050%2C600&ssl=1 3x, https:\/\/i0.wp.com\/willi-junker.de\/dachs\/wp-content\/uploads\/2024\/04\/img_20240418_095937_hdr453877568738311592.jpg?resize=1400%2C800&ssl=1 4x"},"classes":[]},{"id":3877,"url":"https:\/\/willi-junker.de\/dachs\/?p=3877","url_meta":{"origin":696,"position":3},"title":"7. Skitag &#8211; Das n\u00e4chste Extrem","author":"Willi","date":"10.03.2017","format":false,"excerpt":"Heute fliegt alles weg, was nicht niet- und nagelfest ist. Toller Sonnenschein und Orkan.Die gro\u00dfen Lifte laufen nur eingeschr\u00e4nkt, die Sella-Ronda ist geschlossen. Hab mich ins Val (Langental) verkr\u00fcmelt. Knallharte Pisten. Selbst auf schwarzen Pisten muss man aufpassen, dass man nicht den Berg hoch geschoben wird \ud83d\ude01. Hab mich dann\u2026","rel":"","context":"In &quot;Touren&quot;","block_context":{"text":"Touren","link":"https:\/\/willi-junker.de\/dachs\/?cat=3"},"img":{"alt_text":"","src":"https:\/\/i0.wp.com\/willi-junker.de\/dachs\/wp-content\/uploads\/2017\/03\/wp-image-1082581161jpg.jpg?resize=350%2C200","width":350,"height":200,"srcset":"https:\/\/i0.wp.com\/willi-junker.de\/dachs\/wp-content\/uploads\/2017\/03\/wp-image-1082581161jpg.jpg?resize=350%2C200 1x, https:\/\/i0.wp.com\/willi-junker.de\/dachs\/wp-content\/uploads\/2017\/03\/wp-image-1082581161jpg.jpg?resize=525%2C300 1.5x, https:\/\/i0.wp.com\/willi-junker.de\/dachs\/wp-content\/uploads\/2017\/03\/wp-image-1082581161jpg.jpg?resize=700%2C400 2x"},"classes":[]},{"id":4890,"url":"https:\/\/willi-junker.de\/dachs\/?p=4890","url_meta":{"origin":696,"position":4},"title":"Indian Summer Abschlusstour TuS Laubach","author":"Willi","date":"28.10.2018","format":false,"excerpt":"Am Sonntag nach der Zeitumstellung ist traditionell der Termin f\u00fcr die Abschlusstour der Radler vom TuS Laubach. Um 10:00 Uhr treffen sich sieben noch unverfrohrene Radler am Gemeindehaus in Laubach. Das Thermometer hat die Dreigrad-Marke noch nicht erreicht. Man soll die Hoffnung aber niemals aufgeben. Es geht durch den Wald\u2026","rel":"","context":"In &quot;Touren&quot;","block_context":{"text":"Touren","link":"https:\/\/willi-junker.de\/dachs\/?cat=3"},"img":{"alt_text":"","src":"https:\/\/i0.wp.com\/willi-junker.de\/dachs\/wp-content\/uploads\/2018\/10\/20181028_112554-547569827.jpg?resize=350%2C200","width":350,"height":200,"srcset":"https:\/\/i0.wp.com\/willi-junker.de\/dachs\/wp-content\/uploads\/2018\/10\/20181028_112554-547569827.jpg?resize=350%2C200 1x, https:\/\/i0.wp.com\/willi-junker.de\/dachs\/wp-content\/uploads\/2018\/10\/20181028_112554-547569827.jpg?resize=525%2C300 1.5x, https:\/\/i0.wp.com\/willi-junker.de\/dachs\/wp-content\/uploads\/2018\/10\/20181028_112554-547569827.jpg?resize=700%2C400 2x, https:\/\/i0.wp.com\/willi-junker.de\/dachs\/wp-content\/uploads\/2018\/10\/20181028_112554-547569827.jpg?resize=1050%2C600 3x, https:\/\/i0.wp.com\/willi-junker.de\/dachs\/wp-content\/uploads\/2018\/10\/20181028_112554-547569827.jpg?resize=1400%2C800 4x"},"classes":[]},{"id":4334,"url":"https:\/\/willi-junker.de\/dachs\/?p=4334","url_meta":{"origin":696,"position":5},"title":"Allerheiligen &#8211; Wandern auf dem Saar-Hunsr\u00fcck-Steig und diversen Traumschleifen\u00a0","author":"Willi","date":"01.11.2017","format":false,"excerpt":"Bin heute Morgen bei blauem Himmel und einstelligen Temperaturen \u00fcber den Schinderhannespfad nach Kastellaun. Auf dem Marktplatz bin ich auf den Saar-Hunsr\u00fcck-Steig gesto\u00dfen. Zuerst \u00fcber die Burg und dann weiter in Richtung Uhler und Mannebach. Dann kommt nach knapp 20 km das Tor zur Traumschleife Baybachtal. Gegen 12:20 Uhr bin\u2026","rel":"","context":"In &quot;Touren&quot;","block_context":{"text":"Touren","link":"https:\/\/willi-junker.de\/dachs\/?cat=3"},"img":{"alt_text":"","src":"","width":0,"height":0},"classes":[]}],"_links":{"self":[{"href":"https:\/\/willi-junker.de\/dachs\/index.php?rest_route=\/wp\/v2\/posts\/696","targetHints":{"allow":["GET"]}}],"collection":[{"href":"https:\/\/willi-junker.de\/dachs\/index.php?rest_route=\/wp\/v2\/posts"}],"about":[{"href":"https:\/\/willi-junker.de\/dachs\/index.php?rest_route=\/wp\/v2\/types\/post"}],"author":[{"embeddable":true,"href":"https:\/\/willi-junker.de\/dachs\/index.php?rest_route=\/wp\/v2\/users\/1"}],"replies":[{"embeddable":true,"href":"https:\/\/willi-junker.de\/dachs\/index.php?rest_route=%2Fwp%2Fv2%2Fcomments&post=696"}],"version-history":[{"count":1,"href":"https:\/\/willi-junker.de\/dachs\/index.php?rest_route=\/wp\/v2\/posts\/696\/revisions"}],"predecessor-version":[{"id":697,"href":"https:\/\/willi-junker.de\/dachs\/index.php?rest_route=\/wp\/v2\/posts\/696\/revisions\/697"}],"wp:attachment":[{"href":"https:\/\/willi-junker.de\/dachs\/index.php?rest_route=%2Fwp%2Fv2%2Fmedia&parent=696"}],"wp:term":[{"taxonomy":"category","embeddable":true,"href":"https:\/\/willi-junker.de\/dachs\/index.php?rest_route=%2Fwp%2Fv2%2Fcategories&post=696"},{"taxonomy":"post_tag","embeddable":true,"href":"https:\/\/willi-junker.de\/dachs\/index.php?rest_route=%2Fwp%2Fv2%2Ftags&post=696"}],"curies":[{"name":"wp","href":"https:\/\/api.w.org\/{rel}","templated":true}]}}