{"id":692,"date":"2012-03-03T11:15:54","date_gmt":"2012-03-03T10:15:54","guid":{"rendered":"http:\/\/willi-junker.de\/dachs\/?p=692"},"modified":"2012-03-03T11:15:54","modified_gmt":"2012-03-03T10:15:54","slug":"letzter-skitag","status":"publish","type":"post","link":"https:\/\/willi-junker.de\/dachs\/?p=692","title":{"rendered":"Letzter Skitag"},"content":{"rendered":"<p><a alt=\"image\" href=\"https:\/\/i0.wp.com\/willi-junker.de\/dachs\/wp-content\/uploads\/2012\/03\/wpid-IMAG09661.jpg?ssl=1\"><img data-recalc-dims=\"1\" decoding=\"async\" title=\"\" class=\"alignnone\" alt=\"image\" src=\"https:\/\/i0.wp.com\/willi-junker.de\/dachs\/wp-content\/uploads\/2012\/03\/wpid-IMAG0966.jpg?w=640&#038;ssl=1\" \/><\/a><\/p>\n<p>Es sieht nach Fr\u00fchling aus.<\/p>\n<p><span class=\"post_sig\">Posted from WordPress for Android<\/span><\/p>\n","protected":false},"excerpt":{"rendered":"<p>Es sieht nach Fr\u00fchling aus. Posted from WordPress for Android<\/p>\n","protected":false},"author":1,"featured_media":0,"comment_status":"open","ping_status":"open","sticky":false,"template":"","format":"standard","meta":{"_crdt_document":"","jetpack_post_was_ever_published":false,"_jetpack_newsletter_access":"","_jetpack_dont_email_post_to_subs":false,"_jetpack_newsletter_tier_id":0,"_jetpack_memberships_contains_paywalled_content":false,"_jetpack_memberships_contains_paid_content":false,"footnotes":"","jetpack_publicize_message":"","jetpack_publicize_feature_enabled":true,"jetpack_social_post_already_shared":false,"jetpack_social_options":{"image_generator_settings":{"template":"highway","default_image_id":0,"font":"","enabled":false},"version":2}},"categories":[3],"tags":[],"class_list":["post-692","post","type-post","status-publish","format-standard","hentry","category-touren"],"jetpack_publicize_connections":[],"jetpack_featured_media_url":"","jetpack_sharing_enabled":true,"jetpack_shortlink":"https:\/\/wp.me\/p73o9s-ba","jetpack-related-posts":[{"id":688,"url":"https:\/\/willi-junker.de\/dachs\/?p=688","url_meta":{"origin":692,"position":0},"title":"Lagazuoi &#8211; Ein weiterer sehr warmer Skitag","author":"Willi","date":"02.03.2012","format":false,"excerpt":"Wie jeden Tag starten wir um 08:30 Uhr ins Skigebiet. Heute geht es auf den Falzaregopa\u00df und von dort mit der Seilbahn auf den kleinen Lagazuoi. Mangels Schnee k\u00f6nnen wir leider nicht die ganze Tour machen und fahren mit dem Skibus zur\u00fcck zum Falzarego. Ab hier gehts dann wieder hinauf\u2026","rel":"","context":"In &quot;Touren&quot;","block_context":{"text":"Touren","link":"https:\/\/willi-junker.de\/dachs\/?cat=3"},"img":{"alt_text":"","src":"","width":0,"height":0},"classes":[]},{"id":1173,"url":"https:\/\/willi-junker.de\/dachs\/?p=1173","url_meta":{"origin":692,"position":1},"title":"Letzter Skitag.","author":"Willi","date":"02.03.2013","format":false,"excerpt":"Ich hatte schon gestern den letzten Skitag. Heute gehen wir zu f\u00fcnft spazieren, ich erk\u00e4ltungsbedingt. Wir sind hoch zum Langlaufzentrum Pfalzen. Der Rest der Gruppe ist auf dem Kronplatz. Heute Abend, nach dem Abendessen, gehts zur\u00fcck in den Hunsr\u00fcck.","rel":"","context":"In &quot;Touren&quot;","block_context":{"text":"Touren","link":"https:\/\/willi-junker.de\/dachs\/?cat=3"},"img":{"alt_text":"","src":"","width":0,"height":0},"classes":[]},{"id":1200,"url":"https:\/\/willi-junker.de\/dachs\/?p=1200","url_meta":{"origin":692,"position":2},"title":"Letzter Skitag Saison 2012\/2013","author":"Willi","date":"07.04.2013","format":false,"excerpt":"Bin heute wieder im Idar- und Hochwald unterwegs. Nach 29 km sitze ich an der Talstation vom Erbeskopf. Hab jetzt noch 20 km bis zum Auto.","rel":"","context":"In &quot;Touren&quot;","block_context":{"text":"Touren","link":"https:\/\/willi-junker.de\/dachs\/?cat=3"},"img":{"alt_text":"","src":"","width":0,"height":0},"classes":[]},{"id":649,"url":"https:\/\/willi-junker.de\/dachs\/?p=649","url_meta":{"origin":692,"position":3},"title":"Ein hei\u00dfer Skitag geht zu Ende","author":"Willi","date":"28.02.2012","format":false,"excerpt":"Abschluss am K1 Posted from WordPress for Android","rel":"","context":"In &quot;Touren&quot;","block_context":{"text":"Touren","link":"https:\/\/willi-junker.de\/dachs\/?cat=3"},"img":{"alt_text":"","src":"","width":0,"height":0},"classes":[]},{"id":662,"url":"https:\/\/willi-junker.de\/dachs\/?p=662","url_meta":{"origin":692,"position":4},"title":"Ein anstrengender Skitag geht zu Ende","author":"Willi","date":"29.02.2012","format":false,"excerpt":"Bei sommerlichen Temperaturen sitzen wir an der Skihutte Sompunt in Petraces. Posted from WordPress for Android","rel":"","context":"In &quot;Touren&quot;","block_context":{"text":"Touren","link":"https:\/\/willi-junker.de\/dachs\/?cat=3"},"img":{"alt_text":"","src":"","width":0,"height":0},"classes":[]},{"id":3798,"url":"https:\/\/willi-junker.de\/dachs\/?p=3798","url_meta":{"origin":692,"position":5},"title":"2. Skitag &#8211; Das k\u00f6nnte ein H\u00fcttentag werden","author":"Willi","date":"05.03.2017","format":false,"excerpt":"So sieht derzeit der Blick aus der Haust\u00fcr aus. Da die Sicht heute Morgen oben sehr eingeschr\u00e4nkt ist, fahre ich nur bis zur Seceda. Um die Mittagszeit wird es vor\u00fcbergehend sogar sonnig und ich wechsele hin\u00fcber zum Ciampinoi und Sella-Joch. Doch dann zieht es wieder zu und ich beschlie\u00dfe den\u2026","rel":"","context":"In &quot;Touren&quot;","block_context":{"text":"Touren","link":"https:\/\/willi-junker.de\/dachs\/?cat=3"},"img":{"alt_text":"","src":"https:\/\/i0.wp.com\/willi-junker.de\/dachs\/wp-content\/uploads\/2017\/03\/wp-image-373014046jpg-1.jpg?resize=350%2C200","width":350,"height":200,"srcset":"https:\/\/i0.wp.com\/willi-junker.de\/dachs\/wp-content\/uploads\/2017\/03\/wp-image-373014046jpg-1.jpg?resize=350%2C200 1x, https:\/\/i0.wp.com\/willi-junker.de\/dachs\/wp-content\/uploads\/2017\/03\/wp-image-373014046jpg-1.jpg?resize=525%2C300 1.5x, https:\/\/i0.wp.com\/willi-junker.de\/dachs\/wp-content\/uploads\/2017\/03\/wp-image-373014046jpg-1.jpg?resize=700%2C400 2x"},"classes":[]}],"_links":{"self":[{"href":"https:\/\/willi-junker.de\/dachs\/index.php?rest_route=\/wp\/v2\/posts\/692","targetHints":{"allow":["GET"]}}],"collection":[{"href":"https:\/\/willi-junker.de\/dachs\/index.php?rest_route=\/wp\/v2\/posts"}],"about":[{"href":"https:\/\/willi-junker.de\/dachs\/index.php?rest_route=\/wp\/v2\/types\/post"}],"author":[{"embeddable":true,"href":"https:\/\/willi-junker.de\/dachs\/index.php?rest_route=\/wp\/v2\/users\/1"}],"replies":[{"embeddable":true,"href":"https:\/\/willi-junker.de\/dachs\/index.php?rest_route=%2Fwp%2Fv2%2Fcomments&post=692"}],"version-history":[{"count":1,"href":"https:\/\/willi-junker.de\/dachs\/index.php?rest_route=\/wp\/v2\/posts\/692\/revisions"}],"predecessor-version":[{"id":693,"href":"https:\/\/willi-junker.de\/dachs\/index.php?rest_route=\/wp\/v2\/posts\/692\/revisions\/693"}],"wp:attachment":[{"href":"https:\/\/willi-junker.de\/dachs\/index.php?rest_route=%2Fwp%2Fv2%2Fmedia&parent=692"}],"wp:term":[{"taxonomy":"category","embeddable":true,"href":"https:\/\/willi-junker.de\/dachs\/index.php?rest_route=%2Fwp%2Fv2%2Fcategories&post=692"},{"taxonomy":"post_tag","embeddable":true,"href":"https:\/\/willi-junker.de\/dachs\/index.php?rest_route=%2Fwp%2Fv2%2Ftags&post=692"}],"curies":[{"name":"wp","href":"https:\/\/api.w.org\/{rel}","templated":true}]}}