{"id":688,"date":"2012-03-02T18:27:36","date_gmt":"2012-03-02T17:27:36","guid":{"rendered":"http:\/\/willi-junker.de\/dachs\/?p=688"},"modified":"2012-03-02T18:27:36","modified_gmt":"2012-03-02T17:27:36","slug":"lagazuoi-ein-weiterer-sehr-warmer-skitag","status":"publish","type":"post","link":"https:\/\/willi-junker.de\/dachs\/?p=688","title":{"rendered":"Lagazuoi &#8211; Ein weiterer sehr warmer Skitag"},"content":{"rendered":"<p>Wie jeden Tag starten wir um 08:30 Uhr ins Skigebiet. Heute geht es auf den Falzaregopa\u00df und von dort mit der Seilbahn auf den kleinen Lagazuoi.<\/p>\n<p><a alt=\"image\" href=\"https:\/\/i0.wp.com\/willi-junker.de\/dachs\/wp-content\/uploads\/2012\/03\/wpid-IMAG09541.jpg?ssl=1\"><img data-recalc-dims=\"1\" decoding=\"async\" title=\"IMAG0954.jpg\" class=\"alignnone\" alt=\"image\" src=\"https:\/\/i0.wp.com\/willi-junker.de\/dachs\/wp-content\/uploads\/2012\/03\/wpid-IMAG0954.jpg?w=640&#038;ssl=1\" \/><\/a><\/p>\n<p>Mangels Schnee k\u00f6nnen wir leider nicht die ganze Tour machen und fahren mit dem Skibus zur\u00fcck zum Falzarego.<\/p>\n<p><a alt=\"image\" href=\"https:\/\/i0.wp.com\/willi-junker.de\/dachs\/wp-content\/uploads\/2012\/03\/wpid-IMAG09561.jpg?ssl=1\"><img data-recalc-dims=\"1\" decoding=\"async\" title=\"IMAG0956.jpg\" class=\"alignnone\" alt=\"image\" src=\"https:\/\/i0.wp.com\/willi-junker.de\/dachs\/wp-content\/uploads\/2012\/03\/wpid-IMAG0956.jpg?w=640&#038;ssl=1\" \/><\/a><\/p>\n<p>Ab hier gehts dann wieder hinauf zum Lagazuoi und von dort hinab nach Alta Badia und weiter zu unserem Bus.<\/p>\n<p><a alt=\"image\" href=\"https:\/\/i0.wp.com\/willi-junker.de\/dachs\/wp-content\/uploads\/2012\/03\/wpid-IMAG09631.jpg?ssl=1\"><img data-recalc-dims=\"1\" decoding=\"async\" title=\"IMAG0963.jpg\" class=\"alignnone\" alt=\"image\" src=\"https:\/\/i0.wp.com\/willi-junker.de\/dachs\/wp-content\/uploads\/2012\/03\/wpid-IMAG0963.jpg?w=640&#038;ssl=1\" \/><\/a><\/p>\n<p>Abendstimmung \u00fcber Petraces.<\/p>\n<p><span class=\"post_sig\">Posted from WordPress for Android<\/span><\/p>\n","protected":false},"excerpt":{"rendered":"<p>Wie jeden Tag starten wir um 08:30 Uhr ins Skigebiet. Heute geht es auf den Falzaregopa\u00df und von dort mit der Seilbahn auf den kleinen Lagazuoi. Mangels Schnee k\u00f6nnen wir leider nicht die ganze Tour machen und fahren mit dem &hellip; <a href=\"https:\/\/willi-junker.de\/dachs\/?p=688\">Weiterlesen <span class=\"meta-nav\">&rarr;<\/span><\/a><\/p>\n","protected":false},"author":1,"featured_media":0,"comment_status":"open","ping_status":"open","sticky":false,"template":"","format":"standard","meta":{"_crdt_document":"","jetpack_post_was_ever_published":false,"_jetpack_newsletter_access":"","_jetpack_dont_email_post_to_subs":false,"_jetpack_newsletter_tier_id":0,"_jetpack_memberships_contains_paywalled_content":false,"_jetpack_memberships_contains_paid_content":false,"footnotes":"","jetpack_publicize_message":"","jetpack_publicize_feature_enabled":true,"jetpack_social_post_already_shared":false,"jetpack_social_options":{"image_generator_settings":{"template":"highway","default_image_id":0,"font":"","enabled":false},"version":2}},"categories":[3],"tags":[],"class_list":["post-688","post","type-post","status-publish","format-standard","hentry","category-touren"],"jetpack_publicize_connections":[],"jetpack_featured_media_url":"","jetpack_sharing_enabled":true,"jetpack_shortlink":"https:\/\/wp.me\/p73o9s-b6","jetpack-related-posts":[{"id":5367,"url":"https:\/\/willi-junker.de\/dachs\/?p=5367","url_meta":{"origin":688,"position":0},"title":"Dolomitenrundfahrt","author":"Willi","date":"01.11.2019","format":false,"excerpt":"Direkt nach dem Fr\u00fchst\u00fcck starten wir in Richtung S\u00fcden. \u00dcber Tramin und Kurtatsch geht es nach Montan und ins Fleimstal. In Predazzo machen wir im Skistadion eine gr\u00f6\u00dfere Pause. Von dort geht's weiter in Richtung Canazei und dann hoch zum Fedaia Stausee. Das Wetter ist toll, die Null-Grad-Grenze verdammt nah.\u2026","rel":"","context":"In &quot;Touren&quot;","block_context":{"text":"Touren","link":"https:\/\/willi-junker.de\/dachs\/?cat=3"},"img":{"alt_text":"","src":"https:\/\/i0.wp.com\/willi-junker.de\/dachs\/wp-content\/uploads\/2019\/11\/20191101_105551-2061622361.jpg?resize=350%2C200&ssl=1","width":350,"height":200,"srcset":"https:\/\/i0.wp.com\/willi-junker.de\/dachs\/wp-content\/uploads\/2019\/11\/20191101_105551-2061622361.jpg?resize=350%2C200&ssl=1 1x, https:\/\/i0.wp.com\/willi-junker.de\/dachs\/wp-content\/uploads\/2019\/11\/20191101_105551-2061622361.jpg?resize=525%2C300&ssl=1 1.5x, https:\/\/i0.wp.com\/willi-junker.de\/dachs\/wp-content\/uploads\/2019\/11\/20191101_105551-2061622361.jpg?resize=700%2C400&ssl=1 2x, https:\/\/i0.wp.com\/willi-junker.de\/dachs\/wp-content\/uploads\/2019\/11\/20191101_105551-2061622361.jpg?resize=1050%2C600&ssl=1 3x, https:\/\/i0.wp.com\/willi-junker.de\/dachs\/wp-content\/uploads\/2019\/11\/20191101_105551-2061622361.jpg?resize=1400%2C800&ssl=1 4x"},"classes":[]},{"id":4274,"url":"https:\/\/willi-junker.de\/dachs\/?p=4274","url_meta":{"origin":688,"position":1},"title":"Tag 13 &#8211; Durch&#8217;s Val Cedul zum Piz Ciampac und zur Puezh\u00fctte\u00a0","author":"Willi","date":"30.07.2017","format":false,"excerpt":"Gegen 08:30 Uhr starten Andre und ich ins Langental und dann direkt rechts ab ins Val Cedul. Es folgt ein gut 900 Meter hoher Anstieg bis zum Cresp\u00ebinajoch und von dort geht es nochmals fast 150 Meter hoch auf den 2.667 Meter hohen Sass da Ciampac. Dort sind wir kurz\u2026","rel":"","context":"In &quot;Touren&quot;","block_context":{"text":"Touren","link":"https:\/\/willi-junker.de\/dachs\/?cat=3"},"img":{"alt_text":"","src":"https:\/\/i0.wp.com\/willi-junker.de\/dachs\/wp-content\/uploads\/2017\/07\/wp-image-1507284808.jpg?resize=350%2C200","width":350,"height":200,"srcset":"https:\/\/i0.wp.com\/willi-junker.de\/dachs\/wp-content\/uploads\/2017\/07\/wp-image-1507284808.jpg?resize=350%2C200 1x, https:\/\/i0.wp.com\/willi-junker.de\/dachs\/wp-content\/uploads\/2017\/07\/wp-image-1507284808.jpg?resize=525%2C300 1.5x, https:\/\/i0.wp.com\/willi-junker.de\/dachs\/wp-content\/uploads\/2017\/07\/wp-image-1507284808.jpg?resize=700%2C400 2x, https:\/\/i0.wp.com\/willi-junker.de\/dachs\/wp-content\/uploads\/2017\/07\/wp-image-1507284808.jpg?resize=1050%2C600 3x, https:\/\/i0.wp.com\/willi-junker.de\/dachs\/wp-content\/uploads\/2017\/07\/wp-image-1507284808.jpg?resize=1400%2C800 4x"},"classes":[]},{"id":2112,"url":"https:\/\/willi-junker.de\/dachs\/?p=2112","url_meta":{"origin":688,"position":2},"title":"2. Trainingseinheit f\u00fcr die 24 Stunden von RLP","author":"Willi","date":"04.06.2015","format":false,"excerpt":"Heute Morgen um 07.00 Uhr geht es los. Start in Laubach. Mit dabei sind noch Andre und Patrick. \u00dcber den neuen Schinderhannespfad geht es mit Einschluss des Kyrill- und des Burgstadtpfades auf die Hohe Buch. Von dort \u00fcber den Saar-Hunsr\u00fcck-Steig zum Diellaysteig und auf den Masdascher Burgherrrensteig. Ihn verlassen wir\u2026","rel":"","context":"In &quot;Touren&quot;","block_context":{"text":"Touren","link":"https:\/\/willi-junker.de\/dachs\/?cat=3"},"img":{"alt_text":"Auf dem Saar-Hunsr\u00fcck-Steig","src":"https:\/\/i0.wp.com\/willi-junker.de\/dachs\/wp-content\/uploads\/2015\/06\/S1460022_Bildgr%C3%B6%C3%9Fe-%C3%A4ndern-500x281.jpg?resize=350%2C200","width":350,"height":200},"classes":[]},{"id":4128,"url":"https:\/\/willi-junker.de\/dachs\/?p=4128","url_meta":{"origin":688,"position":3},"title":"H\u00fcttenwanderung &#8211; mal anders als in den letzten Tagen\u00a0","author":"Willi","date":"23.07.2017","format":false,"excerpt":"Am Tag sechs ist mal ein Ruhetag angesagt. Nach dem Fr\u00fchst\u00fcck und nachdem meine Schwester noch ein bisschen geschreinert hat, laufen wir langsam hoch auf die Seceda. Die Juac-H\u00fctte lassen wir erstmal links liegen und es geht weiter zur Regensburger H\u00fctte. Nach kurzer Getr\u00e4nkepause geht es hoch zur Pi\u00ebra Longia\u2026","rel":"","context":"In &quot;Touren&quot;","block_context":{"text":"Touren","link":"https:\/\/willi-junker.de\/dachs\/?cat=3"},"img":{"alt_text":"","src":"","width":0,"height":0},"classes":[]},{"id":958,"url":"https:\/\/willi-junker.de\/dachs\/?p=958","url_meta":{"origin":688,"position":4},"title":"H\u00fcttenpunkte sammeln","author":"Willi","date":"05.07.2012","format":false,"excerpt":"Heute fahren wir zuerst mit der Ciampinoi auf. Dann geht es \u00fcber die Comici zum Sellapass und weiter in die Langkofelscharte zur Demetzh\u00fctte. Von dort abw\u00e4rts durch die Langkofelscharte zur Langkofelh\u00fctte. Dann querend zur Plattkofelh\u00fctte, Murmeltierh\u00fctte, Zallinger, Williams, Tirlerh\u00fctte. Weiter geht es \u00fcber den Zallinger, Monte Pana und La Selva\u2026","rel":"","context":"In &quot;Touren&quot;","block_context":{"text":"Touren","link":"https:\/\/willi-junker.de\/dachs\/?cat=3"},"img":{"alt_text":"","src":"","width":0,"height":0},"classes":[]},{"id":858,"url":"https:\/\/willi-junker.de\/dachs\/?p=858","url_meta":{"origin":688,"position":5},"title":"10:45 Uhr &#8211; Stangenjoch","author":"Willi","date":"26.06.2012","format":false,"excerpt":"Das Stangenjoch hab ich fr\u00fcher als erwartet erreicht. Hoch oben in der Bildmitte sieht man schon das n\u00e4chste Zwischenziel, das Aussichtsrestaurant Wildkogel. Leider geht es jetzt von 1700m runter auf 1300m. Zwischendrinn liegt die Baumgartenalm mit dem Wirt Hans, ein echtes Original. Er schnappt sich als erstes meinen Rucksack, um\u2026","rel":"","context":"In &quot;Touren&quot;","block_context":{"text":"Touren","link":"https:\/\/willi-junker.de\/dachs\/?cat=3"},"img":{"alt_text":"","src":"","width":0,"height":0},"classes":[]}],"_links":{"self":[{"href":"https:\/\/willi-junker.de\/dachs\/index.php?rest_route=\/wp\/v2\/posts\/688","targetHints":{"allow":["GET"]}}],"collection":[{"href":"https:\/\/willi-junker.de\/dachs\/index.php?rest_route=\/wp\/v2\/posts"}],"about":[{"href":"https:\/\/willi-junker.de\/dachs\/index.php?rest_route=\/wp\/v2\/types\/post"}],"author":[{"embeddable":true,"href":"https:\/\/willi-junker.de\/dachs\/index.php?rest_route=\/wp\/v2\/users\/1"}],"replies":[{"embeddable":true,"href":"https:\/\/willi-junker.de\/dachs\/index.php?rest_route=%2Fwp%2Fv2%2Fcomments&post=688"}],"version-history":[{"count":1,"href":"https:\/\/willi-junker.de\/dachs\/index.php?rest_route=\/wp\/v2\/posts\/688\/revisions"}],"predecessor-version":[{"id":689,"href":"https:\/\/willi-junker.de\/dachs\/index.php?rest_route=\/wp\/v2\/posts\/688\/revisions\/689"}],"wp:attachment":[{"href":"https:\/\/willi-junker.de\/dachs\/index.php?rest_route=%2Fwp%2Fv2%2Fmedia&parent=688"}],"wp:term":[{"taxonomy":"category","embeddable":true,"href":"https:\/\/willi-junker.de\/dachs\/index.php?rest_route=%2Fwp%2Fv2%2Fcategories&post=688"},{"taxonomy":"post_tag","embeddable":true,"href":"https:\/\/willi-junker.de\/dachs\/index.php?rest_route=%2Fwp%2Fv2%2Ftags&post=688"}],"curies":[{"name":"wp","href":"https:\/\/api.w.org\/{rel}","templated":true}]}}