{"id":654,"date":"2012-02-29T11:36:45","date_gmt":"2012-02-29T10:36:45","guid":{"rendered":"http:\/\/willi-junker.de\/dachs\/?p=654"},"modified":"2012-02-29T11:36:45","modified_gmt":"2012-02-29T10:36:45","slug":"hochsommer-in-den-dolomiten","status":"publish","type":"post","link":"https:\/\/willi-junker.de\/dachs\/?p=654","title":{"rendered":"Hochsommer in den Dolomiten"},"content":{"rendered":"<p><a alt=\"image\" href=\"https:\/\/i0.wp.com\/willi-junker.de\/dachs\/wp-content\/uploads\/2012\/02\/wpid-IMAG09271.jpg?ssl=1\"><img data-recalc-dims=\"1\" decoding=\"async\" title=\"\" class=\"alignnone\" alt=\"image\" src=\"https:\/\/i0.wp.com\/willi-junker.de\/dachs\/wp-content\/uploads\/2012\/02\/wpid-IMAG0927.jpg?w=640&#038;ssl=1\" \/><\/a><\/p>\n<p>Die Sonne brennt bei 10 Grad vom Himmel.<\/p>\n<p><span class=\"post_sig\">Posted from WordPress for Android<\/span><\/p>\n","protected":false},"excerpt":{"rendered":"<p>Die Sonne brennt bei 10 Grad vom Himmel. Posted from WordPress for Android<\/p>\n","protected":false},"author":1,"featured_media":0,"comment_status":"open","ping_status":"open","sticky":false,"template":"","format":"standard","meta":{"_crdt_document":"","jetpack_post_was_ever_published":false,"_jetpack_newsletter_access":"","_jetpack_dont_email_post_to_subs":false,"_jetpack_newsletter_tier_id":0,"_jetpack_memberships_contains_paywalled_content":false,"_jetpack_memberships_contains_paid_content":false,"footnotes":"","jetpack_publicize_message":"","jetpack_publicize_feature_enabled":true,"jetpack_social_post_already_shared":false,"jetpack_social_options":{"image_generator_settings":{"template":"highway","default_image_id":0,"font":"","enabled":false},"version":2}},"categories":[3],"tags":[],"class_list":["post-654","post","type-post","status-publish","format-standard","hentry","category-touren"],"jetpack_publicize_connections":[],"jetpack_featured_media_url":"","jetpack_sharing_enabled":true,"jetpack_shortlink":"https:\/\/wp.me\/p73o9s-ay","jetpack-related-posts":[{"id":5319,"url":"https:\/\/willi-junker.de\/dachs\/?p=5319","url_meta":{"origin":654,"position":0},"title":"Wolkenstein \/ Seceda","author":"Willi","date":"27.10.2019","format":false,"excerpt":"Nach dem Fr\u00fchst\u00fcck geht es ins Gr\u00f6dnertal. Das Wetter ist unglaublich gut. Weit und breit kein W\u00f6lkchen zu sehen. Vom Parkplatz der Dantercepi\u00ebs geht es in Richtung Langental. Dann \u00fcber den Kreuzweg bis nach Daunei und von dort hoch zur Juac-H\u00fctte. Da wir uns komplett au\u00dferhalb der Saison befinden, ist\u2026","rel":"","context":"In &quot;Touren&quot;","block_context":{"text":"Touren","link":"https:\/\/willi-junker.de\/dachs\/?cat=3"},"img":{"alt_text":"","src":"https:\/\/i0.wp.com\/willi-junker.de\/dachs\/wp-content\/uploads\/2019\/10\/20191027_1124451139096172.jpg?resize=350%2C200&ssl=1","width":350,"height":200,"srcset":"https:\/\/i0.wp.com\/willi-junker.de\/dachs\/wp-content\/uploads\/2019\/10\/20191027_1124451139096172.jpg?resize=350%2C200&ssl=1 1x, https:\/\/i0.wp.com\/willi-junker.de\/dachs\/wp-content\/uploads\/2019\/10\/20191027_1124451139096172.jpg?resize=525%2C300&ssl=1 1.5x, https:\/\/i0.wp.com\/willi-junker.de\/dachs\/wp-content\/uploads\/2019\/10\/20191027_1124451139096172.jpg?resize=700%2C400&ssl=1 2x, https:\/\/i0.wp.com\/willi-junker.de\/dachs\/wp-content\/uploads\/2019\/10\/20191027_1124451139096172.jpg?resize=1050%2C600&ssl=1 3x, https:\/\/i0.wp.com\/willi-junker.de\/dachs\/wp-content\/uploads\/2019\/10\/20191027_1124451139096172.jpg?resize=1400%2C800&ssl=1 4x"},"classes":[]},{"id":5626,"url":"https:\/\/willi-junker.de\/dachs\/?p=5626","url_meta":{"origin":654,"position":1},"title":"Etappe 1 &#8211; Radtour nach Bad Mingolsheim","author":"Willi","date":"17.04.2024","format":false,"excerpt":"Heute Morgen beginnt meine k\u00fchle Radtour nach Bad Mingolsheim. Ich habe extra noch eine Stunde l\u00e4nger gewartet bis zum Losfahren, aber die Temperatur liegt noch immer bei drei Grad. Die Sonne blinzelt durch die Wolken. Also packe ich mein Fahrrad und los geht es. Die Route ist mir bekannt. 2019\u2026","rel":"","context":"In &quot;Touren&quot;","block_context":{"text":"Touren","link":"https:\/\/willi-junker.de\/dachs\/?cat=3"},"img":{"alt_text":"","src":"https:\/\/i0.wp.com\/willi-junker.de\/dachs\/wp-content\/uploads\/2024\/04\/img_20240417_092532_hdr2396000828602827369.jpg?resize=350%2C200&ssl=1","width":350,"height":200,"srcset":"https:\/\/i0.wp.com\/willi-junker.de\/dachs\/wp-content\/uploads\/2024\/04\/img_20240417_092532_hdr2396000828602827369.jpg?resize=350%2C200&ssl=1 1x, https:\/\/i0.wp.com\/willi-junker.de\/dachs\/wp-content\/uploads\/2024\/04\/img_20240417_092532_hdr2396000828602827369.jpg?resize=525%2C300&ssl=1 1.5x, https:\/\/i0.wp.com\/willi-junker.de\/dachs\/wp-content\/uploads\/2024\/04\/img_20240417_092532_hdr2396000828602827369.jpg?resize=700%2C400&ssl=1 2x, https:\/\/i0.wp.com\/willi-junker.de\/dachs\/wp-content\/uploads\/2024\/04\/img_20240417_092532_hdr2396000828602827369.jpg?resize=1050%2C600&ssl=1 3x, https:\/\/i0.wp.com\/willi-junker.de\/dachs\/wp-content\/uploads\/2024\/04\/img_20240417_092532_hdr2396000828602827369.jpg?resize=1400%2C800&ssl=1 4x"},"classes":[]},{"id":5382,"url":"https:\/\/willi-junker.de\/dachs\/?p=5382","url_meta":{"origin":654,"position":2},"title":"R\u00fcckfahrt in den Hunsr\u00fcck","author":"Willi","date":"02.11.2019","format":false,"excerpt":"Am Morgen nieselt es leicht. Die Berge rundum nicht sichtbar. Nach dem Fr\u00fchst\u00fcck ist es noch kein bisschen besser, eher noch heftiger. Von daher zahlen wir und treten die R\u00fcckreise an. Wir fahren hinauf ins Vinschgau, in Richtung Reschen. Naturns wird noch kurz zum Einkaufen genutzt. In Nauders biegen wir\u2026","rel":"","context":"In &quot;Touren&quot;","block_context":{"text":"Touren","link":"https:\/\/willi-junker.de\/dachs\/?cat=3"},"img":{"alt_text":"","src":"https:\/\/i0.wp.com\/willi-junker.de\/dachs\/wp-content\/uploads\/2019\/11\/20191102_081924936157082.jpg?resize=350%2C200&ssl=1","width":350,"height":200,"srcset":"https:\/\/i0.wp.com\/willi-junker.de\/dachs\/wp-content\/uploads\/2019\/11\/20191102_081924936157082.jpg?resize=350%2C200&ssl=1 1x, https:\/\/i0.wp.com\/willi-junker.de\/dachs\/wp-content\/uploads\/2019\/11\/20191102_081924936157082.jpg?resize=525%2C300&ssl=1 1.5x, https:\/\/i0.wp.com\/willi-junker.de\/dachs\/wp-content\/uploads\/2019\/11\/20191102_081924936157082.jpg?resize=700%2C400&ssl=1 2x, https:\/\/i0.wp.com\/willi-junker.de\/dachs\/wp-content\/uploads\/2019\/11\/20191102_081924936157082.jpg?resize=1050%2C600&ssl=1 3x, https:\/\/i0.wp.com\/willi-junker.de\/dachs\/wp-content\/uploads\/2019\/11\/20191102_081924936157082.jpg?resize=1400%2C800&ssl=1 4x"},"classes":[]},{"id":585,"url":"https:\/\/willi-junker.de\/dachs\/?p=585","url_meta":{"origin":654,"position":3},"title":"Mittag auf der Masnerh\u00fctte","author":"Willi","date":"04.12.2011","format":false,"excerpt":"Hier sind richtig gute Pistenverh\u00e4ltnisse und die Sonne kommt langsam durch. Posted from WordPress for Android","rel":"","context":"In &quot;Touren&quot;","block_context":{"text":"Touren","link":"https:\/\/willi-junker.de\/dachs\/?cat=3"},"img":{"alt_text":"","src":"","width":0,"height":0},"classes":[]},{"id":1683,"url":"https:\/\/willi-junker.de\/dachs\/?p=1683","url_meta":{"origin":654,"position":4},"title":"Heiligkreuz","author":"Willi","date":"24.08.2014","format":false,"excerpt":"Der Weg von der Schwaige hier herauf ist ganz toll und hat so gar keinen Dolomitencharakter. Mit Erreichen der Kapelle erscheinen schlagartig die Dolomiten mit ihrer ganzen Pracht im Osten. Von der Kapelle bis zum Gipfelkreuz sind noch 10 Minuten zu klettern. Hier gibt es dann 360 Grad Rundumsicht. Die\u2026","rel":"","context":"In &quot;Touren&quot;","block_context":{"text":"Touren","link":"https:\/\/willi-junker.de\/dachs\/?cat=3"},"img":{"alt_text":"","src":"","width":0,"height":0},"classes":[]},{"id":4890,"url":"https:\/\/willi-junker.de\/dachs\/?p=4890","url_meta":{"origin":654,"position":5},"title":"Indian Summer Abschlusstour TuS Laubach","author":"Willi","date":"28.10.2018","format":false,"excerpt":"Am Sonntag nach der Zeitumstellung ist traditionell der Termin f\u00fcr die Abschlusstour der Radler vom TuS Laubach. Um 10:00 Uhr treffen sich sieben noch unverfrohrene Radler am Gemeindehaus in Laubach. Das Thermometer hat die Dreigrad-Marke noch nicht erreicht. Man soll die Hoffnung aber niemals aufgeben. Es geht durch den Wald\u2026","rel":"","context":"In &quot;Touren&quot;","block_context":{"text":"Touren","link":"https:\/\/willi-junker.de\/dachs\/?cat=3"},"img":{"alt_text":"","src":"https:\/\/i0.wp.com\/willi-junker.de\/dachs\/wp-content\/uploads\/2018\/10\/20181028_112554-547569827.jpg?resize=350%2C200","width":350,"height":200,"srcset":"https:\/\/i0.wp.com\/willi-junker.de\/dachs\/wp-content\/uploads\/2018\/10\/20181028_112554-547569827.jpg?resize=350%2C200 1x, https:\/\/i0.wp.com\/willi-junker.de\/dachs\/wp-content\/uploads\/2018\/10\/20181028_112554-547569827.jpg?resize=525%2C300 1.5x, https:\/\/i0.wp.com\/willi-junker.de\/dachs\/wp-content\/uploads\/2018\/10\/20181028_112554-547569827.jpg?resize=700%2C400 2x, https:\/\/i0.wp.com\/willi-junker.de\/dachs\/wp-content\/uploads\/2018\/10\/20181028_112554-547569827.jpg?resize=1050%2C600 3x, https:\/\/i0.wp.com\/willi-junker.de\/dachs\/wp-content\/uploads\/2018\/10\/20181028_112554-547569827.jpg?resize=1400%2C800 4x"},"classes":[]}],"_links":{"self":[{"href":"https:\/\/willi-junker.de\/dachs\/index.php?rest_route=\/wp\/v2\/posts\/654","targetHints":{"allow":["GET"]}}],"collection":[{"href":"https:\/\/willi-junker.de\/dachs\/index.php?rest_route=\/wp\/v2\/posts"}],"about":[{"href":"https:\/\/willi-junker.de\/dachs\/index.php?rest_route=\/wp\/v2\/types\/post"}],"author":[{"embeddable":true,"href":"https:\/\/willi-junker.de\/dachs\/index.php?rest_route=\/wp\/v2\/users\/1"}],"replies":[{"embeddable":true,"href":"https:\/\/willi-junker.de\/dachs\/index.php?rest_route=%2Fwp%2Fv2%2Fcomments&post=654"}],"version-history":[{"count":1,"href":"https:\/\/willi-junker.de\/dachs\/index.php?rest_route=\/wp\/v2\/posts\/654\/revisions"}],"predecessor-version":[{"id":655,"href":"https:\/\/willi-junker.de\/dachs\/index.php?rest_route=\/wp\/v2\/posts\/654\/revisions\/655"}],"wp:attachment":[{"href":"https:\/\/willi-junker.de\/dachs\/index.php?rest_route=%2Fwp%2Fv2%2Fmedia&parent=654"}],"wp:term":[{"taxonomy":"category","embeddable":true,"href":"https:\/\/willi-junker.de\/dachs\/index.php?rest_route=%2Fwp%2Fv2%2Fcategories&post=654"},{"taxonomy":"post_tag","embeddable":true,"href":"https:\/\/willi-junker.de\/dachs\/index.php?rest_route=%2Fwp%2Fv2%2Ftags&post=654"}],"curies":[{"name":"wp","href":"https:\/\/api.w.org\/{rel}","templated":true}]}}