{"id":649,"date":"2012-02-28T17:49:10","date_gmt":"2012-02-28T16:49:10","guid":{"rendered":"http:\/\/willi-junker.de\/dachs\/?p=649"},"modified":"2012-02-28T17:49:10","modified_gmt":"2012-02-28T16:49:10","slug":"ein-heiser-skitag-geht-zu-ende","status":"publish","type":"post","link":"https:\/\/willi-junker.de\/dachs\/?p=649","title":{"rendered":"Ein hei\u00dfer Skitag geht zu Ende"},"content":{"rendered":"<p><a alt=\"image\" href=\"https:\/\/i0.wp.com\/willi-junker.de\/dachs\/wp-content\/uploads\/2012\/02\/wpid-IMAG09251.jpg?ssl=1\"><img data-recalc-dims=\"1\" decoding=\"async\" title=\"\" class=\"alignnone\" alt=\"image\" src=\"https:\/\/i0.wp.com\/willi-junker.de\/dachs\/wp-content\/uploads\/2012\/02\/wpid-IMAG0925.jpg?w=640&#038;ssl=1\" \/><\/a><\/p>\n<p>Abschluss am K1<\/p>\n<p><span class=\"post_sig\">Posted from WordPress for Android<\/span><\/p>\n","protected":false},"excerpt":{"rendered":"<p>Abschluss am K1 Posted from WordPress for Android<\/p>\n","protected":false},"author":1,"featured_media":0,"comment_status":"open","ping_status":"open","sticky":false,"template":"","format":"standard","meta":{"_crdt_document":"","jetpack_post_was_ever_published":false,"_jetpack_newsletter_access":"","_jetpack_dont_email_post_to_subs":false,"_jetpack_newsletter_tier_id":0,"_jetpack_memberships_contains_paywalled_content":false,"_jetpack_memberships_contains_paid_content":false,"footnotes":"","jetpack_publicize_message":"","jetpack_publicize_feature_enabled":true,"jetpack_social_post_already_shared":false,"jetpack_social_options":{"image_generator_settings":{"template":"highway","default_image_id":0,"font":"","enabled":false},"version":2}},"categories":[3],"tags":[],"class_list":["post-649","post","type-post","status-publish","format-standard","hentry","category-touren"],"jetpack_publicize_connections":[],"jetpack_featured_media_url":"","jetpack_sharing_enabled":true,"jetpack_shortlink":"https:\/\/wp.me\/p73o9s-at","jetpack-related-posts":[{"id":662,"url":"https:\/\/willi-junker.de\/dachs\/?p=662","url_meta":{"origin":649,"position":0},"title":"Ein anstrengender Skitag geht zu Ende","author":"Willi","date":"29.02.2012","format":false,"excerpt":"Bei sommerlichen Temperaturen sitzen wir an der Skihutte Sompunt in Petraces. Posted from WordPress for Android","rel":"","context":"In &quot;Touren&quot;","block_context":{"text":"Touren","link":"https:\/\/willi-junker.de\/dachs\/?cat=3"},"img":{"alt_text":"","src":"","width":0,"height":0},"classes":[]},{"id":5153,"url":"https:\/\/willi-junker.de\/dachs\/?p=5153","url_meta":{"origin":649,"position":1},"title":"Skitag 5 &#8211; Wintertour des TuS Laubach eV","author":"Willi","date":"09.02.2019","format":false,"excerpt":"Am letzten Skitag sind wir wieder am Kronplatz. Die Koffer sind gepackt und die Zimmer verlassen. Die Sonne scheint auch heuer wieder. Auf zur letzten Runde. So ganz konnte ich es mir dann doch nicht verkneifen und habe das Skigebiet verlassen. Hab noch eine ordentliche Runde in Alta Badia gedreht.\u2026","rel":"","context":"In &quot;Touren&quot;","block_context":{"text":"Touren","link":"https:\/\/willi-junker.de\/dachs\/?cat=3"},"img":{"alt_text":"","src":"","width":0,"height":0},"classes":[]},{"id":688,"url":"https:\/\/willi-junker.de\/dachs\/?p=688","url_meta":{"origin":649,"position":2},"title":"Lagazuoi &#8211; Ein weiterer sehr warmer Skitag","author":"Willi","date":"02.03.2012","format":false,"excerpt":"Wie jeden Tag starten wir um 08:30 Uhr ins Skigebiet. Heute geht es auf den Falzaregopa\u00df und von dort mit der Seilbahn auf den kleinen Lagazuoi. Mangels Schnee k\u00f6nnen wir leider nicht die ganze Tour machen und fahren mit dem Skibus zur\u00fcck zum Falzarego. Ab hier gehts dann wieder hinauf\u2026","rel":"","context":"In &quot;Touren&quot;","block_context":{"text":"Touren","link":"https:\/\/willi-junker.de\/dachs\/?cat=3"},"img":{"alt_text":"","src":"","width":0,"height":0},"classes":[]},{"id":986,"url":"https:\/\/willi-junker.de\/dachs\/?p=986","url_meta":{"origin":649,"position":3},"title":"Ein phantastischer letzter Wandertag geht zu Ende","author":"Willi","date":"08.07.2012","format":false,"excerpt":"Den Abschluss des Urlaubs begehen wir auf der Sangon-H\u00fctte und wandern mit dem letzten Tageslicht hinab ins Tal. Heute hat es erstmals seit letztem Mittwoch hier in Wolkenstein nicht geregnet. Es sind traumhafte Verh\u00e4ltnisse um im letzten Abendlicht Bilder von Sella und Langkofel zu machen.","rel":"","context":"In &quot;Touren&quot;","block_context":{"text":"Touren","link":"https:\/\/willi-junker.de\/dachs\/?cat=3"},"img":{"alt_text":"","src":"","width":0,"height":0},"classes":[]},{"id":696,"url":"https:\/\/willi-junker.de\/dachs\/?p=696","url_meta":{"origin":649,"position":4},"title":"Abschluss auf der Prackenh\u00fctte","author":"Willi","date":"03.03.2012","format":false,"excerpt":"Gleich folgt die letzte Abfahrt und dann geht es Richtung Heimat. Posted from WordPress for Android","rel":"","context":"In &quot;Touren&quot;","block_context":{"text":"Touren","link":"https:\/\/willi-junker.de\/dachs\/?cat=3"},"img":{"alt_text":"","src":"","width":0,"height":0},"classes":[]},{"id":680,"url":"https:\/\/willi-junker.de\/dachs\/?p=680","url_meta":{"origin":649,"position":5},"title":"Ein super Skitag im Fassatal. Die erweiterte Sellaronda.","author":"Willi","date":"01.03.2012","format":false,"excerpt":"Das Skigebiet von Alba Die Marmolada von der R\u00fcckseite Mein Skibus Wieder auf der Sellaronda Posted from WordPress for Android","rel":"","context":"In &quot;Touren&quot;","block_context":{"text":"Touren","link":"https:\/\/willi-junker.de\/dachs\/?cat=3"},"img":{"alt_text":"","src":"","width":0,"height":0},"classes":[]}],"_links":{"self":[{"href":"https:\/\/willi-junker.de\/dachs\/index.php?rest_route=\/wp\/v2\/posts\/649","targetHints":{"allow":["GET"]}}],"collection":[{"href":"https:\/\/willi-junker.de\/dachs\/index.php?rest_route=\/wp\/v2\/posts"}],"about":[{"href":"https:\/\/willi-junker.de\/dachs\/index.php?rest_route=\/wp\/v2\/types\/post"}],"author":[{"embeddable":true,"href":"https:\/\/willi-junker.de\/dachs\/index.php?rest_route=\/wp\/v2\/users\/1"}],"replies":[{"embeddable":true,"href":"https:\/\/willi-junker.de\/dachs\/index.php?rest_route=%2Fwp%2Fv2%2Fcomments&post=649"}],"version-history":[{"count":1,"href":"https:\/\/willi-junker.de\/dachs\/index.php?rest_route=\/wp\/v2\/posts\/649\/revisions"}],"predecessor-version":[{"id":650,"href":"https:\/\/willi-junker.de\/dachs\/index.php?rest_route=\/wp\/v2\/posts\/649\/revisions\/650"}],"wp:attachment":[{"href":"https:\/\/willi-junker.de\/dachs\/index.php?rest_route=%2Fwp%2Fv2%2Fmedia&parent=649"}],"wp:term":[{"taxonomy":"category","embeddable":true,"href":"https:\/\/willi-junker.de\/dachs\/index.php?rest_route=%2Fwp%2Fv2%2Fcategories&post=649"},{"taxonomy":"post_tag","embeddable":true,"href":"https:\/\/willi-junker.de\/dachs\/index.php?rest_route=%2Fwp%2Fv2%2Ftags&post=649"}],"curies":[{"name":"wp","href":"https:\/\/api.w.org\/{rel}","templated":true}]}}