{"id":644,"date":"2012-02-28T12:15:51","date_gmt":"2012-02-28T11:15:51","guid":{"rendered":"http:\/\/willi-junker.de\/dachs\/?p=644"},"modified":"2012-02-28T12:15:51","modified_gmt":"2012-02-28T11:15:51","slug":"dolomiti-superski","status":"publish","type":"post","link":"https:\/\/willi-junker.de\/dachs\/?p=644","title":{"rendered":"Dolomiti Superski"},"content":{"rendered":"<p><a alt=\"image\" href=\"https:\/\/i0.wp.com\/willi-junker.de\/dachs\/wp-content\/uploads\/2012\/02\/wpid-IMAG09231.jpg?ssl=1\"><img data-recalc-dims=\"1\" decoding=\"async\" title=\"\" class=\"alignnone\" alt=\"image\" src=\"https:\/\/i0.wp.com\/willi-junker.de\/dachs\/wp-content\/uploads\/2012\/02\/wpid-IMAG0923.jpg?w=640&#038;ssl=1\" \/><\/a><\/p>\n<p>Seit heute Morgen sind wir am Kronplatz.<\/p>\n<p><span class=\"post_sig\">Posted from WordPress for Android<\/span><\/p>\n","protected":false},"excerpt":{"rendered":"<p>Seit heute Morgen sind wir am Kronplatz. Posted from WordPress for Android<\/p>\n","protected":false},"author":1,"featured_media":0,"comment_status":"open","ping_status":"open","sticky":false,"template":"","format":"standard","meta":{"_crdt_document":"","jetpack_post_was_ever_published":false,"_jetpack_newsletter_access":"","_jetpack_dont_email_post_to_subs":false,"_jetpack_newsletter_tier_id":0,"_jetpack_memberships_contains_paywalled_content":false,"_jetpack_memberships_contains_paid_content":false,"footnotes":"","jetpack_publicize_message":"","jetpack_publicize_feature_enabled":true,"jetpack_social_post_already_shared":false,"jetpack_social_options":{"image_generator_settings":{"template":"highway","default_image_id":0,"font":"","enabled":false},"version":2}},"categories":[3],"tags":[],"class_list":["post-644","post","type-post","status-publish","format-standard","hentry","category-touren"],"jetpack_publicize_connections":[],"jetpack_featured_media_url":"","jetpack_sharing_enabled":true,"jetpack_shortlink":"https:\/\/wp.me\/p73o9s-ao","jetpack-related-posts":[{"id":1154,"url":"https:\/\/willi-junker.de\/dachs\/?p=1154","url_meta":{"origin":644,"position":0},"title":"14. Wintertour des TuS Laubach","author":"Willi","date":"26.02.2013","format":false,"excerpt":"Heute Morgen sind wir gegen 06:30 Uhr am Issinger Weiher angekommen. Die Berge sind toll verschneit. Ab 07:00 Uhr gibt es Fr\u00fchst\u00fcck und seit 09:00 Uhr sind wir am Kronplatz unterwegs.","rel":"","context":"In &quot;Touren&quot;","block_context":{"text":"Touren","link":"https:\/\/willi-junker.de\/dachs\/?cat=3"},"img":{"alt_text":"","src":"","width":0,"height":0},"classes":[]},{"id":5100,"url":"https:\/\/willi-junker.de\/dachs\/?p=5100","url_meta":{"origin":644,"position":1},"title":"20. Wintertour TuS Laubach","author":"Willi","date":"05.02.2019","format":false,"excerpt":"Seit heute Morgen sind wir wieder im Hotel Issinger Weiher am Kronplatz. Das Wetter ist einmalig und der Schnee auch.Die Pisten sind im allerbesten Zustand. Einfach ein Traum.","rel":"","context":"In &quot;Touren&quot;","block_context":{"text":"Touren","link":"https:\/\/willi-junker.de\/dachs\/?cat=3"},"img":{"alt_text":"","src":"https:\/\/i0.wp.com\/willi-junker.de\/dachs\/wp-content\/uploads\/2019\/02\/20190205_0858531691447965.jpg?resize=350%2C200","width":350,"height":200,"srcset":"https:\/\/i0.wp.com\/willi-junker.de\/dachs\/wp-content\/uploads\/2019\/02\/20190205_0858531691447965.jpg?resize=350%2C200 1x, https:\/\/i0.wp.com\/willi-junker.de\/dachs\/wp-content\/uploads\/2019\/02\/20190205_0858531691447965.jpg?resize=525%2C300 1.5x, https:\/\/i0.wp.com\/willi-junker.de\/dachs\/wp-content\/uploads\/2019\/02\/20190205_0858531691447965.jpg?resize=700%2C400 2x, https:\/\/i0.wp.com\/willi-junker.de\/dachs\/wp-content\/uploads\/2019\/02\/20190205_0858531691447965.jpg?resize=1050%2C600 3x, https:\/\/i0.wp.com\/willi-junker.de\/dachs\/wp-content\/uploads\/2019\/02\/20190205_0858531691447965.jpg?resize=1400%2C800 4x"},"classes":[]},{"id":582,"url":"https:\/\/willi-junker.de\/dachs\/?p=582","url_meta":{"origin":644,"position":2},"title":"Skiopening in Fiss","author":"Willi","date":"03.12.2011","format":false,"excerpt":"Seit heute Morgen sind wir auf der Fisser Nordseite unterwegs. Posted from WordPress for Android","rel":"","context":"In &quot;Touren&quot;","block_context":{"text":"Touren","link":"https:\/\/willi-junker.de\/dachs\/?cat=3"},"img":{"alt_text":"","src":"","width":0,"height":0},"classes":[]},{"id":5415,"url":"https:\/\/willi-junker.de\/dachs\/?p=5415","url_meta":{"origin":644,"position":3},"title":"21. Wintertour des TuS Laubach","author":"Willi Junker","date":"03.03.2020","format":false,"excerpt":"Wir sind wieder in den Dolomiten. Zum 21. Mal und zum 19. Mal im Hotel Issinger Weiher. Skitag eins mit dem TuS Laubach. Gestern Abend sind wir im Hunsr\u00fcck losgefahren und heute Morgen, p\u00fcnktlich zum Fr\u00fchst\u00fcck sind wir im Hotel am Issinger Weiher. Schon direkt danach geht es ins Skigebiete\u2026","rel":"","context":"In &quot;Touren&quot;","block_context":{"text":"Touren","link":"https:\/\/willi-junker.de\/dachs\/?cat=3"},"img":{"alt_text":"","src":"https:\/\/i0.wp.com\/willi-junker.de\/dachs\/wp-content\/uploads\/2020\/03\/IMG-20200303-WA0011.jpg?resize=350%2C200&ssl=1","width":350,"height":200,"srcset":"https:\/\/i0.wp.com\/willi-junker.de\/dachs\/wp-content\/uploads\/2020\/03\/IMG-20200303-WA0011.jpg?resize=350%2C200&ssl=1 1x, https:\/\/i0.wp.com\/willi-junker.de\/dachs\/wp-content\/uploads\/2020\/03\/IMG-20200303-WA0011.jpg?resize=525%2C300&ssl=1 1.5x, https:\/\/i0.wp.com\/willi-junker.de\/dachs\/wp-content\/uploads\/2020\/03\/IMG-20200303-WA0011.jpg?resize=700%2C400&ssl=1 2x, https:\/\/i0.wp.com\/willi-junker.de\/dachs\/wp-content\/uploads\/2020\/03\/IMG-20200303-WA0011.jpg?resize=1050%2C600&ssl=1 3x"},"classes":[]},{"id":1993,"url":"https:\/\/willi-junker.de\/dachs\/?p=1993","url_meta":{"origin":644,"position":4},"title":"Kronplatz \/ Schnee, Schnee, Schnee","author":"Willi","date":"24.02.2015","format":false,"excerpt":"Seit heute sind wir wieder in den Dolomiten unterwegs. Das Wetter ist m\u00e4\u00dfig. Aber da gibt es ja Alternativen ;-)","rel":"","context":"In &quot;Touren&quot;","block_context":{"text":"Touren","link":"https:\/\/willi-junker.de\/dachs\/?cat=3"},"img":{"alt_text":"","src":"","width":0,"height":0},"classes":[]},{"id":2055,"url":"https:\/\/willi-junker.de\/dachs\/?p=2055","url_meta":{"origin":644,"position":5},"title":"Letzter Skitag &#8211; Kronplatz","author":"Willi","date":"28.02.2015","format":false,"excerpt":"Heute Morgen haben wir die Zimmer ger\u00e4umt. Dann ging es per Skibus zum Kronplatz. Die Sonne scheint herrlich. Endlich nochmals ein sonniger Abschluss.","rel":"","context":"In &quot;Touren&quot;","block_context":{"text":"Touren","link":"https:\/\/willi-junker.de\/dachs\/?cat=3"},"img":{"alt_text":"","src":"","width":0,"height":0},"classes":[]}],"_links":{"self":[{"href":"https:\/\/willi-junker.de\/dachs\/index.php?rest_route=\/wp\/v2\/posts\/644","targetHints":{"allow":["GET"]}}],"collection":[{"href":"https:\/\/willi-junker.de\/dachs\/index.php?rest_route=\/wp\/v2\/posts"}],"about":[{"href":"https:\/\/willi-junker.de\/dachs\/index.php?rest_route=\/wp\/v2\/types\/post"}],"author":[{"embeddable":true,"href":"https:\/\/willi-junker.de\/dachs\/index.php?rest_route=\/wp\/v2\/users\/1"}],"replies":[{"embeddable":true,"href":"https:\/\/willi-junker.de\/dachs\/index.php?rest_route=%2Fwp%2Fv2%2Fcomments&post=644"}],"version-history":[{"count":1,"href":"https:\/\/willi-junker.de\/dachs\/index.php?rest_route=\/wp\/v2\/posts\/644\/revisions"}],"predecessor-version":[{"id":645,"href":"https:\/\/willi-junker.de\/dachs\/index.php?rest_route=\/wp\/v2\/posts\/644\/revisions\/645"}],"wp:attachment":[{"href":"https:\/\/willi-junker.de\/dachs\/index.php?rest_route=%2Fwp%2Fv2%2Fmedia&parent=644"}],"wp:term":[{"taxonomy":"category","embeddable":true,"href":"https:\/\/willi-junker.de\/dachs\/index.php?rest_route=%2Fwp%2Fv2%2Fcategories&post=644"},{"taxonomy":"post_tag","embeddable":true,"href":"https:\/\/willi-junker.de\/dachs\/index.php?rest_route=%2Fwp%2Fv2%2Ftags&post=644"}],"curies":[{"name":"wp","href":"https:\/\/api.w.org\/{rel}","templated":true}]}}