{"id":631,"date":"2012-02-20T15:00:24","date_gmt":"2012-02-20T14:00:24","guid":{"rendered":"http:\/\/willi-junker.de\/dachs\/?p=631"},"modified":"2012-02-20T23:48:57","modified_gmt":"2012-02-20T22:48:57","slug":"hier-ist-noch-winter","status":"publish","type":"post","link":"https:\/\/willi-junker.de\/dachs\/?p=631","title":{"rendered":"Hier ist noch Winter"},"content":{"rendered":"<p><a href=\"https:\/\/willi-junker.de\/dachs\/?attachment_id=630\" rel=\"attachment wp-att-630\"><img data-recalc-dims=\"1\" loading=\"lazy\" decoding=\"async\" data-attachment-id=\"630\" data-permalink=\"https:\/\/willi-junker.de\/dachs\/?attachment_id=630\" data-orig-file=\"https:\/\/i0.wp.com\/willi-junker.de\/dachs\/wp-content\/uploads\/2012\/02\/P1040404.jpg?fit=1600%2C901&amp;ssl=1\" data-orig-size=\"1600,901\" data-comments-opened=\"1\" data-image-meta=\"{&quot;aperture&quot;:&quot;4.9&quot;,&quot;credit&quot;:&quot;&quot;,&quot;camera&quot;:&quot;DMC-TZ10&quot;,&quot;caption&quot;:&quot;&quot;,&quot;created_timestamp&quot;:&quot;1329757432&quot;,&quot;copyright&quot;:&quot;&quot;,&quot;focal_length&quot;:&quot;49.2&quot;,&quot;iso&quot;:&quot;125&quot;,&quot;shutter_speed&quot;:&quot;0.002&quot;,&quot;title&quot;:&quot;&quot;}\" data-image-title=\"Erbeskopf\" data-image-description=\"\" data-image-caption=\"\" data-large-file=\"https:\/\/i0.wp.com\/willi-junker.de\/dachs\/wp-content\/uploads\/2012\/02\/P1040404.jpg?fit=500%2C281&amp;ssl=1\" class=\"aligncenter size-large wp-image-630\" title=\"Erbeskopf\" src=\"https:\/\/i0.wp.com\/willi-junker.de\/dachs\/wp-content\/uploads\/2012\/02\/P1040404.jpg?resize=500%2C281&#038;ssl=1\" alt=\"\" width=\"500\" height=\"281\" srcset=\"https:\/\/i0.wp.com\/willi-junker.de\/dachs\/wp-content\/uploads\/2012\/02\/P1040404.jpg?resize=500%2C281&amp;ssl=1 500w, https:\/\/i0.wp.com\/willi-junker.de\/dachs\/wp-content\/uploads\/2012\/02\/P1040404.jpg?resize=300%2C168&amp;ssl=1 300w, https:\/\/i0.wp.com\/willi-junker.de\/dachs\/wp-content\/uploads\/2012\/02\/P1040404.jpg?w=1600&amp;ssl=1 1600w, https:\/\/i0.wp.com\/willi-junker.de\/dachs\/wp-content\/uploads\/2012\/02\/P1040404.jpg?w=1280&amp;ssl=1 1280w\" sizes=\"auto, (max-width: 500px) 100vw, 500px\" \/><\/a><\/p>\n<p><span class=\"post_sig\">Posted from WordPress for Android<\/span><\/p>\n","protected":false},"excerpt":{"rendered":"<p>Posted from WordPress for Android<\/p>\n","protected":false},"author":1,"featured_media":0,"comment_status":"open","ping_status":"open","sticky":false,"template":"","format":"standard","meta":{"_crdt_document":"","jetpack_post_was_ever_published":false,"_jetpack_newsletter_access":"","_jetpack_dont_email_post_to_subs":false,"_jetpack_newsletter_tier_id":0,"_jetpack_memberships_contains_paywalled_content":false,"_jetpack_memberships_contains_paid_content":false,"footnotes":"","jetpack_publicize_message":"","jetpack_publicize_feature_enabled":true,"jetpack_social_post_already_shared":false,"jetpack_social_options":{"image_generator_settings":{"template":"highway","default_image_id":0,"font":"","enabled":false},"version":2}},"categories":[3],"tags":[],"class_list":["post-631","post","type-post","status-publish","format-standard","hentry","category-touren"],"jetpack_publicize_connections":[],"jetpack_featured_media_url":"","jetpack_sharing_enabled":true,"jetpack_shortlink":"https:\/\/wp.me\/p73o9s-ab","jetpack-related-posts":[{"id":621,"url":"https:\/\/willi-junker.de\/dachs\/?p=621","url_meta":{"origin":631,"position":0},"title":"Trotz Tauwetters liegt hier noch Schnee","author":"Willi","date":"17.02.2012","format":false,"excerpt":"Loipe am Erbeskopf Posted from WordPress for Android","rel":"","context":"In &quot;Touren&quot;","block_context":{"text":"Touren","link":"https:\/\/willi-junker.de\/dachs\/?cat=3"},"img":{"alt_text":"","src":"","width":0,"height":0},"classes":[]},{"id":517,"url":"https:\/\/willi-junker.de\/dachs\/?p=517","url_meta":{"origin":631,"position":1},"title":"05:15 &#8211; Aufstehen ; 06:15 &#8211; Abmarsch","author":"Willi","date":"03.09.2011","format":false,"excerpt":"Gehe in der beginnenden D\u00e4mmerung los. Wolkenstein schl\u00e4ft noch, die Mitreisenden auch. Kurz vor der Juac H\u00fctte \u00fcberhole ich tats\u00e4chlich noch zwei Fr\u00fchaufsteher. Um 07:30 Uhr sitze ich beim Fr\u00fchst\u00fcck auf der Regensburger H\u00fctte. Hier ist richtig was los. Die \u00dcbernachtungsg\u00e4ste sind scheinbar schon alle munter. Nach 30 Minuten gehts\u2026","rel":"","context":"In &quot;Touren&quot;","block_context":{"text":"Touren","link":"https:\/\/willi-junker.de\/dachs\/?cat=3"},"img":{"alt_text":"","src":"","width":0,"height":0},"classes":[]},{"id":495,"url":"https:\/\/willi-junker.de\/dachs\/?p=495","url_meta":{"origin":631,"position":2},"title":"Auf zur Puez-H\u00fctte","author":"Willi","date":"01.09.2011","format":false,"excerpt":"Heute ist es bedeckt und k\u00fchl. \u00dcber Nacht haben wir unerwartet Zuwachs erhalten. An unserem Tisch standen drei Gedecke. Rainer Goebel ist schon da. Mit ihm hatten wir erst Freitagabend gerechnet. Nach drei Stunden haben wir die Puez-H\u00fctte erreicht, die letzten Meter bei leichtem Nieselregen. Wir waren schon auf dem\u2026","rel":"","context":"In &quot;Touren&quot;","block_context":{"text":"Touren","link":"https:\/\/willi-junker.de\/dachs\/?cat=3"},"img":{"alt_text":"","src":"","width":0,"height":0},"classes":[]},{"id":379,"url":"https:\/\/willi-junker.de\/dachs\/?p=379","url_meta":{"origin":631,"position":3},"title":"F\u00fcr Charly &#8211; Hier gibt es noch viele Snacks zu erkunden","author":"Willi","date":"29.06.2011","format":false,"excerpt":"Hier ist noch ein riesiges Gebiet f\u00fcr unseren Snack-Spezialisten. Ist nur eine Tagesreise entfernt ;-)","rel":"","context":"In &quot;Touren&quot;","block_context":{"text":"Touren","link":"https:\/\/willi-junker.de\/dachs\/?cat=3"},"img":{"alt_text":"","src":"","width":0,"height":0},"classes":[]},{"id":585,"url":"https:\/\/willi-junker.de\/dachs\/?p=585","url_meta":{"origin":631,"position":4},"title":"Mittag auf der Masnerh\u00fctte","author":"Willi","date":"04.12.2011","format":false,"excerpt":"Hier sind richtig gute Pistenverh\u00e4ltnisse und die Sonne kommt langsam durch. Posted from WordPress for Android","rel":"","context":"In &quot;Touren&quot;","block_context":{"text":"Touren","link":"https:\/\/willi-junker.de\/dachs\/?cat=3"},"img":{"alt_text":"","src":"","width":0,"height":0},"classes":[]},{"id":477,"url":"https:\/\/willi-junker.de\/dachs\/?p=477","url_meta":{"origin":631,"position":5},"title":"Wolkenstein &#8211; wir sind da.","author":"Willi","date":"31.08.2011","format":false,"excerpt":"Nach einer Fahrt durch die Nacht sind wir gegen 8:00 Uhr hier eingetroffen. Posted from WordPress for Android","rel":"","context":"In &quot;Touren&quot;","block_context":{"text":"Touren","link":"https:\/\/willi-junker.de\/dachs\/?cat=3"},"img":{"alt_text":"","src":"","width":0,"height":0},"classes":[]}],"_links":{"self":[{"href":"https:\/\/willi-junker.de\/dachs\/index.php?rest_route=\/wp\/v2\/posts\/631","targetHints":{"allow":["GET"]}}],"collection":[{"href":"https:\/\/willi-junker.de\/dachs\/index.php?rest_route=\/wp\/v2\/posts"}],"about":[{"href":"https:\/\/willi-junker.de\/dachs\/index.php?rest_route=\/wp\/v2\/types\/post"}],"author":[{"embeddable":true,"href":"https:\/\/willi-junker.de\/dachs\/index.php?rest_route=\/wp\/v2\/users\/1"}],"replies":[{"embeddable":true,"href":"https:\/\/willi-junker.de\/dachs\/index.php?rest_route=%2Fwp%2Fv2%2Fcomments&post=631"}],"version-history":[{"count":4,"href":"https:\/\/willi-junker.de\/dachs\/index.php?rest_route=\/wp\/v2\/posts\/631\/revisions"}],"predecessor-version":[{"id":635,"href":"https:\/\/willi-junker.de\/dachs\/index.php?rest_route=\/wp\/v2\/posts\/631\/revisions\/635"}],"wp:attachment":[{"href":"https:\/\/willi-junker.de\/dachs\/index.php?rest_route=%2Fwp%2Fv2%2Fmedia&parent=631"}],"wp:term":[{"taxonomy":"category","embeddable":true,"href":"https:\/\/willi-junker.de\/dachs\/index.php?rest_route=%2Fwp%2Fv2%2Fcategories&post=631"},{"taxonomy":"post_tag","embeddable":true,"href":"https:\/\/willi-junker.de\/dachs\/index.php?rest_route=%2Fwp%2Fv2%2Ftags&post=631"}],"curies":[{"name":"wp","href":"https:\/\/api.w.org\/{rel}","templated":true}]}}