{"id":627,"date":"2012-02-20T14:00:32","date_gmt":"2012-02-20T13:00:32","guid":{"rendered":"http:\/\/willi-junker.de\/dachs\/?p=627"},"modified":"2012-02-20T23:50:26","modified_gmt":"2012-02-20T22:50:26","slug":"top-of-rheinland-pfalz","status":"publish","type":"post","link":"https:\/\/willi-junker.de\/dachs\/?p=627","title":{"rendered":"Top of Rheinland-Pfalz"},"content":{"rendered":"<p><a href=\"https:\/\/i0.wp.com\/willi-junker.de\/dachs\/wp-content\/uploads\/2012\/02\/wpid-IMAG09151.jpg?ssl=1\"><img data-recalc-dims=\"1\" decoding=\"async\" class=\"alignnone\" title=\"\" src=\"https:\/\/i0.wp.com\/willi-junker.de\/dachs\/wp-content\/uploads\/2012\/02\/wpid-IMAG0915.jpg?w=640&#038;ssl=1\" alt=\"image\" \/><\/a><\/p>\n<p><span class=\"post_sig\">Posted from WordPress for Android<\/span><\/p>\n","protected":false},"excerpt":{"rendered":"<p>Posted from WordPress for Android<\/p>\n","protected":false},"author":1,"featured_media":0,"comment_status":"open","ping_status":"open","sticky":false,"template":"","format":"standard","meta":{"_crdt_document":"","jetpack_post_was_ever_published":false,"_jetpack_newsletter_access":"","_jetpack_dont_email_post_to_subs":false,"_jetpack_newsletter_tier_id":0,"_jetpack_memberships_contains_paywalled_content":false,"_jetpack_memberships_contains_paid_content":false,"footnotes":"","jetpack_publicize_message":"","jetpack_publicize_feature_enabled":true,"jetpack_social_post_already_shared":false,"jetpack_social_options":{"image_generator_settings":{"template":"highway","default_image_id":0,"font":"","enabled":false},"version":2}},"categories":[3],"tags":[],"class_list":["post-627","post","type-post","status-publish","format-standard","hentry","category-touren"],"jetpack_publicize_connections":[],"jetpack_featured_media_url":"","jetpack_sharing_enabled":true,"jetpack_shortlink":"https:\/\/wp.me\/p73o9s-a7","jetpack-related-posts":[{"id":1511,"url":"https:\/\/willi-junker.de\/dachs\/?p=1511","url_meta":{"origin":627,"position":0},"title":"Es geht los. &#8211; 24 Stunden von Rheinland-Pfalz","author":"Willi","date":"14.06.2014","format":false,"excerpt":"Gleich geht es los. Mal sehen, was so kommt. Es regnet leicht.","rel":"","context":"In &quot;Touren&quot;","block_context":{"text":"Touren","link":"https:\/\/willi-junker.de\/dachs\/?cat=3"},"img":{"alt_text":"","src":"","width":0,"height":0},"classes":[]},{"id":3292,"url":"https:\/\/willi-junker.de\/dachs\/?p=3292","url_meta":{"origin":627,"position":1},"title":"06:00 Uhr &#8211; Abmarsch in Richtung Schmausem\u00fchle","author":"Willi","date":"05.06.2016","format":false,"excerpt":"Das letzte Training vor den 24 Stunden von Rheinland-Pfalz. Laubacher Wald","rel":"","context":"In &quot;Touren&quot;","block_context":{"text":"Touren","link":"https:\/\/willi-junker.de\/dachs\/?cat=3"},"img":{"alt_text":"image","src":"https:\/\/i0.wp.com\/willi-junker.de\/dachs\/wp-content\/uploads\/2016\/06\/wp-1465100262439.jpg?resize=350%2C200","width":350,"height":200,"srcset":"https:\/\/i0.wp.com\/willi-junker.de\/dachs\/wp-content\/uploads\/2016\/06\/wp-1465100262439.jpg?resize=350%2C200 1x, https:\/\/i0.wp.com\/willi-junker.de\/dachs\/wp-content\/uploads\/2016\/06\/wp-1465100262439.jpg?resize=525%2C300 1.5x, https:\/\/i0.wp.com\/willi-junker.de\/dachs\/wp-content\/uploads\/2016\/06\/wp-1465100262439.jpg?resize=700%2C400 2x"},"classes":[]},{"id":2133,"url":"https:\/\/willi-junker.de\/dachs\/?p=2133","url_meta":{"origin":627,"position":2},"title":"24 Stunden von Rheinland-Pfalz","author":"Willi","date":"12.06.2015","format":false,"excerpt":"So langsam kommt der Event n\u00e4her. Ab 18:00 Uhr gibt es die Startunterlagen und dann folgt die RPR1-Party.","rel":"","context":"In &quot;Touren&quot;","block_context":{"text":"Touren","link":"https:\/\/willi-junker.de\/dachs\/?cat=3"},"img":{"alt_text":"","src":"","width":0,"height":0},"classes":[]},{"id":2080,"url":"https:\/\/willi-junker.de\/dachs\/?p=2080","url_meta":{"origin":627,"position":3},"title":"Wanderung \u00fcber den Hunsr\u00fcck","author":"Willi","date":"12.04.2015","format":false,"excerpt":"Heute geht es 26 km bei herrlichem Wetter nach Reich und wieder zur\u00fcck. Erstes Training f\u00fcr die 24 Stunden von Rheinland-Pfalz.","rel":"","context":"In &quot;Touren&quot;","block_context":{"text":"Touren","link":"https:\/\/willi-junker.de\/dachs\/?cat=3"},"img":{"alt_text":"","src":"","width":0,"height":0},"classes":[]},{"id":5171,"url":"https:\/\/willi-junker.de\/dachs\/?p=5171","url_meta":{"origin":627,"position":4},"title":"Pf\u00e4lzer Wald &#8211; Tag 1","author":"Willi","date":"18.05.2019","format":false,"excerpt":"\u00dcber verschlungene Wege sollte die Fahrt in Richtung Pfalz gehen, immer in Richtung S\u00fcden. So viele Sperrungen und Umleitungen hab ich noch selten erlebt. So lernt man Rheinland-Pfalz kennen \ud83d\ude0a\ud83d\ude0a\ud83d\ude0a. Irgendwann sind wir am Luitpoldturm und \u00fcberblicken die ganz Pfalz und sp\u00e4ter in Hinterweidenthal um ein bisschen zu wandern. Am\u2026","rel":"","context":"In &quot;Touren&quot;","block_context":{"text":"Touren","link":"https:\/\/willi-junker.de\/dachs\/?cat=3"},"img":{"alt_text":"","src":"https:\/\/i0.wp.com\/willi-junker.de\/dachs\/wp-content\/uploads\/2019\/05\/20190518_131909529974112.jpg?resize=350%2C200","width":350,"height":200,"srcset":"https:\/\/i0.wp.com\/willi-junker.de\/dachs\/wp-content\/uploads\/2019\/05\/20190518_131909529974112.jpg?resize=350%2C200 1x, https:\/\/i0.wp.com\/willi-junker.de\/dachs\/wp-content\/uploads\/2019\/05\/20190518_131909529974112.jpg?resize=525%2C300 1.5x, https:\/\/i0.wp.com\/willi-junker.de\/dachs\/wp-content\/uploads\/2019\/05\/20190518_131909529974112.jpg?resize=700%2C400 2x, https:\/\/i0.wp.com\/willi-junker.de\/dachs\/wp-content\/uploads\/2019\/05\/20190518_131909529974112.jpg?resize=1050%2C600 3x, https:\/\/i0.wp.com\/willi-junker.de\/dachs\/wp-content\/uploads\/2019\/05\/20190518_131909529974112.jpg?resize=1400%2C800 4x"},"classes":[]},{"id":1487,"url":"https:\/\/willi-junker.de\/dachs\/?p=1487","url_meta":{"origin":627,"position":5},"title":"04:30 Uhr &#8211; Trainingsbeginn f\u00fcr die 24 Stunden von Rheinland-Pfalz","author":"Willi","date":"08.06.2014","format":false,"excerpt":"Um 04:30 Uhr laufe ich in Laubach, in Richtung Horn, los. Kurz vor Sonnenaufgang stehe ich an den Horner Windr\u00e4dern und laufe weiter in Richtung Osten. Zwei Dachse haben gerade meinen Weg gekreuzt.","rel":"","context":"In &quot;Touren&quot;","block_context":{"text":"Touren","link":"https:\/\/willi-junker.de\/dachs\/?cat=3"},"img":{"alt_text":"","src":"","width":0,"height":0},"classes":[]}],"_links":{"self":[{"href":"https:\/\/willi-junker.de\/dachs\/index.php?rest_route=\/wp\/v2\/posts\/627","targetHints":{"allow":["GET"]}}],"collection":[{"href":"https:\/\/willi-junker.de\/dachs\/index.php?rest_route=\/wp\/v2\/posts"}],"about":[{"href":"https:\/\/willi-junker.de\/dachs\/index.php?rest_route=\/wp\/v2\/types\/post"}],"author":[{"embeddable":true,"href":"https:\/\/willi-junker.de\/dachs\/index.php?rest_route=\/wp\/v2\/users\/1"}],"replies":[{"embeddable":true,"href":"https:\/\/willi-junker.de\/dachs\/index.php?rest_route=%2Fwp%2Fv2%2Fcomments&post=627"}],"version-history":[{"count":3,"href":"https:\/\/willi-junker.de\/dachs\/index.php?rest_route=\/wp\/v2\/posts\/627\/revisions"}],"predecessor-version":[{"id":637,"href":"https:\/\/willi-junker.de\/dachs\/index.php?rest_route=\/wp\/v2\/posts\/627\/revisions\/637"}],"wp:attachment":[{"href":"https:\/\/willi-junker.de\/dachs\/index.php?rest_route=%2Fwp%2Fv2%2Fmedia&parent=627"}],"wp:term":[{"taxonomy":"category","embeddable":true,"href":"https:\/\/willi-junker.de\/dachs\/index.php?rest_route=%2Fwp%2Fv2%2Fcategories&post=627"},{"taxonomy":"post_tag","embeddable":true,"href":"https:\/\/willi-junker.de\/dachs\/index.php?rest_route=%2Fwp%2Fv2%2Ftags&post=627"}],"curies":[{"name":"wp","href":"https:\/\/api.w.org\/{rel}","templated":true}]}}