{"id":597,"date":"2012-02-11T12:42:28","date_gmt":"2012-02-11T11:42:28","guid":{"rendered":"http:\/\/willi-junker.de\/dachs\/?p=597"},"modified":"2012-02-11T17:59:52","modified_gmt":"2012-02-11T16:59:52","slug":"zell-am-eisstrom","status":"publish","type":"post","link":"https:\/\/willi-junker.de\/dachs\/?p=597","title":{"rendered":"Zell am Eisstrom"},"content":{"rendered":"<p>So sieht es heute in Zell aus.<\/p>\n<p><a href=\"https:\/\/willi-junker.de\/dachs\/?attachment_id=596\" rel=\"attachment wp-att-596\"><img data-recalc-dims=\"1\" loading=\"lazy\" decoding=\"async\" data-attachment-id=\"596\" data-permalink=\"https:\/\/willi-junker.de\/dachs\/?attachment_id=596\" data-orig-file=\"https:\/\/i0.wp.com\/willi-junker.de\/dachs\/wp-content\/uploads\/2012\/02\/wpid-IMAG0894.jpg?fit=600%2C359&amp;ssl=1\" data-orig-size=\"600,359\" data-comments-opened=\"1\" data-image-meta=\"{&quot;aperture&quot;:&quot;0&quot;,&quot;credit&quot;:&quot;&quot;,&quot;camera&quot;:&quot;&quot;,&quot;caption&quot;:&quot;&quot;,&quot;created_timestamp&quot;:&quot;0&quot;,&quot;copyright&quot;:&quot;&quot;,&quot;focal_length&quot;:&quot;0&quot;,&quot;iso&quot;:&quot;0&quot;,&quot;shutter_speed&quot;:&quot;0&quot;,&quot;title&quot;:&quot;&quot;}\" data-image-title=\"wpid-IMAG0894.jpg\" data-image-description=\"\" data-image-caption=\"\" data-large-file=\"https:\/\/i0.wp.com\/willi-junker.de\/dachs\/wp-content\/uploads\/2012\/02\/wpid-IMAG0894.jpg?fit=500%2C299&amp;ssl=1\" class=\"aligncenter size-large wp-image-596\" title=\"wpid-IMAG0894.jpg\" src=\"https:\/\/i0.wp.com\/willi-junker.de\/dachs\/wp-content\/uploads\/2012\/02\/wpid-IMAG0894.jpg?resize=500%2C299&#038;ssl=1\" alt=\"\" width=\"500\" height=\"299\" srcset=\"https:\/\/i0.wp.com\/willi-junker.de\/dachs\/wp-content\/uploads\/2012\/02\/wpid-IMAG0894.jpg?resize=500%2C299&amp;ssl=1 500w, https:\/\/i0.wp.com\/willi-junker.de\/dachs\/wp-content\/uploads\/2012\/02\/wpid-IMAG0894.jpg?resize=300%2C179&amp;ssl=1 300w, https:\/\/i0.wp.com\/willi-junker.de\/dachs\/wp-content\/uploads\/2012\/02\/wpid-IMAG0894.jpg?w=600&amp;ssl=1 600w\" sizes=\"auto, (max-width: 500px) 100vw, 500px\" \/><\/a><\/p>\n<p>Der R\u00fcckstau geht bis Briedel.<\/p>\n","protected":false},"excerpt":{"rendered":"<p>So sieht es heute in Zell aus. Der R\u00fcckstau geht bis Briedel.<\/p>\n","protected":false},"author":1,"featured_media":0,"comment_status":"open","ping_status":"open","sticky":false,"template":"","format":"standard","meta":{"_crdt_document":"","jetpack_post_was_ever_published":false,"_jetpack_newsletter_access":"","_jetpack_dont_email_post_to_subs":false,"_jetpack_newsletter_tier_id":0,"_jetpack_memberships_contains_paywalled_content":false,"_jetpack_memberships_contains_paid_content":false,"footnotes":"","jetpack_publicize_message":"","jetpack_publicize_feature_enabled":true,"jetpack_social_post_already_shared":false,"jetpack_social_options":{"image_generator_settings":{"template":"highway","default_image_id":0,"font":"","enabled":false},"version":2}},"categories":[3],"tags":[],"class_list":["post-597","post","type-post","status-publish","format-standard","hentry","category-touren"],"jetpack_publicize_connections":[],"jetpack_featured_media_url":"","jetpack_sharing_enabled":true,"jetpack_shortlink":"https:\/\/wp.me\/p73o9s-9D","jetpack-related-posts":[{"id":854,"url":"https:\/\/willi-junker.de\/dachs\/?p=854","url_meta":{"origin":597,"position":0},"title":"08:45 Uhr &#8211; es geht wieder los","author":"Willi","date":"26.06.2012","format":false,"excerpt":"Heute sieht die Welt doch wieder ganz anders aus. Gestern hats noch bis sp\u00e4t geregnet, so habe ich den Tag in der DAV-H\u00fctte ausklingen lassen. Voll gepackt starte ich in Richtung Stangenjoch. Heute hab ich auch erstmals bei Sigg-Flaschen vollst\u00e4ndig gef\u00fcllt.","rel":"","context":"In &quot;Touren&quot;","block_context":{"text":"Touren","link":"https:\/\/willi-junker.de\/dachs\/?cat=3"},"img":{"alt_text":"","src":"","width":0,"height":0},"classes":[]},{"id":4853,"url":"https:\/\/willi-junker.de\/dachs\/?p=4853","url_meta":{"origin":597,"position":1},"title":"Saar-Hunsr\u00fcck-Steig r\u00fcckw\u00e4rts &#8211; Tag 3 &#8211; Etappe 20, 19 und 18","author":"Willi","date":"11.10.2018","format":false,"excerpt":"Heute Morgen starte ich in Kastellaun. Um acht verlasse ich die Unterkunft. Der Weg f\u00fchrt zuerst \u00fcber die Burg und dann quer durch die Stadt bis zur Kaserne. Nach Bell taucht man dann im Wohnrother Tal ein. Nur kurzzeitig wird der Talgrund verlassen um auf Felsnasen aufzusteigen. Die Geierlay wird\u2026","rel":"","context":"In &quot;Touren&quot;","block_context":{"text":"Touren","link":"https:\/\/willi-junker.de\/dachs\/?cat=3"},"img":{"alt_text":"","src":"https:\/\/i0.wp.com\/willi-junker.de\/dachs\/wp-content\/uploads\/2018\/10\/20181011_081902691359766.jpg?resize=350%2C200","width":350,"height":200,"srcset":"https:\/\/i0.wp.com\/willi-junker.de\/dachs\/wp-content\/uploads\/2018\/10\/20181011_081902691359766.jpg?resize=350%2C200 1x, https:\/\/i0.wp.com\/willi-junker.de\/dachs\/wp-content\/uploads\/2018\/10\/20181011_081902691359766.jpg?resize=525%2C300 1.5x, https:\/\/i0.wp.com\/willi-junker.de\/dachs\/wp-content\/uploads\/2018\/10\/20181011_081902691359766.jpg?resize=700%2C400 2x, https:\/\/i0.wp.com\/willi-junker.de\/dachs\/wp-content\/uploads\/2018\/10\/20181011_081902691359766.jpg?resize=1050%2C600 3x, https:\/\/i0.wp.com\/willi-junker.de\/dachs\/wp-content\/uploads\/2018\/10\/20181011_081902691359766.jpg?resize=1400%2C800 4x"},"classes":[]},{"id":3798,"url":"https:\/\/willi-junker.de\/dachs\/?p=3798","url_meta":{"origin":597,"position":2},"title":"2. Skitag &#8211; Das k\u00f6nnte ein H\u00fcttentag werden","author":"Willi","date":"05.03.2017","format":false,"excerpt":"So sieht derzeit der Blick aus der Haust\u00fcr aus. Da die Sicht heute Morgen oben sehr eingeschr\u00e4nkt ist, fahre ich nur bis zur Seceda. Um die Mittagszeit wird es vor\u00fcbergehend sogar sonnig und ich wechsele hin\u00fcber zum Ciampinoi und Sella-Joch. Doch dann zieht es wieder zu und ich beschlie\u00dfe den\u2026","rel":"","context":"In &quot;Touren&quot;","block_context":{"text":"Touren","link":"https:\/\/willi-junker.de\/dachs\/?cat=3"},"img":{"alt_text":"","src":"https:\/\/i0.wp.com\/willi-junker.de\/dachs\/wp-content\/uploads\/2017\/03\/wp-image-373014046jpg-1.jpg?resize=350%2C200","width":350,"height":200,"srcset":"https:\/\/i0.wp.com\/willi-junker.de\/dachs\/wp-content\/uploads\/2017\/03\/wp-image-373014046jpg-1.jpg?resize=350%2C200 1x, https:\/\/i0.wp.com\/willi-junker.de\/dachs\/wp-content\/uploads\/2017\/03\/wp-image-373014046jpg-1.jpg?resize=525%2C300 1.5x, https:\/\/i0.wp.com\/willi-junker.de\/dachs\/wp-content\/uploads\/2017\/03\/wp-image-373014046jpg-1.jpg?resize=700%2C400 2x"},"classes":[]},{"id":2666,"url":"https:\/\/willi-junker.de\/dachs\/?p=2666","url_meta":{"origin":597,"position":3},"title":"17:30 Uhr &#8211; St. Anton am Arlberg","author":"Willi","date":"23.08.2015","format":false,"excerpt":"Die Tour heute war sehr abwechslungsreich. Von absoluter Stille bis unglaublichem Autoverkehr. Der Arlbergpass war zum Gl\u00fcck schnell abgehakt. Nach dem Flexenpass war von einem ausgeschildertem Wanderweg nicht immer zu sprechen. Bin ein paar Schlenker gelaufen bei der Spurensuche. In den anspruchsvollen Passagen,war der Weg aber immer erkennnbar, und es\u2026","rel":"","context":"In &quot;Touren&quot;","block_context":{"text":"Touren","link":"https:\/\/willi-junker.de\/dachs\/?cat=3"},"img":{"alt_text":"image","src":"https:\/\/i0.wp.com\/willi-junker.de\/dachs\/wp-content\/uploads\/2015\/08\/wpid-IMAG1202.jpg?resize=350%2C200","width":350,"height":200,"srcset":"https:\/\/i0.wp.com\/willi-junker.de\/dachs\/wp-content\/uploads\/2015\/08\/wpid-IMAG1202.jpg?resize=350%2C200 1x, https:\/\/i0.wp.com\/willi-junker.de\/dachs\/wp-content\/uploads\/2015\/08\/wpid-IMAG1202.jpg?resize=525%2C300 1.5x"},"classes":[]},{"id":2624,"url":"https:\/\/willi-junker.de\/dachs\/?p=2624","url_meta":{"origin":597,"position":4},"title":"Hochalppass &#8211; Hochtannenberg","author":"Willi","date":"22.08.2015","format":false,"excerpt":"Jetzt kommen die richtigen Berge. Bin heute Morgen um 09:00 Uhr los. So ohne Fernseher und sonstige Technik ist man morgens auch fit. Nachdem ich hinunter nach Baad abgestiegen bin ging es ins B\u00e4rguntal. Hier geht es stetig bergauf und nach 3 Stunden stehe ich am Hochalppass. Bis hierher hatte\u2026","rel":"","context":"In &quot;Touren&quot;","block_context":{"text":"Touren","link":"https:\/\/willi-junker.de\/dachs\/?cat=3"},"img":{"alt_text":"","src":"","width":0,"height":0},"classes":[]},{"id":4128,"url":"https:\/\/willi-junker.de\/dachs\/?p=4128","url_meta":{"origin":597,"position":5},"title":"H\u00fcttenwanderung &#8211; mal anders als in den letzten Tagen\u00a0","author":"Willi","date":"23.07.2017","format":false,"excerpt":"Am Tag sechs ist mal ein Ruhetag angesagt. Nach dem Fr\u00fchst\u00fcck und nachdem meine Schwester noch ein bisschen geschreinert hat, laufen wir langsam hoch auf die Seceda. Die Juac-H\u00fctte lassen wir erstmal links liegen und es geht weiter zur Regensburger H\u00fctte. Nach kurzer Getr\u00e4nkepause geht es hoch zur Pi\u00ebra Longia\u2026","rel":"","context":"In &quot;Touren&quot;","block_context":{"text":"Touren","link":"https:\/\/willi-junker.de\/dachs\/?cat=3"},"img":{"alt_text":"","src":"","width":0,"height":0},"classes":[]}],"_links":{"self":[{"href":"https:\/\/willi-junker.de\/dachs\/index.php?rest_route=\/wp\/v2\/posts\/597","targetHints":{"allow":["GET"]}}],"collection":[{"href":"https:\/\/willi-junker.de\/dachs\/index.php?rest_route=\/wp\/v2\/posts"}],"about":[{"href":"https:\/\/willi-junker.de\/dachs\/index.php?rest_route=\/wp\/v2\/types\/post"}],"author":[{"embeddable":true,"href":"https:\/\/willi-junker.de\/dachs\/index.php?rest_route=\/wp\/v2\/users\/1"}],"replies":[{"embeddable":true,"href":"https:\/\/willi-junker.de\/dachs\/index.php?rest_route=%2Fwp%2Fv2%2Fcomments&post=597"}],"version-history":[{"count":7,"href":"https:\/\/willi-junker.de\/dachs\/index.php?rest_route=\/wp\/v2\/posts\/597\/revisions"}],"predecessor-version":[{"id":618,"href":"https:\/\/willi-junker.de\/dachs\/index.php?rest_route=\/wp\/v2\/posts\/597\/revisions\/618"}],"wp:attachment":[{"href":"https:\/\/willi-junker.de\/dachs\/index.php?rest_route=%2Fwp%2Fv2%2Fmedia&parent=597"}],"wp:term":[{"taxonomy":"category","embeddable":true,"href":"https:\/\/willi-junker.de\/dachs\/index.php?rest_route=%2Fwp%2Fv2%2Fcategories&post=597"},{"taxonomy":"post_tag","embeddable":true,"href":"https:\/\/willi-junker.de\/dachs\/index.php?rest_route=%2Fwp%2Fv2%2Ftags&post=597"}],"curies":[{"name":"wp","href":"https:\/\/api.w.org\/{rel}","templated":true}]}}