{"id":582,"date":"2011-12-03T14:35:33","date_gmt":"2011-12-03T12:35:33","guid":{"rendered":"http:\/\/willi-junker.de\/dachs\/?p=582"},"modified":"2011-12-03T14:35:33","modified_gmt":"2011-12-03T12:35:33","slug":"skiopening-in-fiss","status":"publish","type":"post","link":"https:\/\/willi-junker.de\/dachs\/?p=582","title":{"rendered":"Skiopening in Fiss"},"content":{"rendered":"<p>Seit heute Morgen sind wir auf der Fisser Nordseite unterwegs.<\/p>\n<p><a alt=\"image\" href=\"https:\/\/i0.wp.com\/willi-junker.de\/dachs\/wp-content\/uploads\/2011\/12\/wpid-IMAG08671.jpg?ssl=1\"><img data-recalc-dims=\"1\" decoding=\"async\" style=\"display:block;margin-right:auto;margin-left:auto;\" alt=\"image\" src=\"https:\/\/i0.wp.com\/willi-junker.de\/dachs\/wp-content\/uploads\/2011\/12\/wpid-IMAG0867.jpg?w=640&#038;ssl=1\" \/><\/a><br \/>\n<a alt=\"image\" href=\"https:\/\/i0.wp.com\/willi-junker.de\/dachs\/wp-content\/uploads\/2011\/12\/wpid-IMAG08721.jpg?ssl=1\"><img data-recalc-dims=\"1\" decoding=\"async\" style=\"display:block;margin-right:auto;margin-left:auto;\" alt=\"image\" src=\"https:\/\/i0.wp.com\/willi-junker.de\/dachs\/wp-content\/uploads\/2011\/12\/wpid-IMAG0872.jpg?w=640&#038;ssl=1\" \/><\/a><\/p>\n<p><span class=\"post_sig\">Posted from WordPress for Android<\/span><\/p>\n","protected":false},"excerpt":{"rendered":"<p>Seit heute Morgen sind wir auf der Fisser Nordseite unterwegs. Posted from WordPress for Android<\/p>\n","protected":false},"author":1,"featured_media":0,"comment_status":"open","ping_status":"open","sticky":false,"template":"","format":"standard","meta":{"_crdt_document":"","jetpack_post_was_ever_published":false,"_jetpack_newsletter_access":"","_jetpack_dont_email_post_to_subs":false,"_jetpack_newsletter_tier_id":0,"_jetpack_memberships_contains_paywalled_content":false,"_jetpack_memberships_contains_paid_content":false,"footnotes":"","jetpack_publicize_message":"","jetpack_publicize_feature_enabled":true,"jetpack_social_post_already_shared":false,"jetpack_social_options":{"image_generator_settings":{"template":"highway","default_image_id":0,"font":"","enabled":false},"version":2}},"categories":[3],"tags":[],"class_list":["post-582","post","type-post","status-publish","format-standard","hentry","category-touren"],"jetpack_publicize_connections":[],"jetpack_featured_media_url":"","jetpack_sharing_enabled":true,"jetpack_shortlink":"https:\/\/wp.me\/p73o9s-9o","jetpack-related-posts":[{"id":1423,"url":"https:\/\/willi-junker.de\/dachs\/?p=1423","url_meta":{"origin":582,"position":0},"title":"Skiopening in Fiss","author":"Willi","date":"07.12.2013","format":false,"excerpt":"Seit heute Morgen sind wir in Fiss. Der Schnee ist toll und das Wetter ist auch ok.","rel":"","context":"In &quot;Touren&quot;","block_context":{"text":"Touren","link":"https:\/\/willi-junker.de\/dachs\/?cat=3"},"img":{"alt_text":"","src":"","width":0,"height":0},"classes":[]},{"id":3067,"url":"https:\/\/willi-junker.de\/dachs\/?p=3067","url_meta":{"origin":582,"position":1},"title":"Skiopening Serfaus-Fiss-Ladis","author":"Willi","date":"05.12.2015","format":false,"excerpt":"Seit 7 Uhr heute Morgen sind wir in Fiss. Tolles Wetter, strahlende Sonne und gen\u00fcgend Schnee. Was will man mehr. Wenn ich jetzt noch Ski an den F\u00fc\u00dfen h\u00e4tte w\u00e4re es optimal. Sitze oben auf dem Sch\u00f6njoch und genie\u00dfe die Aussicht.","rel":"","context":"In &quot;Touren&quot;","block_context":{"text":"Touren","link":"https:\/\/willi-junker.de\/dachs\/?cat=3"},"img":{"alt_text":"","src":"","width":0,"height":0},"classes":[]},{"id":2719,"url":"https:\/\/willi-junker.de\/dachs\/?p=2719","url_meta":{"origin":582,"position":2},"title":"Extratour nach Fiss","author":"Willi","date":"25.08.2015","format":false,"excerpt":"Ich h\u00e4tte es ja heute so einfach haben k\u00f6nnen. Mein Weg nach Italien geht eigentlich entlang des Inn's \u00fcber die Via Claudio Augusta. Jetzt bin ich heute auf der \"falschen Seite\" hoch nach Fiss gestiegen. Morgen muss ich die Seite wechseln und verliere die gut 1.000 H\u00f6henmeter von heute. Trotzdem\u2026","rel":"","context":"In &quot;Touren&quot;","block_context":{"text":"Touren","link":"https:\/\/willi-junker.de\/dachs\/?cat=3"},"img":{"alt_text":"","src":"","width":0,"height":0},"classes":[]},{"id":644,"url":"https:\/\/willi-junker.de\/dachs\/?p=644","url_meta":{"origin":582,"position":3},"title":"Dolomiti Superski","author":"Willi","date":"28.02.2012","format":false,"excerpt":"Seit heute Morgen sind wir am Kronplatz. Posted from WordPress for Android","rel":"","context":"In &quot;Touren&quot;","block_context":{"text":"Touren","link":"https:\/\/willi-junker.de\/dachs\/?cat=3"},"img":{"alt_text":"","src":"","width":0,"height":0},"classes":[]},{"id":1154,"url":"https:\/\/willi-junker.de\/dachs\/?p=1154","url_meta":{"origin":582,"position":4},"title":"14. Wintertour des TuS Laubach","author":"Willi","date":"26.02.2013","format":false,"excerpt":"Heute Morgen sind wir gegen 06:30 Uhr am Issinger Weiher angekommen. Die Berge sind toll verschneit. Ab 07:00 Uhr gibt es Fr\u00fchst\u00fcck und seit 09:00 Uhr sind wir am Kronplatz unterwegs.","rel":"","context":"In &quot;Touren&quot;","block_context":{"text":"Touren","link":"https:\/\/willi-junker.de\/dachs\/?cat=3"},"img":{"alt_text":"","src":"","width":0,"height":0},"classes":[]},{"id":534,"url":"https:\/\/willi-junker.de\/dachs\/?p=534","url_meta":{"origin":582,"position":5},"title":"Heute ist der gro\u00dfe Tag","author":"Willi","date":"04.09.2011","format":false,"excerpt":"Ich verlasse gegen 8:00 Uhr das Hotel. \u00dcber La Selva und Monte Pana gelange ich zum Monte S\u00ebura. Dann geht es in die Scharte, vorbei an der Langkofelh\u00fctte und steil hinauf zum Toni Demetz Haus 2.650 m. Dort bin ich um 11:15. Unsere Sportler sind jetzt seit 1:15 Stunden unterwegs.\u2026","rel":"","context":"In &quot;Touren&quot;","block_context":{"text":"Touren","link":"https:\/\/willi-junker.de\/dachs\/?cat=3"},"img":{"alt_text":"","src":"","width":0,"height":0},"classes":[]}],"_links":{"self":[{"href":"https:\/\/willi-junker.de\/dachs\/index.php?rest_route=\/wp\/v2\/posts\/582","targetHints":{"allow":["GET"]}}],"collection":[{"href":"https:\/\/willi-junker.de\/dachs\/index.php?rest_route=\/wp\/v2\/posts"}],"about":[{"href":"https:\/\/willi-junker.de\/dachs\/index.php?rest_route=\/wp\/v2\/types\/post"}],"author":[{"embeddable":true,"href":"https:\/\/willi-junker.de\/dachs\/index.php?rest_route=\/wp\/v2\/users\/1"}],"replies":[{"embeddable":true,"href":"https:\/\/willi-junker.de\/dachs\/index.php?rest_route=%2Fwp%2Fv2%2Fcomments&post=582"}],"version-history":[{"count":0,"href":"https:\/\/willi-junker.de\/dachs\/index.php?rest_route=\/wp\/v2\/posts\/582\/revisions"}],"wp:attachment":[{"href":"https:\/\/willi-junker.de\/dachs\/index.php?rest_route=%2Fwp%2Fv2%2Fmedia&parent=582"}],"wp:term":[{"taxonomy":"category","embeddable":true,"href":"https:\/\/willi-junker.de\/dachs\/index.php?rest_route=%2Fwp%2Fv2%2Fcategories&post=582"},{"taxonomy":"post_tag","embeddable":true,"href":"https:\/\/willi-junker.de\/dachs\/index.php?rest_route=%2Fwp%2Fv2%2Ftags&post=582"}],"curies":[{"name":"wp","href":"https:\/\/api.w.org\/{rel}","templated":true}]}}