{"id":571,"date":"2011-09-11T13:29:20","date_gmt":"2011-09-11T11:29:20","guid":{"rendered":"http:\/\/willi-junker.de\/dachs\/?p=571"},"modified":"2011-09-11T13:29:20","modified_gmt":"2011-09-11T11:29:20","slug":"1230-uhr-schabbach","status":"publish","type":"post","link":"https:\/\/willi-junker.de\/dachs\/?p=571","title":{"rendered":"12:30 Uhr &#8211; Schabbach"},"content":{"rendered":"<p>Kurz vor dem Gewitter haben wir den Heimathof in Woppenroth erreicht. Essen ist super.<\/p>\n<p><a alt=\"image\" href=\"https:\/\/i0.wp.com\/willi-junker.de\/dachs\/wp-content\/uploads\/2011\/09\/wpid-IMAG08191.jpg?ssl=1\"><img data-recalc-dims=\"1\" decoding=\"async\" style=\"display:block;margin-right:auto;margin-left:auto;\" alt=\"image\" src=\"https:\/\/i0.wp.com\/willi-junker.de\/dachs\/wp-content\/uploads\/2011\/09\/wpid-IMAG0819.jpg?w=640&#038;ssl=1\" \/><\/a><\/p>\n<p><span class=\"post_sig\">Posted from WordPress for Android<\/span><\/p>\n","protected":false},"excerpt":{"rendered":"<p>Kurz vor dem Gewitter haben wir den Heimathof in Woppenroth erreicht. Essen ist super. Posted from WordPress for Android<\/p>\n","protected":false},"author":1,"featured_media":0,"comment_status":"open","ping_status":"open","sticky":false,"template":"","format":"standard","meta":{"_crdt_document":"","jetpack_post_was_ever_published":false,"_jetpack_newsletter_access":"","_jetpack_dont_email_post_to_subs":false,"_jetpack_newsletter_tier_id":0,"_jetpack_memberships_contains_paywalled_content":false,"_jetpack_memberships_contains_paid_content":false,"footnotes":"","jetpack_publicize_message":"","jetpack_publicize_feature_enabled":true,"jetpack_social_post_already_shared":false,"jetpack_social_options":{"image_generator_settings":{"template":"highway","default_image_id":0,"font":"","enabled":false},"version":2}},"categories":[3],"tags":[],"class_list":["post-571","post","type-post","status-publish","format-standard","hentry","category-touren"],"jetpack_publicize_connections":[],"jetpack_featured_media_url":"","jetpack_sharing_enabled":true,"jetpack_shortlink":"https:\/\/wp.me\/p73o9s-9d","jetpack-related-posts":[{"id":3256,"url":"https:\/\/willi-junker.de\/dachs\/?p=3256","url_meta":{"origin":571,"position":0},"title":"Durch Hunsr\u00fccker T\u00e4ler und seine Hochfl\u00e4chen","author":"Willi","date":"17.04.2016","format":false,"excerpt":"Am Sonntagmorgen geht es am Ortsausgang von Laubach in Richtung Kastellaun los. 7 Wanderer treffen sich dort um 7:00 Uhr bei letzten Regentropfen. Es hat die ganze Nacht kr\u00e4ftig geregnet. Wir folgen dem Schinderhannespfad bis nach Kastellaun und von dort geht es auf dem Saar-Hunsr\u00fcck-Steig weiter. \u00dcber den Diellaysteig steigen\u2026","rel":"","context":"In &quot;Touren&quot;","block_context":{"text":"Touren","link":"https:\/\/willi-junker.de\/dachs\/?cat=3"},"img":{"alt_text":"image","src":"https:\/\/i0.wp.com\/willi-junker.de\/dachs\/wp-content\/uploads\/2016\/04\/20160417_085921-1920x1080.jpg?resize=350%2C200","width":350,"height":200,"srcset":"https:\/\/i0.wp.com\/willi-junker.de\/dachs\/wp-content\/uploads\/2016\/04\/20160417_085921-1920x1080.jpg?resize=350%2C200 1x, https:\/\/i0.wp.com\/willi-junker.de\/dachs\/wp-content\/uploads\/2016\/04\/20160417_085921-1920x1080.jpg?resize=525%2C300 1.5x, https:\/\/i0.wp.com\/willi-junker.de\/dachs\/wp-content\/uploads\/2016\/04\/20160417_085921-1920x1080.jpg?resize=700%2C400 2x, https:\/\/i0.wp.com\/willi-junker.de\/dachs\/wp-content\/uploads\/2016\/04\/20160417_085921-1920x1080.jpg?resize=1050%2C600 3x, https:\/\/i0.wp.com\/willi-junker.de\/dachs\/wp-content\/uploads\/2016\/04\/20160417_085921-1920x1080.jpg?resize=1400%2C800 4x"},"classes":[]},{"id":975,"url":"https:\/\/willi-junker.de\/dachs\/?p=975","url_meta":{"origin":571,"position":1},"title":"Puezh\u00fctte und \u00dcbersteigung Col de la Pieres","author":"Willi","date":"07.07.2012","format":false,"excerpt":"Heute haben wir nochmals eine richtig gro\u00dfe Runde gemacht. Mit dem Lift ging es hoch auf das Gr\u00f6dner Joch. Ab dann den Rest zu Fu\u00df. Kurz nach 10:00 Uhr sind wir an der Jimmy-H\u00fctte. Kurz dahinter ist der Einstieg in den Fernwanderweg 2. Es geht hoch zum Cirjoch und weiter\u2026","rel":"","context":"In &quot;Touren&quot;","block_context":{"text":"Touren","link":"https:\/\/willi-junker.de\/dachs\/?cat=3"},"img":{"alt_text":"","src":"","width":0,"height":0},"classes":[]},{"id":4274,"url":"https:\/\/willi-junker.de\/dachs\/?p=4274","url_meta":{"origin":571,"position":2},"title":"Tag 13 &#8211; Durch&#8217;s Val Cedul zum Piz Ciampac und zur Puezh\u00fctte\u00a0","author":"Willi","date":"30.07.2017","format":false,"excerpt":"Gegen 08:30 Uhr starten Andre und ich ins Langental und dann direkt rechts ab ins Val Cedul. Es folgt ein gut 900 Meter hoher Anstieg bis zum Cresp\u00ebinajoch und von dort geht es nochmals fast 150 Meter hoch auf den 2.667 Meter hohen Sass da Ciampac. Dort sind wir kurz\u2026","rel":"","context":"In &quot;Touren&quot;","block_context":{"text":"Touren","link":"https:\/\/willi-junker.de\/dachs\/?cat=3"},"img":{"alt_text":"","src":"https:\/\/i0.wp.com\/willi-junker.de\/dachs\/wp-content\/uploads\/2017\/07\/wp-image-1507284808.jpg?resize=350%2C200","width":350,"height":200,"srcset":"https:\/\/i0.wp.com\/willi-junker.de\/dachs\/wp-content\/uploads\/2017\/07\/wp-image-1507284808.jpg?resize=350%2C200 1x, https:\/\/i0.wp.com\/willi-junker.de\/dachs\/wp-content\/uploads\/2017\/07\/wp-image-1507284808.jpg?resize=525%2C300 1.5x, https:\/\/i0.wp.com\/willi-junker.de\/dachs\/wp-content\/uploads\/2017\/07\/wp-image-1507284808.jpg?resize=700%2C400 2x, https:\/\/i0.wp.com\/willi-junker.de\/dachs\/wp-content\/uploads\/2017\/07\/wp-image-1507284808.jpg?resize=1050%2C600 3x, https:\/\/i0.wp.com\/willi-junker.de\/dachs\/wp-content\/uploads\/2017\/07\/wp-image-1507284808.jpg?resize=1400%2C800 4x"},"classes":[]},{"id":1253,"url":"https:\/\/willi-junker.de\/dachs\/?p=1253","url_meta":{"origin":571,"position":3},"title":"Kasern 18:30 Uhr","author":"Willi","date":"15.07.2013","format":false,"excerpt":"Das hat heute trotz der gro\u00dfen Schneefelder gut funktioniert. Kurz vor Kasern sind wir noch kurz auf der Adleralm eingekehrt. Den Wirt hatte ich am Samstag kennen gelernt. Er hat mir ein paar Tips gegeben. Um 18:30 Uhr sind wir dann im Berghotel Kasern. Den Zwillingen ist keine M\u00fcdigkeit anzusehen.\u2026","rel":"","context":"In &quot;Touren&quot;","block_context":{"text":"Touren","link":"https:\/\/willi-junker.de\/dachs\/?cat=3"},"img":{"alt_text":"","src":"","width":0,"height":0},"classes":[]},{"id":4070,"url":"https:\/\/willi-junker.de\/dachs\/?p=4070","url_meta":{"origin":571,"position":4},"title":"H\u00fcttenwanderung &#8211; Tag 4","author":"Willi","date":"21.07.2017","format":false,"excerpt":"Auch heute bin ich wieder vor sechs Uhr munter und treibe mich ab halb sieben vor der H\u00fctte rum. Es ist sonnig und es sieht nach einem sch\u00f6nen Tag aus. Das Alpengl\u00fchen hat heute leider wieder nicht stattgefunden. Um sieben sitze ich am Fr\u00fchst\u00fcckstisch und um acht bin ich auf\u2026","rel":"","context":"In &quot;Touren&quot;","block_context":{"text":"Touren","link":"https:\/\/willi-junker.de\/dachs\/?cat=3"},"img":{"alt_text":"","src":"https:\/\/i0.wp.com\/willi-junker.de\/dachs\/wp-content\/uploads\/2017\/07\/wp-image-833505761.jpg?resize=350%2C200","width":350,"height":200,"srcset":"https:\/\/i0.wp.com\/willi-junker.de\/dachs\/wp-content\/uploads\/2017\/07\/wp-image-833505761.jpg?resize=350%2C200 1x, https:\/\/i0.wp.com\/willi-junker.de\/dachs\/wp-content\/uploads\/2017\/07\/wp-image-833505761.jpg?resize=525%2C300 1.5x, https:\/\/i0.wp.com\/willi-junker.de\/dachs\/wp-content\/uploads\/2017\/07\/wp-image-833505761.jpg?resize=700%2C400 2x, https:\/\/i0.wp.com\/willi-junker.de\/dachs\/wp-content\/uploads\/2017\/07\/wp-image-833505761.jpg?resize=1050%2C600 3x, https:\/\/i0.wp.com\/willi-junker.de\/dachs\/wp-content\/uploads\/2017\/07\/wp-image-833505761.jpg?resize=1400%2C800 4x"},"classes":[]},{"id":4627,"url":"https:\/\/willi-junker.de\/dachs\/?p=4627","url_meta":{"origin":571,"position":5},"title":"Tag 8 &#8211; Radtour zum Laubachtreffen im Elsass","author":"Willi","date":"02.07.2018","format":false,"excerpt":"Punkt acht gibt es Fr\u00fchst\u00fcck und um neun sitzen wir auf den R\u00e4dern. Heute haben wir ein paar Kilometer vor uns. N\u00f6rdlich von Hinterweidenthal geht es in ein ruhiges Tal. Nach einigen Kilometern wird der Scheitelpunkt erreicht. Um nicht allzu viele H\u00f6henmeter zu verlieren, nutzen wir auch kurzzeitig einen Wanderweg.\u2026","rel":"","context":"In &quot;Touren&quot;","block_context":{"text":"Touren","link":"https:\/\/willi-junker.de\/dachs\/?cat=3"},"img":{"alt_text":"","src":"https:\/\/i0.wp.com\/willi-junker.de\/dachs\/wp-content\/uploads\/2018\/07\/20180702_105421-2066327141.jpg?resize=350%2C200","width":350,"height":200,"srcset":"https:\/\/i0.wp.com\/willi-junker.de\/dachs\/wp-content\/uploads\/2018\/07\/20180702_105421-2066327141.jpg?resize=350%2C200 1x, https:\/\/i0.wp.com\/willi-junker.de\/dachs\/wp-content\/uploads\/2018\/07\/20180702_105421-2066327141.jpg?resize=525%2C300 1.5x, https:\/\/i0.wp.com\/willi-junker.de\/dachs\/wp-content\/uploads\/2018\/07\/20180702_105421-2066327141.jpg?resize=700%2C400 2x, https:\/\/i0.wp.com\/willi-junker.de\/dachs\/wp-content\/uploads\/2018\/07\/20180702_105421-2066327141.jpg?resize=1050%2C600 3x, https:\/\/i0.wp.com\/willi-junker.de\/dachs\/wp-content\/uploads\/2018\/07\/20180702_105421-2066327141.jpg?resize=1400%2C800 4x"},"classes":[]}],"_links":{"self":[{"href":"https:\/\/willi-junker.de\/dachs\/index.php?rest_route=\/wp\/v2\/posts\/571","targetHints":{"allow":["GET"]}}],"collection":[{"href":"https:\/\/willi-junker.de\/dachs\/index.php?rest_route=\/wp\/v2\/posts"}],"about":[{"href":"https:\/\/willi-junker.de\/dachs\/index.php?rest_route=\/wp\/v2\/types\/post"}],"author":[{"embeddable":true,"href":"https:\/\/willi-junker.de\/dachs\/index.php?rest_route=\/wp\/v2\/users\/1"}],"replies":[{"embeddable":true,"href":"https:\/\/willi-junker.de\/dachs\/index.php?rest_route=%2Fwp%2Fv2%2Fcomments&post=571"}],"version-history":[{"count":0,"href":"https:\/\/willi-junker.de\/dachs\/index.php?rest_route=\/wp\/v2\/posts\/571\/revisions"}],"wp:attachment":[{"href":"https:\/\/willi-junker.de\/dachs\/index.php?rest_route=%2Fwp%2Fv2%2Fmedia&parent=571"}],"wp:term":[{"taxonomy":"category","embeddable":true,"href":"https:\/\/willi-junker.de\/dachs\/index.php?rest_route=%2Fwp%2Fv2%2Fcategories&post=571"},{"taxonomy":"post_tag","embeddable":true,"href":"https:\/\/willi-junker.de\/dachs\/index.php?rest_route=%2Fwp%2Fv2%2Ftags&post=571"}],"curies":[{"name":"wp","href":"https:\/\/api.w.org\/{rel}","templated":true}]}}