{"id":565,"date":"2011-09-11T10:41:17","date_gmt":"2011-09-11T08:41:17","guid":{"rendered":"http:\/\/willi-junker.de\/dachs\/?p=565"},"modified":"2011-09-11T10:55:30","modified_gmt":"2011-09-11T08:55:30","slug":"1030-uhr-kirn","status":"publish","type":"post","link":"https:\/\/willi-junker.de\/dachs\/?p=565","title":{"rendered":"10:30 Uhr Kirn"},"content":{"rendered":"<p>Der Aufstieg zum Hunsr\u00fcck hat nach 22 km begonnen.<\/p>\n<p><span class=\"post_sig\">Posted from WordPress for Android<\/span><br \/><a alt=\"image\" href=\"https:\/\/i0.wp.com\/willi-junker.de\/dachs\/wp-content\/uploads\/2011\/09\/wpid-IMAG08163.jpg?ssl=1\"><img data-recalc-dims=\"1\" decoding=\"async\" style=\"display:block;margin-right:auto;margin-left:auto;\" alt=\"image\" src=\"https:\/\/i0.wp.com\/willi-junker.de\/dachs\/wp-content\/uploads\/2011\/09\/wpid-IMAG08162.jpg?w=640&#038;ssl=1\" \/><\/a><\/p>\n","protected":false},"excerpt":{"rendered":"<p>Der Aufstieg zum Hunsr\u00fcck hat nach 22 km begonnen. Posted from WordPress for Android<\/p>\n","protected":false},"author":1,"featured_media":0,"comment_status":"open","ping_status":"open","sticky":false,"template":"","format":"standard","meta":{"_crdt_document":"","jetpack_post_was_ever_published":false,"_jetpack_newsletter_access":"","_jetpack_dont_email_post_to_subs":false,"_jetpack_newsletter_tier_id":0,"_jetpack_memberships_contains_paywalled_content":false,"_jetpack_memberships_contains_paid_content":false,"footnotes":"","jetpack_publicize_message":"","jetpack_publicize_feature_enabled":true,"jetpack_social_post_already_shared":false,"jetpack_social_options":{"image_generator_settings":{"template":"highway","default_image_id":0,"font":"","enabled":false},"version":2}},"categories":[3],"tags":[],"class_list":["post-565","post","type-post","status-publish","format-standard","hentry","category-touren"],"jetpack_publicize_connections":[],"jetpack_featured_media_url":"","jetpack_sharing_enabled":true,"jetpack_shortlink":"https:\/\/wp.me\/p73o9s-97","jetpack-related-posts":[{"id":3977,"url":"https:\/\/willi-junker.de\/dachs\/?p=3977","url_meta":{"origin":565,"position":0},"title":"24 Stunden von Rheinland-Pfalz 2017 &#8211; wieder in Hennweiler\u00a0","author":"Willi","date":"17.06.2017","format":false,"excerpt":"Seit heute Morgen um 06:00 stehe ich wieder mit meinem Auto unter den schattigen B\u00e4umen an der L\u00fctzelsoonhalle in Hennweiler. Wir haben wieder eine sch\u00f6ne Gruppe zusammen bekommen und nach dem gemeinsamen Fr\u00fchst\u00fcck und der Verabschiedung durch die Pipe-Spieler geht es um 08:30 Uhr los. Das Wetter ist absolut ideal.\u2026","rel":"","context":"In &quot;Touren&quot;","block_context":{"text":"Touren","link":"https:\/\/willi-junker.de\/dachs\/?cat=3"},"img":{"alt_text":"","src":"https:\/\/i0.wp.com\/willi-junker.de\/dachs\/wp-content\/uploads\/2017\/06\/5172017214252.jpg?resize=350%2C200","width":350,"height":200,"srcset":"https:\/\/i0.wp.com\/willi-junker.de\/dachs\/wp-content\/uploads\/2017\/06\/5172017214252.jpg?resize=350%2C200 1x, https:\/\/i0.wp.com\/willi-junker.de\/dachs\/wp-content\/uploads\/2017\/06\/5172017214252.jpg?resize=525%2C300 1.5x, https:\/\/i0.wp.com\/willi-junker.de\/dachs\/wp-content\/uploads\/2017\/06\/5172017214252.jpg?resize=700%2C400 2x, https:\/\/i0.wp.com\/willi-junker.de\/dachs\/wp-content\/uploads\/2017\/06\/5172017214252.jpg?resize=1050%2C600 3x, https:\/\/i0.wp.com\/willi-junker.de\/dachs\/wp-content\/uploads\/2017\/06\/5172017214252.jpg?resize=1400%2C800 4x"},"classes":[]},{"id":4839,"url":"https:\/\/willi-junker.de\/dachs\/?p=4839","url_meta":{"origin":565,"position":1},"title":"Saar-Hunsr\u00fcck-Steig r\u00fcckw\u00e4rts &#8211; Tag 2 &#8211; Etappe 22 und 21","author":"Willi","date":"10.10.2018","format":false,"excerpt":"Kurz nach halb neun starte ich im nebligen Brodenbach. Die Mosel ist nicht zu sehen. Nach ca. 1,5 km bin ich wieder auf dem Saar-Hunsr\u00fcck-Steig. Es geht steil hinauf nach Morshausen. Am Ehrenburgblick stehe ich leider noch immer im Nebel. Der Nebel rundum gibt der Landschaft einen mystischen Hauch. Richtig\u2026","rel":"","context":"In &quot;Touren&quot;","block_context":{"text":"Touren","link":"https:\/\/willi-junker.de\/dachs\/?cat=3"},"img":{"alt_text":"","src":"https:\/\/i0.wp.com\/willi-junker.de\/dachs\/wp-content\/uploads\/2018\/10\/20181010_0918091479369735.jpg?resize=350%2C200","width":350,"height":200,"srcset":"https:\/\/i0.wp.com\/willi-junker.de\/dachs\/wp-content\/uploads\/2018\/10\/20181010_0918091479369735.jpg?resize=350%2C200 1x, https:\/\/i0.wp.com\/willi-junker.de\/dachs\/wp-content\/uploads\/2018\/10\/20181010_0918091479369735.jpg?resize=525%2C300 1.5x, https:\/\/i0.wp.com\/willi-junker.de\/dachs\/wp-content\/uploads\/2018\/10\/20181010_0918091479369735.jpg?resize=700%2C400 2x, https:\/\/i0.wp.com\/willi-junker.de\/dachs\/wp-content\/uploads\/2018\/10\/20181010_0918091479369735.jpg?resize=1050%2C600 3x, https:\/\/i0.wp.com\/willi-junker.de\/dachs\/wp-content\/uploads\/2018\/10\/20181010_0918091479369735.jpg?resize=1400%2C800 4x"},"classes":[]},{"id":4816,"url":"https:\/\/willi-junker.de\/dachs\/?p=4816","url_meta":{"origin":565,"position":2},"title":"Saar-Hunsr\u00fcck-Steig r\u00fcckw\u00e4rts &#8211; Tag 1 &#8211; Etappe 24 und 23","author":"Willi","date":"09.10.2018","format":false,"excerpt":"Meine neues Projekt beginnt in Boppard. Bin heute Morgen mit dem Zug nach Boppard und nach einem letzten Auff\u00fcllen des Rucksacks beginne ich an der Talstation des Sessellifts mit dem Aufstieg in den Hunsr\u00fcck. Es geht steil bergauf entlang des Sessellifts mit sehr eingeschr\u00e4kter Sicht. Im Tal h\u00e4ngt eine dichte\u2026","rel":"","context":"In &quot;Touren&quot;","block_context":{"text":"Touren","link":"https:\/\/willi-junker.de\/dachs\/?cat=3"},"img":{"alt_text":"","src":"https:\/\/i0.wp.com\/willi-junker.de\/dachs\/wp-content\/uploads\/2018\/10\/20181009_06544424048659.jpg?resize=350%2C200","width":350,"height":200,"srcset":"https:\/\/i0.wp.com\/willi-junker.de\/dachs\/wp-content\/uploads\/2018\/10\/20181009_06544424048659.jpg?resize=350%2C200 1x, https:\/\/i0.wp.com\/willi-junker.de\/dachs\/wp-content\/uploads\/2018\/10\/20181009_06544424048659.jpg?resize=525%2C300 1.5x, https:\/\/i0.wp.com\/willi-junker.de\/dachs\/wp-content\/uploads\/2018\/10\/20181009_06544424048659.jpg?resize=700%2C400 2x, https:\/\/i0.wp.com\/willi-junker.de\/dachs\/wp-content\/uploads\/2018\/10\/20181009_06544424048659.jpg?resize=1050%2C600 3x, https:\/\/i0.wp.com\/willi-junker.de\/dachs\/wp-content\/uploads\/2018\/10\/20181009_06544424048659.jpg?resize=1400%2C800 4x"},"classes":[]},{"id":242,"url":"https:\/\/willi-junker.de\/dachs\/?p=242","url_meta":{"origin":565,"position":3},"title":"Radtour Oberstein &#8211; 12.06.2011","author":"Willi","date":"12.06.2011","format":false,"excerpt":"Heute Morgen ist es schweinekalt, nur 4 Grad. Daher starte ich erst gegen 08:15 Uhr mit meiner Tour nach Oberstein. \u00dcber Alterk\u00fclz, W\u00fcschheim und das Faas geht es nach Kostenz und von dort \u00fcber Niedersohren, Laufersweiler und Rhaunen nach Hottenbach. Dort mache ich eine kurze Pause und genie\u00dfe die Aussicht.\u2026","rel":"","context":"In &quot;Touren&quot;","block_context":{"text":"Touren","link":"https:\/\/willi-junker.de\/dachs\/?cat=3"},"img":{"alt_text":"Hottenbach - Blick zum Idarkopf","src":"https:\/\/i0.wp.com\/willi-junker.de\/dachs\/wp-content\/uploads\/2011\/06\/901.jpg?resize=350%2C200","width":350,"height":200,"srcset":"https:\/\/i0.wp.com\/willi-junker.de\/dachs\/wp-content\/uploads\/2011\/06\/901.jpg?resize=350%2C200 1x, https:\/\/i0.wp.com\/willi-junker.de\/dachs\/wp-content\/uploads\/2011\/06\/901.jpg?resize=525%2C300 1.5x, https:\/\/i0.wp.com\/willi-junker.de\/dachs\/wp-content\/uploads\/2011\/06\/901.jpg?resize=700%2C400 2x, https:\/\/i0.wp.com\/willi-junker.de\/dachs\/wp-content\/uploads\/2011\/06\/901.jpg?resize=1050%2C600 3x, https:\/\/i0.wp.com\/willi-junker.de\/dachs\/wp-content\/uploads\/2011\/06\/901.jpg?resize=1400%2C800 4x"},"classes":[]},{"id":4334,"url":"https:\/\/willi-junker.de\/dachs\/?p=4334","url_meta":{"origin":565,"position":4},"title":"Allerheiligen &#8211; Wandern auf dem Saar-Hunsr\u00fcck-Steig und diversen Traumschleifen\u00a0","author":"Willi","date":"01.11.2017","format":false,"excerpt":"Bin heute Morgen bei blauem Himmel und einstelligen Temperaturen \u00fcber den Schinderhannespfad nach Kastellaun. Auf dem Marktplatz bin ich auf den Saar-Hunsr\u00fcck-Steig gesto\u00dfen. Zuerst \u00fcber die Burg und dann weiter in Richtung Uhler und Mannebach. Dann kommt nach knapp 20 km das Tor zur Traumschleife Baybachtal. Gegen 12:20 Uhr bin\u2026","rel":"","context":"In &quot;Touren&quot;","block_context":{"text":"Touren","link":"https:\/\/willi-junker.de\/dachs\/?cat=3"},"img":{"alt_text":"","src":"","width":0,"height":0},"classes":[]},{"id":540,"url":"https:\/\/willi-junker.de\/dachs\/?p=540","url_meta":{"origin":565,"position":5},"title":"17:00 Uhr &#8211; Bin auch wieder im Tal","author":"Willi","date":"04.09.2011","format":false,"excerpt":"Nach dem Mittagessen nehme ich den Fu\u00dfweg ins Tal. Zuerst den Abstieg hinab zum Sella Pa\u00df. Dann durch die Steinerne Stadt zur Comici und \u00fcber Plan de Gralba nach Wolkenstein. Macht zusammen 24 km und 1.200 H\u00f6henmeter. Die letzten Kilometer hat es gut geregnet. Posted from WordPress for Android","rel":"","context":"In &quot;Touren&quot;","block_context":{"text":"Touren","link":"https:\/\/willi-junker.de\/dachs\/?cat=3"},"img":{"alt_text":"","src":"","width":0,"height":0},"classes":[]}],"_links":{"self":[{"href":"https:\/\/willi-junker.de\/dachs\/index.php?rest_route=\/wp\/v2\/posts\/565","targetHints":{"allow":["GET"]}}],"collection":[{"href":"https:\/\/willi-junker.de\/dachs\/index.php?rest_route=\/wp\/v2\/posts"}],"about":[{"href":"https:\/\/willi-junker.de\/dachs\/index.php?rest_route=\/wp\/v2\/types\/post"}],"author":[{"embeddable":true,"href":"https:\/\/willi-junker.de\/dachs\/index.php?rest_route=\/wp\/v2\/users\/1"}],"replies":[{"embeddable":true,"href":"https:\/\/willi-junker.de\/dachs\/index.php?rest_route=%2Fwp%2Fv2%2Fcomments&post=565"}],"version-history":[{"count":1,"href":"https:\/\/willi-junker.de\/dachs\/index.php?rest_route=\/wp\/v2\/posts\/565\/revisions"}],"predecessor-version":[{"id":568,"href":"https:\/\/willi-junker.de\/dachs\/index.php?rest_route=\/wp\/v2\/posts\/565\/revisions\/568"}],"wp:attachment":[{"href":"https:\/\/willi-junker.de\/dachs\/index.php?rest_route=%2Fwp%2Fv2%2Fmedia&parent=565"}],"wp:term":[{"taxonomy":"category","embeddable":true,"href":"https:\/\/willi-junker.de\/dachs\/index.php?rest_route=%2Fwp%2Fv2%2Fcategories&post=565"},{"taxonomy":"post_tag","embeddable":true,"href":"https:\/\/willi-junker.de\/dachs\/index.php?rest_route=%2Fwp%2Fv2%2Ftags&post=565"}],"curies":[{"name":"wp","href":"https:\/\/api.w.org\/{rel}","templated":true}]}}