{"id":540,"date":"2011-09-04T17:57:37","date_gmt":"2011-09-04T15:57:37","guid":{"rendered":"http:\/\/willi-junker.de\/dachs\/?p=540"},"modified":"2011-09-04T17:57:37","modified_gmt":"2011-09-04T15:57:37","slug":"1700-uhr-bin-auch-wieder-im-tal","status":"publish","type":"post","link":"https:\/\/willi-junker.de\/dachs\/?p=540","title":{"rendered":"17:00 Uhr &#8211; Bin auch wieder im Tal"},"content":{"rendered":"<p>Nach dem Mittagessen nehme ich den Fu\u00dfweg ins Tal. Zuerst den Abstieg hinab zum Sella Pa\u00df. Dann durch die Steinerne Stadt zur Comici und \u00fcber Plan de Gralba nach Wolkenstein. Macht zusammen 24 km und 1.200 H\u00f6henmeter. Die letzten Kilometer hat es gut geregnet.<\/p>\n<p><a alt=\"image\" href=\"https:\/\/i0.wp.com\/willi-junker.de\/dachs\/wp-content\/uploads\/2011\/09\/wpid-IMAG08001.jpg?ssl=1\"><img data-recalc-dims=\"1\" decoding=\"async\" style=\"display:block;margin-right:auto;margin-left:auto;\" alt=\"image\" src=\"https:\/\/i0.wp.com\/willi-junker.de\/dachs\/wp-content\/uploads\/2011\/09\/wpid-IMAG0800.jpg?w=640&#038;ssl=1\" \/><\/a><\/p>\n<p><span class=\"post_sig\">Posted from WordPress for Android<\/span><\/p>\n","protected":false},"excerpt":{"rendered":"<p>Nach dem Mittagessen nehme ich den Fu\u00dfweg ins Tal. Zuerst den Abstieg hinab zum Sella Pa\u00df. Dann durch die Steinerne Stadt zur Comici und \u00fcber Plan de Gralba nach Wolkenstein. Macht zusammen 24 km und 1.200 H\u00f6henmeter. Die letzten Kilometer &hellip; <a href=\"https:\/\/willi-junker.de\/dachs\/?p=540\">Weiterlesen <span class=\"meta-nav\">&rarr;<\/span><\/a><\/p>\n","protected":false},"author":1,"featured_media":0,"comment_status":"open","ping_status":"open","sticky":false,"template":"","format":"standard","meta":{"_crdt_document":"","jetpack_post_was_ever_published":false,"_jetpack_newsletter_access":"","_jetpack_dont_email_post_to_subs":false,"_jetpack_newsletter_tier_id":0,"_jetpack_memberships_contains_paywalled_content":false,"_jetpack_memberships_contains_paid_content":false,"footnotes":"","jetpack_publicize_message":"","jetpack_publicize_feature_enabled":true,"jetpack_social_post_already_shared":false,"jetpack_social_options":{"image_generator_settings":{"template":"highway","default_image_id":0,"font":"","enabled":false},"version":2}},"categories":[3],"tags":[],"class_list":["post-540","post","type-post","status-publish","format-standard","hentry","category-touren"],"jetpack_publicize_connections":[],"jetpack_featured_media_url":"","jetpack_sharing_enabled":true,"jetpack_shortlink":"https:\/\/wp.me\/p73o9s-8I","jetpack-related-posts":[{"id":3256,"url":"https:\/\/willi-junker.de\/dachs\/?p=3256","url_meta":{"origin":540,"position":0},"title":"Durch Hunsr\u00fccker T\u00e4ler und seine Hochfl\u00e4chen","author":"Willi","date":"17.04.2016","format":false,"excerpt":"Am Sonntagmorgen geht es am Ortsausgang von Laubach in Richtung Kastellaun los. 7 Wanderer treffen sich dort um 7:00 Uhr bei letzten Regentropfen. Es hat die ganze Nacht kr\u00e4ftig geregnet. Wir folgen dem Schinderhannespfad bis nach Kastellaun und von dort geht es auf dem Saar-Hunsr\u00fcck-Steig weiter. \u00dcber den Diellaysteig steigen\u2026","rel":"","context":"In &quot;Touren&quot;","block_context":{"text":"Touren","link":"https:\/\/willi-junker.de\/dachs\/?cat=3"},"img":{"alt_text":"image","src":"https:\/\/i0.wp.com\/willi-junker.de\/dachs\/wp-content\/uploads\/2016\/04\/20160417_085921-1920x1080.jpg?resize=350%2C200","width":350,"height":200,"srcset":"https:\/\/i0.wp.com\/willi-junker.de\/dachs\/wp-content\/uploads\/2016\/04\/20160417_085921-1920x1080.jpg?resize=350%2C200 1x, https:\/\/i0.wp.com\/willi-junker.de\/dachs\/wp-content\/uploads\/2016\/04\/20160417_085921-1920x1080.jpg?resize=525%2C300 1.5x, https:\/\/i0.wp.com\/willi-junker.de\/dachs\/wp-content\/uploads\/2016\/04\/20160417_085921-1920x1080.jpg?resize=700%2C400 2x, https:\/\/i0.wp.com\/willi-junker.de\/dachs\/wp-content\/uploads\/2016\/04\/20160417_085921-1920x1080.jpg?resize=1050%2C600 3x, https:\/\/i0.wp.com\/willi-junker.de\/dachs\/wp-content\/uploads\/2016\/04\/20160417_085921-1920x1080.jpg?resize=1400%2C800 4x"},"classes":[]},{"id":4816,"url":"https:\/\/willi-junker.de\/dachs\/?p=4816","url_meta":{"origin":540,"position":1},"title":"Saar-Hunsr\u00fcck-Steig r\u00fcckw\u00e4rts &#8211; Tag 1 &#8211; Etappe 24 und 23","author":"Willi","date":"09.10.2018","format":false,"excerpt":"Meine neues Projekt beginnt in Boppard. Bin heute Morgen mit dem Zug nach Boppard und nach einem letzten Auff\u00fcllen des Rucksacks beginne ich an der Talstation des Sessellifts mit dem Aufstieg in den Hunsr\u00fcck. Es geht steil bergauf entlang des Sessellifts mit sehr eingeschr\u00e4kter Sicht. Im Tal h\u00e4ngt eine dichte\u2026","rel":"","context":"In &quot;Touren&quot;","block_context":{"text":"Touren","link":"https:\/\/willi-junker.de\/dachs\/?cat=3"},"img":{"alt_text":"","src":"https:\/\/i0.wp.com\/willi-junker.de\/dachs\/wp-content\/uploads\/2018\/10\/20181009_06544424048659.jpg?resize=350%2C200","width":350,"height":200,"srcset":"https:\/\/i0.wp.com\/willi-junker.de\/dachs\/wp-content\/uploads\/2018\/10\/20181009_06544424048659.jpg?resize=350%2C200 1x, https:\/\/i0.wp.com\/willi-junker.de\/dachs\/wp-content\/uploads\/2018\/10\/20181009_06544424048659.jpg?resize=525%2C300 1.5x, https:\/\/i0.wp.com\/willi-junker.de\/dachs\/wp-content\/uploads\/2018\/10\/20181009_06544424048659.jpg?resize=700%2C400 2x, https:\/\/i0.wp.com\/willi-junker.de\/dachs\/wp-content\/uploads\/2018\/10\/20181009_06544424048659.jpg?resize=1050%2C600 3x, https:\/\/i0.wp.com\/willi-junker.de\/dachs\/wp-content\/uploads\/2018\/10\/20181009_06544424048659.jpg?resize=1400%2C800 4x"},"classes":[]},{"id":4853,"url":"https:\/\/willi-junker.de\/dachs\/?p=4853","url_meta":{"origin":540,"position":2},"title":"Saar-Hunsr\u00fcck-Steig r\u00fcckw\u00e4rts &#8211; Tag 3 &#8211; Etappe 20, 19 und 18","author":"Willi","date":"11.10.2018","format":false,"excerpt":"Heute Morgen starte ich in Kastellaun. Um acht verlasse ich die Unterkunft. Der Weg f\u00fchrt zuerst \u00fcber die Burg und dann quer durch die Stadt bis zur Kaserne. Nach Bell taucht man dann im Wohnrother Tal ein. Nur kurzzeitig wird der Talgrund verlassen um auf Felsnasen aufzusteigen. Die Geierlay wird\u2026","rel":"","context":"In &quot;Touren&quot;","block_context":{"text":"Touren","link":"https:\/\/willi-junker.de\/dachs\/?cat=3"},"img":{"alt_text":"","src":"https:\/\/i0.wp.com\/willi-junker.de\/dachs\/wp-content\/uploads\/2018\/10\/20181011_081902691359766.jpg?resize=350%2C200","width":350,"height":200,"srcset":"https:\/\/i0.wp.com\/willi-junker.de\/dachs\/wp-content\/uploads\/2018\/10\/20181011_081902691359766.jpg?resize=350%2C200 1x, https:\/\/i0.wp.com\/willi-junker.de\/dachs\/wp-content\/uploads\/2018\/10\/20181011_081902691359766.jpg?resize=525%2C300 1.5x, https:\/\/i0.wp.com\/willi-junker.de\/dachs\/wp-content\/uploads\/2018\/10\/20181011_081902691359766.jpg?resize=700%2C400 2x, https:\/\/i0.wp.com\/willi-junker.de\/dachs\/wp-content\/uploads\/2018\/10\/20181011_081902691359766.jpg?resize=1050%2C600 3x, https:\/\/i0.wp.com\/willi-junker.de\/dachs\/wp-content\/uploads\/2018\/10\/20181011_081902691359766.jpg?resize=1400%2C800 4x"},"classes":[]},{"id":4333,"url":"https:\/\/willi-junker.de\/dachs\/?p=4333","url_meta":{"origin":540,"position":3},"title":"Vortour Radtour Radteam TuS Laubach 2017","author":"Willi","date":"29.08.2017","format":false,"excerpt":"Heute ist ein wunderbar sonniger Tag. Ich starte um 08:00 Uhr mit dem Auto und fahre nach Manderscheid in der Eifel. Den Ort erkunde ich noch etwas und gegen zehn Uhr beginne ich mit der Tour. Es geht sofort steil bergab und nach gut einer Minute sind ca 100 H\u00f6henmeter\u2026","rel":"","context":"In &quot;Touren&quot;","block_context":{"text":"Touren","link":"https:\/\/willi-junker.de\/dachs\/?cat=3"},"img":{"alt_text":"","src":"","width":0,"height":0},"classes":[]},{"id":4627,"url":"https:\/\/willi-junker.de\/dachs\/?p=4627","url_meta":{"origin":540,"position":4},"title":"Tag 8 &#8211; Radtour zum Laubachtreffen im Elsass","author":"Willi","date":"02.07.2018","format":false,"excerpt":"Punkt acht gibt es Fr\u00fchst\u00fcck und um neun sitzen wir auf den R\u00e4dern. Heute haben wir ein paar Kilometer vor uns. N\u00f6rdlich von Hinterweidenthal geht es in ein ruhiges Tal. Nach einigen Kilometern wird der Scheitelpunkt erreicht. Um nicht allzu viele H\u00f6henmeter zu verlieren, nutzen wir auch kurzzeitig einen Wanderweg.\u2026","rel":"","context":"In &quot;Touren&quot;","block_context":{"text":"Touren","link":"https:\/\/willi-junker.de\/dachs\/?cat=3"},"img":{"alt_text":"","src":"https:\/\/i0.wp.com\/willi-junker.de\/dachs\/wp-content\/uploads\/2018\/07\/20180702_105421-2066327141.jpg?resize=350%2C200","width":350,"height":200,"srcset":"https:\/\/i0.wp.com\/willi-junker.de\/dachs\/wp-content\/uploads\/2018\/07\/20180702_105421-2066327141.jpg?resize=350%2C200 1x, https:\/\/i0.wp.com\/willi-junker.de\/dachs\/wp-content\/uploads\/2018\/07\/20180702_105421-2066327141.jpg?resize=525%2C300 1.5x, https:\/\/i0.wp.com\/willi-junker.de\/dachs\/wp-content\/uploads\/2018\/07\/20180702_105421-2066327141.jpg?resize=700%2C400 2x, https:\/\/i0.wp.com\/willi-junker.de\/dachs\/wp-content\/uploads\/2018\/07\/20180702_105421-2066327141.jpg?resize=1050%2C600 3x, https:\/\/i0.wp.com\/willi-junker.de\/dachs\/wp-content\/uploads\/2018\/07\/20180702_105421-2066327141.jpg?resize=1400%2C800 4x"},"classes":[]},{"id":5382,"url":"https:\/\/willi-junker.de\/dachs\/?p=5382","url_meta":{"origin":540,"position":5},"title":"R\u00fcckfahrt in den Hunsr\u00fcck","author":"Willi","date":"02.11.2019","format":false,"excerpt":"Am Morgen nieselt es leicht. Die Berge rundum nicht sichtbar. Nach dem Fr\u00fchst\u00fcck ist es noch kein bisschen besser, eher noch heftiger. Von daher zahlen wir und treten die R\u00fcckreise an. Wir fahren hinauf ins Vinschgau, in Richtung Reschen. Naturns wird noch kurz zum Einkaufen genutzt. In Nauders biegen wir\u2026","rel":"","context":"In &quot;Touren&quot;","block_context":{"text":"Touren","link":"https:\/\/willi-junker.de\/dachs\/?cat=3"},"img":{"alt_text":"","src":"https:\/\/i0.wp.com\/willi-junker.de\/dachs\/wp-content\/uploads\/2019\/11\/20191102_081924936157082.jpg?resize=350%2C200&ssl=1","width":350,"height":200,"srcset":"https:\/\/i0.wp.com\/willi-junker.de\/dachs\/wp-content\/uploads\/2019\/11\/20191102_081924936157082.jpg?resize=350%2C200&ssl=1 1x, https:\/\/i0.wp.com\/willi-junker.de\/dachs\/wp-content\/uploads\/2019\/11\/20191102_081924936157082.jpg?resize=525%2C300&ssl=1 1.5x, https:\/\/i0.wp.com\/willi-junker.de\/dachs\/wp-content\/uploads\/2019\/11\/20191102_081924936157082.jpg?resize=700%2C400&ssl=1 2x, https:\/\/i0.wp.com\/willi-junker.de\/dachs\/wp-content\/uploads\/2019\/11\/20191102_081924936157082.jpg?resize=1050%2C600&ssl=1 3x, https:\/\/i0.wp.com\/willi-junker.de\/dachs\/wp-content\/uploads\/2019\/11\/20191102_081924936157082.jpg?resize=1400%2C800&ssl=1 4x"},"classes":[]}],"_links":{"self":[{"href":"https:\/\/willi-junker.de\/dachs\/index.php?rest_route=\/wp\/v2\/posts\/540","targetHints":{"allow":["GET"]}}],"collection":[{"href":"https:\/\/willi-junker.de\/dachs\/index.php?rest_route=\/wp\/v2\/posts"}],"about":[{"href":"https:\/\/willi-junker.de\/dachs\/index.php?rest_route=\/wp\/v2\/types\/post"}],"author":[{"embeddable":true,"href":"https:\/\/willi-junker.de\/dachs\/index.php?rest_route=\/wp\/v2\/users\/1"}],"replies":[{"embeddable":true,"href":"https:\/\/willi-junker.de\/dachs\/index.php?rest_route=%2Fwp%2Fv2%2Fcomments&post=540"}],"version-history":[{"count":0,"href":"https:\/\/willi-junker.de\/dachs\/index.php?rest_route=\/wp\/v2\/posts\/540\/revisions"}],"wp:attachment":[{"href":"https:\/\/willi-junker.de\/dachs\/index.php?rest_route=%2Fwp%2Fv2%2Fmedia&parent=540"}],"wp:term":[{"taxonomy":"category","embeddable":true,"href":"https:\/\/willi-junker.de\/dachs\/index.php?rest_route=%2Fwp%2Fv2%2Fcategories&post=540"},{"taxonomy":"post_tag","embeddable":true,"href":"https:\/\/willi-junker.de\/dachs\/index.php?rest_route=%2Fwp%2Fv2%2Ftags&post=540"}],"curies":[{"name":"wp","href":"https:\/\/api.w.org\/{rel}","templated":true}]}}