{"id":537,"date":"2011-09-04T14:18:38","date_gmt":"2011-09-04T12:18:38","guid":{"rendered":"http:\/\/willi-junker.de\/dachs\/?p=537"},"modified":"2011-09-04T14:18:38","modified_gmt":"2011-09-04T12:18:38","slug":"alle-sind-im-ziel","status":"publish","type":"post","link":"https:\/\/willi-junker.de\/dachs\/?p=537","title":{"rendered":"Alle sind im Ziel"},"content":{"rendered":"<p>Alle haben die Sollzeiten erreicht und sind gl\u00fccklich auf der H\u00fctte.<\/p>\n<p><a alt=\"image\" href=\"https:\/\/i0.wp.com\/willi-junker.de\/dachs\/wp-content\/uploads\/2011\/09\/wpid-IMAG07981.jpg?ssl=1\"><img data-recalc-dims=\"1\" decoding=\"async\" style=\"display:block;margin-right:auto;margin-left:auto;\" alt=\"image\" src=\"https:\/\/i0.wp.com\/willi-junker.de\/dachs\/wp-content\/uploads\/2011\/09\/wpid-IMAG0798.jpg?w=640&#038;ssl=1\" \/><\/a><\/p>\n<p><span class=\"post_sig\">Posted from WordPress for Android<\/span><\/p>\n","protected":false},"excerpt":{"rendered":"<p>Alle haben die Sollzeiten erreicht und sind gl\u00fccklich auf der H\u00fctte. Posted from WordPress for Android<\/p>\n","protected":false},"author":1,"featured_media":0,"comment_status":"open","ping_status":"open","sticky":false,"template":"","format":"standard","meta":{"_crdt_document":"","jetpack_post_was_ever_published":false,"_jetpack_newsletter_access":"","_jetpack_dont_email_post_to_subs":false,"_jetpack_newsletter_tier_id":0,"_jetpack_memberships_contains_paywalled_content":false,"_jetpack_memberships_contains_paid_content":false,"footnotes":"","jetpack_publicize_message":"","jetpack_publicize_feature_enabled":true,"jetpack_social_post_already_shared":false,"jetpack_social_options":{"image_generator_settings":{"template":"highway","default_image_id":0,"font":"","enabled":false},"version":2}},"categories":[3],"tags":[],"class_list":["post-537","post","type-post","status-publish","format-standard","hentry","category-touren"],"jetpack_publicize_connections":[],"jetpack_featured_media_url":"","jetpack_sharing_enabled":true,"jetpack_shortlink":"https:\/\/wp.me\/p73o9s-8F","jetpack-related-posts":[{"id":517,"url":"https:\/\/willi-junker.de\/dachs\/?p=517","url_meta":{"origin":537,"position":0},"title":"05:15 &#8211; Aufstehen ; 06:15 &#8211; Abmarsch","author":"Willi","date":"03.09.2011","format":false,"excerpt":"Gehe in der beginnenden D\u00e4mmerung los. Wolkenstein schl\u00e4ft noch, die Mitreisenden auch. Kurz vor der Juac H\u00fctte \u00fcberhole ich tats\u00e4chlich noch zwei Fr\u00fchaufsteher. Um 07:30 Uhr sitze ich beim Fr\u00fchst\u00fcck auf der Regensburger H\u00fctte. Hier ist richtig was los. Die \u00dcbernachtungsg\u00e4ste sind scheinbar schon alle munter. Nach 30 Minuten gehts\u2026","rel":"","context":"In &quot;Touren&quot;","block_context":{"text":"Touren","link":"https:\/\/willi-junker.de\/dachs\/?cat=3"},"img":{"alt_text":"","src":"","width":0,"height":0},"classes":[]},{"id":506,"url":"https:\/\/willi-junker.de\/dachs\/?p=506","url_meta":{"origin":537,"position":1},"title":"Seceda &#8211; machen heute nen faulen Tag","author":"Willi","date":"02.09.2011","format":false,"excerpt":"Haben heute Morgen die Startkarten ausgef\u00fcllt. Bei mir hat die Vernunft gesiegt. Ich erwarte die L\u00e4ufer im Ziel und mache meinen eigenen Wettkampf. Sind dann mit der Seilbahn zur Seceda und wandern dann zur Trojer. Posted from WordPress for Android","rel":"","context":"In &quot;Touren&quot;","block_context":{"text":"Touren","link":"https:\/\/willi-junker.de\/dachs\/?cat=3"},"img":{"alt_text":"","src":"","width":0,"height":0},"classes":[]},{"id":4105,"url":"https:\/\/willi-junker.de\/dachs\/?p=4105","url_meta":{"origin":537,"position":2},"title":"H\u00fcttenwanderung &#8211; Tag 5","author":"Willi","date":"22.07.2017","format":false,"excerpt":"In der Nacht gewittert es noch mehrfach. Besonders heftig ist es gegen vier Uhr. Wie jeden Tag bin ich auch heute um sechs Uhr munter und um halb sieben drehe ich bei leichtem Regen eine Runde um die H\u00fctte. Ich bin mir nicht sicher, ob ich direkt nach dem Fr\u00fchst\u00fcck\u2026","rel":"","context":"In &quot;Touren&quot;","block_context":{"text":"Touren","link":"https:\/\/willi-junker.de\/dachs\/?cat=3"},"img":{"alt_text":"","src":"https:\/\/i0.wp.com\/willi-junker.de\/dachs\/wp-content\/uploads\/2017\/07\/wp-image-2136841590.jpg?resize=350%2C200","width":350,"height":200,"srcset":"https:\/\/i0.wp.com\/willi-junker.de\/dachs\/wp-content\/uploads\/2017\/07\/wp-image-2136841590.jpg?resize=350%2C200 1x, https:\/\/i0.wp.com\/willi-junker.de\/dachs\/wp-content\/uploads\/2017\/07\/wp-image-2136841590.jpg?resize=525%2C300 1.5x, https:\/\/i0.wp.com\/willi-junker.de\/dachs\/wp-content\/uploads\/2017\/07\/wp-image-2136841590.jpg?resize=700%2C400 2x, https:\/\/i0.wp.com\/willi-junker.de\/dachs\/wp-content\/uploads\/2017\/07\/wp-image-2136841590.jpg?resize=1050%2C600 3x, https:\/\/i0.wp.com\/willi-junker.de\/dachs\/wp-content\/uploads\/2017\/07\/wp-image-2136841590.jpg?resize=1400%2C800 4x"},"classes":[]},{"id":488,"url":"https:\/\/willi-junker.de\/dachs\/?p=488","url_meta":{"origin":537,"position":3},"title":"Abstieg \u00fcber Col Raiser hinab zu Erwin auf der Sangonh\u00fctte.","author":"Willi","date":"31.08.2011","format":false,"excerpt":"W\u00e4hrend des Abstiegs durch die Scharte verabschieden sich meine guten Meindl. Die Sohle trennt sich in der Dampfungsschicht vom Schuh. Nun ist mein linker Fu\u00df mit Slicks bekleidet. Gegen 17:30 Uhr sind wir auf der H\u00fctte und um 19:00 Uhr in der Morene. Posted from WordPress for Android","rel":"","context":"In &quot;Touren&quot;","block_context":{"text":"Touren","link":"https:\/\/willi-junker.de\/dachs\/?cat=3"},"img":{"alt_text":"","src":"","width":0,"height":0},"classes":[]},{"id":495,"url":"https:\/\/willi-junker.de\/dachs\/?p=495","url_meta":{"origin":537,"position":4},"title":"Auf zur Puez-H\u00fctte","author":"Willi","date":"01.09.2011","format":false,"excerpt":"Heute ist es bedeckt und k\u00fchl. \u00dcber Nacht haben wir unerwartet Zuwachs erhalten. An unserem Tisch standen drei Gedecke. Rainer Goebel ist schon da. Mit ihm hatten wir erst Freitagabend gerechnet. Nach drei Stunden haben wir die Puez-H\u00fctte erreicht, die letzten Meter bei leichtem Nieselregen. Wir waren schon auf dem\u2026","rel":"","context":"In &quot;Touren&quot;","block_context":{"text":"Touren","link":"https:\/\/willi-junker.de\/dachs\/?cat=3"},"img":{"alt_text":"","src":"","width":0,"height":0},"classes":[]},{"id":353,"url":"https:\/\/willi-junker.de\/dachs\/?p=353","url_meta":{"origin":537,"position":5},"title":"17:15 Uhr &#8211; habe fertig","author":"Willi","date":"27.06.2011","format":false,"excerpt":"Bin in Trippstadt, im Pf\u00e4lzer Wald. F\u00fcr heute reicht es - bei dieser Hitze. Ziel nicht ganz erreicht, aber heute stelle ich da\u00df Rad nur noch in den Schuppen. Bis auf den letzten Anstieg und die Durchquerung von Lautern war es echt gut. Hier die technischen Daten: 123 km ;\u2026","rel":"","context":"In &quot;Touren&quot;","block_context":{"text":"Touren","link":"https:\/\/willi-junker.de\/dachs\/?cat=3"},"img":{"alt_text":"","src":"","width":0,"height":0},"classes":[]}],"_links":{"self":[{"href":"https:\/\/willi-junker.de\/dachs\/index.php?rest_route=\/wp\/v2\/posts\/537","targetHints":{"allow":["GET"]}}],"collection":[{"href":"https:\/\/willi-junker.de\/dachs\/index.php?rest_route=\/wp\/v2\/posts"}],"about":[{"href":"https:\/\/willi-junker.de\/dachs\/index.php?rest_route=\/wp\/v2\/types\/post"}],"author":[{"embeddable":true,"href":"https:\/\/willi-junker.de\/dachs\/index.php?rest_route=\/wp\/v2\/users\/1"}],"replies":[{"embeddable":true,"href":"https:\/\/willi-junker.de\/dachs\/index.php?rest_route=%2Fwp%2Fv2%2Fcomments&post=537"}],"version-history":[{"count":0,"href":"https:\/\/willi-junker.de\/dachs\/index.php?rest_route=\/wp\/v2\/posts\/537\/revisions"}],"wp:attachment":[{"href":"https:\/\/willi-junker.de\/dachs\/index.php?rest_route=%2Fwp%2Fv2%2Fmedia&parent=537"}],"wp:term":[{"taxonomy":"category","embeddable":true,"href":"https:\/\/willi-junker.de\/dachs\/index.php?rest_route=%2Fwp%2Fv2%2Fcategories&post=537"},{"taxonomy":"post_tag","embeddable":true,"href":"https:\/\/willi-junker.de\/dachs\/index.php?rest_route=%2Fwp%2Fv2%2Ftags&post=537"}],"curies":[{"name":"wp","href":"https:\/\/api.w.org\/{rel}","templated":true}]}}