{"id":521,"date":"2011-09-03T18:27:14","date_gmt":"2011-09-03T16:27:14","guid":{"rendered":"http:\/\/willi-junker.de\/dachs\/?p=521"},"modified":"2011-09-06T10:09:37","modified_gmt":"2011-09-06T08:09:37","slug":"1800-uhr-runde-fast-geschafft","status":"publish","type":"post","link":"https:\/\/willi-junker.de\/dachs\/?p=521","title":{"rendered":"18:00 Uhr. Runde fast geschafft."},"content":{"rendered":"<p>Von der Schl\u00fcterhutte erfolgte ein langer Abstieg hinab ins Villn\u00f6ss. Ein kurzer Aufstieg erfolgt dann hinauf zur Gschmagenhardt Alm zum Fl\u00fcssigkeit auff\u00fcllen. Dann verliert man leider wieder 150 H\u00f6henmeter.<\/p>\n<p>Dann gehts von 1.900m rauf in die Mittagsscharte (2.600m). Leider sieht man von ganz unten schon das Ziel ganz oben. Der Abstieg hinab zur Regensburger zieht sich dann doch gewaltig.<\/p>\n<p>Zum Gl\u00fcck folgt 15 Minuten sp\u00e4ter die Sangon und Erwin wei\u00df, was ich am liebsten trinke.<\/p>\n<p><a href=\"https:\/\/willi-junker.de\/dachs\/?attachment_id=528\" rel=\"attachment wp-att-528\"><img data-recalc-dims=\"1\" loading=\"lazy\" decoding=\"async\" data-attachment-id=\"528\" data-permalink=\"https:\/\/willi-junker.de\/dachs\/?attachment_id=528\" data-orig-file=\"https:\/\/i0.wp.com\/willi-junker.de\/dachs\/wp-content\/uploads\/2011\/09\/wpid-IMAG07811.jpg?fit=2592%2C1552&amp;ssl=1\" data-orig-size=\"2592,1552\" data-comments-opened=\"1\" data-image-meta=\"{&quot;aperture&quot;:&quot;0&quot;,&quot;credit&quot;:&quot;&quot;,&quot;camera&quot;:&quot;HTC Desire&quot;,&quot;caption&quot;:&quot;&quot;,&quot;created_timestamp&quot;:&quot;1315061746&quot;,&quot;copyright&quot;:&quot;&quot;,&quot;focal_length&quot;:&quot;4.31&quot;,&quot;iso&quot;:&quot;53&quot;,&quot;shutter_speed&quot;:&quot;0&quot;,&quot;title&quot;:&quot;&quot;}\" data-image-title=\"Gschnagenhardt-Alm\" data-image-description=\"\" data-image-caption=\"\" data-large-file=\"https:\/\/i0.wp.com\/willi-junker.de\/dachs\/wp-content\/uploads\/2011\/09\/wpid-IMAG07811.jpg?fit=500%2C299&amp;ssl=1\" class=\"alignnone size-large wp-image-528\" title=\"Gschnagenhardt-Alm\" src=\"https:\/\/i0.wp.com\/willi-junker.de\/dachs\/wp-content\/uploads\/2011\/09\/wpid-IMAG07811.jpg?resize=500%2C299&#038;ssl=1\" alt=\"\" width=\"500\" height=\"299\" srcset=\"https:\/\/i0.wp.com\/willi-junker.de\/dachs\/wp-content\/uploads\/2011\/09\/wpid-IMAG07811.jpg?resize=500%2C299&amp;ssl=1 500w, https:\/\/i0.wp.com\/willi-junker.de\/dachs\/wp-content\/uploads\/2011\/09\/wpid-IMAG07811.jpg?resize=300%2C179&amp;ssl=1 300w, https:\/\/i0.wp.com\/willi-junker.de\/dachs\/wp-content\/uploads\/2011\/09\/wpid-IMAG07811.jpg?w=1280&amp;ssl=1 1280w, https:\/\/i0.wp.com\/willi-junker.de\/dachs\/wp-content\/uploads\/2011\/09\/wpid-IMAG07811.jpg?w=1920&amp;ssl=1 1920w\" sizes=\"auto, (max-width: 500px) 100vw, 500px\" \/><\/a><br \/>\n<a href=\"https:\/\/i0.wp.com\/willi-junker.de\/dachs\/wp-content\/uploads\/2011\/09\/wpid-IMAG07861.jpg?ssl=1\"><img data-recalc-dims=\"1\" decoding=\"async\" style=\"display: block; margin-right: auto; margin-left: auto;\" src=\"https:\/\/i0.wp.com\/willi-junker.de\/dachs\/wp-content\/uploads\/2011\/09\/wpid-IMAG0786.jpg?w=640&#038;ssl=1\" alt=\"image\" \/><\/a><br \/>\n<a href=\"https:\/\/i0.wp.com\/willi-junker.de\/dachs\/wp-content\/uploads\/2011\/09\/wpid-IMAG07911.jpg?ssl=1\"><img data-recalc-dims=\"1\" decoding=\"async\" style=\"display: block; margin-right: auto; margin-left: auto;\" src=\"https:\/\/i0.wp.com\/willi-junker.de\/dachs\/wp-content\/uploads\/2011\/09\/wpid-IMAG0791.jpg?w=640&#038;ssl=1\" alt=\"image\" \/><\/a><\/p>\n","protected":false},"excerpt":{"rendered":"<p>Von der Schl\u00fcterhutte erfolgte ein langer Abstieg hinab ins Villn\u00f6ss. Ein kurzer Aufstieg erfolgt dann hinauf zur Gschmagenhardt Alm zum Fl\u00fcssigkeit auff\u00fcllen. Dann verliert man leider wieder 150 H\u00f6henmeter. Dann gehts von 1.900m rauf in die Mittagsscharte (2.600m). Leider sieht &hellip; <a href=\"https:\/\/willi-junker.de\/dachs\/?p=521\">Weiterlesen <span class=\"meta-nav\">&rarr;<\/span><\/a><\/p>\n","protected":false},"author":1,"featured_media":0,"comment_status":"open","ping_status":"open","sticky":false,"template":"","format":"standard","meta":{"_crdt_document":"","jetpack_post_was_ever_published":false,"_jetpack_newsletter_access":"","_jetpack_dont_email_post_to_subs":false,"_jetpack_newsletter_tier_id":0,"_jetpack_memberships_contains_paywalled_content":false,"_jetpack_memberships_contains_paid_content":false,"footnotes":"","jetpack_publicize_message":"","jetpack_publicize_feature_enabled":true,"jetpack_social_post_already_shared":false,"jetpack_social_options":{"image_generator_settings":{"template":"highway","default_image_id":0,"font":"","enabled":false},"version":2}},"categories":[3],"tags":[],"class_list":["post-521","post","type-post","status-publish","format-standard","hentry","category-touren"],"jetpack_publicize_connections":[],"jetpack_featured_media_url":"","jetpack_sharing_enabled":true,"jetpack_shortlink":"https:\/\/wp.me\/p73o9s-8p","jetpack-related-posts":[{"id":4278,"url":"https:\/\/willi-junker.de\/dachs\/?p=4278","url_meta":{"origin":521,"position":0},"title":"Tag 14 &#8211; \u00dcber den Rasch\u00f6tz zur Broglesh\u00fctte und weiter zur Seceda\u00a0","author":"Willi","date":"31.07.2017","format":false,"excerpt":"Der Tag heute beginnt auf jeden Fall entspannt. Lange gefr\u00fchst\u00fcckt. Dann zum Bus nach St. Ulrich und mit der Standseilbahn auf den Rasch\u00f6tz. Um zehn Uhr bin ich oben. Es geht locker \u00fcber die Hochalmen bei herrlichem Wetter. Kurz vor zw\u00f6lf Uhr bin ich auf der Broglesalm. Der Betrieb h\u00e4lt\u2026","rel":"","context":"In &quot;Touren&quot;","block_context":{"text":"Touren","link":"https:\/\/willi-junker.de\/dachs\/?cat=3"},"img":{"alt_text":"","src":"https:\/\/i0.wp.com\/willi-junker.de\/dachs\/wp-content\/uploads\/2017\/07\/wp-image-618154783.jpg?resize=350%2C200","width":350,"height":200,"srcset":"https:\/\/i0.wp.com\/willi-junker.de\/dachs\/wp-content\/uploads\/2017\/07\/wp-image-618154783.jpg?resize=350%2C200 1x, https:\/\/i0.wp.com\/willi-junker.de\/dachs\/wp-content\/uploads\/2017\/07\/wp-image-618154783.jpg?resize=525%2C300 1.5x, https:\/\/i0.wp.com\/willi-junker.de\/dachs\/wp-content\/uploads\/2017\/07\/wp-image-618154783.jpg?resize=700%2C400 2x, https:\/\/i0.wp.com\/willi-junker.de\/dachs\/wp-content\/uploads\/2017\/07\/wp-image-618154783.jpg?resize=1050%2C600 3x, https:\/\/i0.wp.com\/willi-junker.de\/dachs\/wp-content\/uploads\/2017\/07\/wp-image-618154783.jpg?resize=1400%2C800 4x"},"classes":[]},{"id":1357,"url":"https:\/\/willi-junker.de\/dachs\/?p=1357","url_meta":{"origin":521,"position":1},"title":"Tierser Alpl und Schlernh\u00e4user","author":"Willi","date":"27.07.2013","format":false,"excerpt":"Heute habe ich wohl meine l\u00e4ngste Alpenetappe gemacht. Ich bin heute Morgen um kurz nach 9 Uhr mit dem Bus zum Sellapass. Von dort geht es dann \u00fcber die Friedrich-August-H\u00fctte und den gleichnamigen Weg hinter dem Langkofel her. Dann weiter \u00fcber die Plattkofelh\u00fctte zur Tierser Alpl H\u00fctte. Hier bin ich\u2026","rel":"","context":"In &quot;Touren&quot;","block_context":{"text":"Touren","link":"https:\/\/willi-junker.de\/dachs\/?cat=3"},"img":{"alt_text":"","src":"","width":0,"height":0},"classes":[]},{"id":4192,"url":"https:\/\/willi-junker.de\/dachs\/?p=4192","url_meta":{"origin":521,"position":2},"title":"Tag 9 &#8211; Ein etwas verungl\u00fcckter Ruhetag","author":"Willi","date":"26.07.2017","format":false,"excerpt":"Nach der langen Tour gestern gehe ich es heute sehr ruhig an. Gegen halb zehn laufe ich in Richtung Bus und fahre hinab nach St. Ulrich. Von dort geht es dann zur Standseilbahn Rasch\u00f6tz. Beim Hinauflaufen wundere ich mich \u00fcber die mir entgegenkommenden Gruppen. F\u00fcr abends w\u00e4re das normal aber\u2026","rel":"","context":"In &quot;Touren&quot;","block_context":{"text":"Touren","link":"https:\/\/willi-junker.de\/dachs\/?cat=3"},"img":{"alt_text":"","src":"https:\/\/i0.wp.com\/willi-junker.de\/dachs\/wp-content\/uploads\/2017\/07\/wp-image-1614477091.jpg?resize=350%2C200","width":350,"height":200,"srcset":"https:\/\/i0.wp.com\/willi-junker.de\/dachs\/wp-content\/uploads\/2017\/07\/wp-image-1614477091.jpg?resize=350%2C200 1x, https:\/\/i0.wp.com\/willi-junker.de\/dachs\/wp-content\/uploads\/2017\/07\/wp-image-1614477091.jpg?resize=525%2C300 1.5x, https:\/\/i0.wp.com\/willi-junker.de\/dachs\/wp-content\/uploads\/2017\/07\/wp-image-1614477091.jpg?resize=700%2C400 2x, https:\/\/i0.wp.com\/willi-junker.de\/dachs\/wp-content\/uploads\/2017\/07\/wp-image-1614477091.jpg?resize=1050%2C600 3x, https:\/\/i0.wp.com\/willi-junker.de\/dachs\/wp-content\/uploads\/2017\/07\/wp-image-1614477091.jpg?resize=1400%2C800 4x"},"classes":[]},{"id":2649,"url":"https:\/\/willi-junker.de\/dachs\/?p=2649","url_meta":{"origin":521,"position":3},"title":"Nachtrag zu Lech","author":"Willi","date":"22.08.2015","format":false,"excerpt":"Das war heute einer der phantastischsten Wanderungen die ich je gemacht habe. Da war wirklich alles drin. Super Aufstieg von Baad durch das k\u00fchle B\u00e4rgunttal. Oberhalb der Baumgrenze eine wunderbare Aussicht auf die umliegenden Grasberge und den gro\u00dfen Widderstein. Am Sattel, dem Hochalppass dann wieder ein weites Wiesental hinab zum\u2026","rel":"","context":"In &quot;Touren&quot;","block_context":{"text":"Touren","link":"https:\/\/willi-junker.de\/dachs\/?cat=3"},"img":{"alt_text":"","src":"","width":0,"height":0},"classes":[]},{"id":4853,"url":"https:\/\/willi-junker.de\/dachs\/?p=4853","url_meta":{"origin":521,"position":4},"title":"Saar-Hunsr\u00fcck-Steig r\u00fcckw\u00e4rts &#8211; Tag 3 &#8211; Etappe 20, 19 und 18","author":"Willi","date":"11.10.2018","format":false,"excerpt":"Heute Morgen starte ich in Kastellaun. Um acht verlasse ich die Unterkunft. Der Weg f\u00fchrt zuerst \u00fcber die Burg und dann quer durch die Stadt bis zur Kaserne. Nach Bell taucht man dann im Wohnrother Tal ein. Nur kurzzeitig wird der Talgrund verlassen um auf Felsnasen aufzusteigen. Die Geierlay wird\u2026","rel":"","context":"In &quot;Touren&quot;","block_context":{"text":"Touren","link":"https:\/\/willi-junker.de\/dachs\/?cat=3"},"img":{"alt_text":"","src":"https:\/\/i0.wp.com\/willi-junker.de\/dachs\/wp-content\/uploads\/2018\/10\/20181011_081902691359766.jpg?resize=350%2C200","width":350,"height":200,"srcset":"https:\/\/i0.wp.com\/willi-junker.de\/dachs\/wp-content\/uploads\/2018\/10\/20181011_081902691359766.jpg?resize=350%2C200 1x, https:\/\/i0.wp.com\/willi-junker.de\/dachs\/wp-content\/uploads\/2018\/10\/20181011_081902691359766.jpg?resize=525%2C300 1.5x, https:\/\/i0.wp.com\/willi-junker.de\/dachs\/wp-content\/uploads\/2018\/10\/20181011_081902691359766.jpg?resize=700%2C400 2x, https:\/\/i0.wp.com\/willi-junker.de\/dachs\/wp-content\/uploads\/2018\/10\/20181011_081902691359766.jpg?resize=1050%2C600 3x, https:\/\/i0.wp.com\/willi-junker.de\/dachs\/wp-content\/uploads\/2018\/10\/20181011_081902691359766.jpg?resize=1400%2C800 4x"},"classes":[]},{"id":1312,"url":"https:\/\/willi-junker.de\/dachs\/?p=1312","url_meta":{"origin":521,"position":5},"title":"Dolomiten-Fernwanderweg 1","author":"Willi","date":"21.07.2013","format":false,"excerpt":"Seit gestern Abend bin ich endlich in den Dolomiten. Das Hotel Messner in Veit im Pragser Tal kann ich echt empfehlen. Habe mich nett mit den Wirtsleuten unterhalten. Um 9 Uhr geht es wieder los. Schon direkt nach dem Hotel geht der Anstieg los. Am Pragser Wildsee dann eine kurze\u2026","rel":"","context":"In &quot;Touren&quot;","block_context":{"text":"Touren","link":"https:\/\/willi-junker.de\/dachs\/?cat=3"},"img":{"alt_text":"","src":"","width":0,"height":0},"classes":[]}],"_links":{"self":[{"href":"https:\/\/willi-junker.de\/dachs\/index.php?rest_route=\/wp\/v2\/posts\/521","targetHints":{"allow":["GET"]}}],"collection":[{"href":"https:\/\/willi-junker.de\/dachs\/index.php?rest_route=\/wp\/v2\/posts"}],"about":[{"href":"https:\/\/willi-junker.de\/dachs\/index.php?rest_route=\/wp\/v2\/types\/post"}],"author":[{"embeddable":true,"href":"https:\/\/willi-junker.de\/dachs\/index.php?rest_route=\/wp\/v2\/users\/1"}],"replies":[{"embeddable":true,"href":"https:\/\/willi-junker.de\/dachs\/index.php?rest_route=%2Fwp%2Fv2%2Fcomments&post=521"}],"version-history":[{"count":5,"href":"https:\/\/willi-junker.de\/dachs\/index.php?rest_route=\/wp\/v2\/posts\/521\/revisions"}],"predecessor-version":[{"id":548,"href":"https:\/\/willi-junker.de\/dachs\/index.php?rest_route=\/wp\/v2\/posts\/521\/revisions\/548"}],"wp:attachment":[{"href":"https:\/\/willi-junker.de\/dachs\/index.php?rest_route=%2Fwp%2Fv2%2Fmedia&parent=521"}],"wp:term":[{"taxonomy":"category","embeddable":true,"href":"https:\/\/willi-junker.de\/dachs\/index.php?rest_route=%2Fwp%2Fv2%2Fcategories&post=521"},{"taxonomy":"post_tag","embeddable":true,"href":"https:\/\/willi-junker.de\/dachs\/index.php?rest_route=%2Fwp%2Fv2%2Ftags&post=521"}],"curies":[{"name":"wp","href":"https:\/\/api.w.org\/{rel}","templated":true}]}}