{"id":520,"date":"2011-09-03T12:40:21","date_gmt":"2011-09-03T10:40:21","guid":{"rendered":"http:\/\/willi-junker.de\/dachs\/?p=520"},"modified":"2011-09-03T12:40:21","modified_gmt":"2011-09-03T10:40:21","slug":"auf-dem-fernwanderweg-2-schluterhutte","status":"publish","type":"post","link":"https:\/\/willi-junker.de\/dachs\/?p=520","title":{"rendered":"Auf dem Fernwanderweg 2 ; Schl\u00fcterh\u00fctte"},"content":{"rendered":"<p>Der Abstieg aus der Scharte ist etwas unangenehm, da sehr ger\u00f6llhaltig und ziemlich steil. Nett ist der Anruf von Dieter R\u00f6tsch, der nachfragt, ob ich schon wach bin. Nach einigen hundert Metern abstieg, sto\u00dfe ich auf den Fernwanderweg 2, der seitlich aus der Roa-Scharte herab kommt. Ihm folge ich nun \u00fcber langes Auf und Ab \u00fcber die Medalges und dann leicht abw\u00e4rts zur Schl\u00fcterh\u00fctte. Sie erreiche ich um 11:30 Uhr und habe damit auch ca 50% meines Tagesziels erreicht 1.245 H\u00f6henmeter und 14,9 km.<\/p>\n<p><a alt=\"image\" href=\"https:\/\/i0.wp.com\/willi-junker.de\/dachs\/wp-content\/uploads\/2011\/09\/wpid-IMAG07781.jpg?ssl=1\"><img data-recalc-dims=\"1\" decoding=\"async\" style=\"display:block;margin-right:auto;margin-left:auto;\" alt=\"image\" src=\"https:\/\/i0.wp.com\/willi-junker.de\/dachs\/wp-content\/uploads\/2011\/09\/wpid-IMAG0778.jpg?w=640&#038;ssl=1\" \/><\/a><\/p>\n<p><span class=\"post_sig\">Posted from WordPress for Android<\/span><\/p>\n","protected":false},"excerpt":{"rendered":"<p>Der Abstieg aus der Scharte ist etwas unangenehm, da sehr ger\u00f6llhaltig und ziemlich steil. Nett ist der Anruf von Dieter R\u00f6tsch, der nachfragt, ob ich schon wach bin. Nach einigen hundert Metern abstieg, sto\u00dfe ich auf den Fernwanderweg 2, der &hellip; <a href=\"https:\/\/willi-junker.de\/dachs\/?p=520\">Weiterlesen <span class=\"meta-nav\">&rarr;<\/span><\/a><\/p>\n","protected":false},"author":1,"featured_media":0,"comment_status":"open","ping_status":"open","sticky":false,"template":"","format":"standard","meta":{"_crdt_document":"","jetpack_post_was_ever_published":false,"_jetpack_newsletter_access":"","_jetpack_dont_email_post_to_subs":false,"_jetpack_newsletter_tier_id":0,"_jetpack_memberships_contains_paywalled_content":false,"_jetpack_memberships_contains_paid_content":false,"footnotes":"","jetpack_publicize_message":"","jetpack_publicize_feature_enabled":true,"jetpack_social_post_already_shared":false,"jetpack_social_options":{"image_generator_settings":{"template":"highway","default_image_id":0,"font":"","enabled":false},"version":2}},"categories":[3],"tags":[],"class_list":["post-520","post","type-post","status-publish","format-standard","hentry","category-touren"],"jetpack_publicize_connections":[],"jetpack_featured_media_url":"","jetpack_sharing_enabled":true,"jetpack_shortlink":"https:\/\/wp.me\/p73o9s-8o","jetpack-related-posts":[{"id":4192,"url":"https:\/\/willi-junker.de\/dachs\/?p=4192","url_meta":{"origin":520,"position":0},"title":"Tag 9 &#8211; Ein etwas verungl\u00fcckter Ruhetag","author":"Willi","date":"26.07.2017","format":false,"excerpt":"Nach der langen Tour gestern gehe ich es heute sehr ruhig an. Gegen halb zehn laufe ich in Richtung Bus und fahre hinab nach St. Ulrich. Von dort geht es dann zur Standseilbahn Rasch\u00f6tz. Beim Hinauflaufen wundere ich mich \u00fcber die mir entgegenkommenden Gruppen. F\u00fcr abends w\u00e4re das normal aber\u2026","rel":"","context":"In &quot;Touren&quot;","block_context":{"text":"Touren","link":"https:\/\/willi-junker.de\/dachs\/?cat=3"},"img":{"alt_text":"","src":"https:\/\/i0.wp.com\/willi-junker.de\/dachs\/wp-content\/uploads\/2017\/07\/wp-image-1614477091.jpg?resize=350%2C200","width":350,"height":200,"srcset":"https:\/\/i0.wp.com\/willi-junker.de\/dachs\/wp-content\/uploads\/2017\/07\/wp-image-1614477091.jpg?resize=350%2C200 1x, https:\/\/i0.wp.com\/willi-junker.de\/dachs\/wp-content\/uploads\/2017\/07\/wp-image-1614477091.jpg?resize=525%2C300 1.5x, https:\/\/i0.wp.com\/willi-junker.de\/dachs\/wp-content\/uploads\/2017\/07\/wp-image-1614477091.jpg?resize=700%2C400 2x, https:\/\/i0.wp.com\/willi-junker.de\/dachs\/wp-content\/uploads\/2017\/07\/wp-image-1614477091.jpg?resize=1050%2C600 3x, https:\/\/i0.wp.com\/willi-junker.de\/dachs\/wp-content\/uploads\/2017\/07\/wp-image-1614477091.jpg?resize=1400%2C800 4x"},"classes":[]},{"id":4278,"url":"https:\/\/willi-junker.de\/dachs\/?p=4278","url_meta":{"origin":520,"position":1},"title":"Tag 14 &#8211; \u00dcber den Rasch\u00f6tz zur Broglesh\u00fctte und weiter zur Seceda\u00a0","author":"Willi","date":"31.07.2017","format":false,"excerpt":"Der Tag heute beginnt auf jeden Fall entspannt. Lange gefr\u00fchst\u00fcckt. Dann zum Bus nach St. Ulrich und mit der Standseilbahn auf den Rasch\u00f6tz. Um zehn Uhr bin ich oben. Es geht locker \u00fcber die Hochalmen bei herrlichem Wetter. Kurz vor zw\u00f6lf Uhr bin ich auf der Broglesalm. Der Betrieb h\u00e4lt\u2026","rel":"","context":"In &quot;Touren&quot;","block_context":{"text":"Touren","link":"https:\/\/willi-junker.de\/dachs\/?cat=3"},"img":{"alt_text":"","src":"https:\/\/i0.wp.com\/willi-junker.de\/dachs\/wp-content\/uploads\/2017\/07\/wp-image-618154783.jpg?resize=350%2C200","width":350,"height":200,"srcset":"https:\/\/i0.wp.com\/willi-junker.de\/dachs\/wp-content\/uploads\/2017\/07\/wp-image-618154783.jpg?resize=350%2C200 1x, https:\/\/i0.wp.com\/willi-junker.de\/dachs\/wp-content\/uploads\/2017\/07\/wp-image-618154783.jpg?resize=525%2C300 1.5x, https:\/\/i0.wp.com\/willi-junker.de\/dachs\/wp-content\/uploads\/2017\/07\/wp-image-618154783.jpg?resize=700%2C400 2x, https:\/\/i0.wp.com\/willi-junker.de\/dachs\/wp-content\/uploads\/2017\/07\/wp-image-618154783.jpg?resize=1050%2C600 3x, https:\/\/i0.wp.com\/willi-junker.de\/dachs\/wp-content\/uploads\/2017\/07\/wp-image-618154783.jpg?resize=1400%2C800 4x"},"classes":[]},{"id":4153,"url":"https:\/\/willi-junker.de\/dachs\/?p=4153","url_meta":{"origin":520,"position":2},"title":"Tag 8 &#8211; Umrundung Langkofelstock","author":"Willi","date":"25.07.2017","format":false,"excerpt":"Heute gibt es um 07:15 Uhr Fr\u00fchst\u00fcck. Abmarsch ist um 08:10 Uhr. Um 08:26 Uhr steigen wir in den total \u00fcberf\u00fcllten Bus zum Sellapass. Beinahe waren auch nur 50% von uns in den Bus gekommen. Es ist saukalt, aber sonnig. Der Rest der Familie f\u00e4hrt vom Sella-Joch mit dem Lift\u2026","rel":"","context":"In &quot;Touren&quot;","block_context":{"text":"Touren","link":"https:\/\/willi-junker.de\/dachs\/?cat=3"},"img":{"alt_text":"","src":"https:\/\/i0.wp.com\/willi-junker.de\/dachs\/wp-content\/uploads\/2017\/07\/wp-image-1084737681.jpg?resize=350%2C200","width":350,"height":200,"srcset":"https:\/\/i0.wp.com\/willi-junker.de\/dachs\/wp-content\/uploads\/2017\/07\/wp-image-1084737681.jpg?resize=350%2C200 1x, https:\/\/i0.wp.com\/willi-junker.de\/dachs\/wp-content\/uploads\/2017\/07\/wp-image-1084737681.jpg?resize=525%2C300 1.5x, https:\/\/i0.wp.com\/willi-junker.de\/dachs\/wp-content\/uploads\/2017\/07\/wp-image-1084737681.jpg?resize=700%2C400 2x, https:\/\/i0.wp.com\/willi-junker.de\/dachs\/wp-content\/uploads\/2017\/07\/wp-image-1084737681.jpg?resize=1050%2C600 3x, https:\/\/i0.wp.com\/willi-junker.de\/dachs\/wp-content\/uploads\/2017\/07\/wp-image-1084737681.jpg?resize=1400%2C800 4x"},"classes":[]},{"id":2893,"url":"https:\/\/willi-junker.de\/dachs\/?p=2893","url_meta":{"origin":520,"position":3},"title":"20:00 Uhr &#8211; Abstieg nach Wolkenstein","author":"Willi","date":"31.08.2015","format":false,"excerpt":"Der Abstieg beginnt wie immer mit dem sch\u00f6n steilen Aufstieg zur Juac-Alpe. Auf der Sangon habe ich zu Abend gegessen und als ich so \u00fcber die Juac laufe und den Sonnenuntergang genie\u00dfe begr\u00fc\u00dft mich die Wirtin mit den Worten \"Und am Schluss kommt noch der Willi\". Naja, da musste ich\u2026","rel":"","context":"In &quot;Touren&quot;","block_context":{"text":"Touren","link":"https:\/\/willi-junker.de\/dachs\/?cat=3"},"img":{"alt_text":"","src":"","width":0,"height":0},"classes":[]},{"id":975,"url":"https:\/\/willi-junker.de\/dachs\/?p=975","url_meta":{"origin":520,"position":4},"title":"Puezh\u00fctte und \u00dcbersteigung Col de la Pieres","author":"Willi","date":"07.07.2012","format":false,"excerpt":"Heute haben wir nochmals eine richtig gro\u00dfe Runde gemacht. Mit dem Lift ging es hoch auf das Gr\u00f6dner Joch. Ab dann den Rest zu Fu\u00df. Kurz nach 10:00 Uhr sind wir an der Jimmy-H\u00fctte. Kurz dahinter ist der Einstieg in den Fernwanderweg 2. Es geht hoch zum Cirjoch und weiter\u2026","rel":"","context":"In &quot;Touren&quot;","block_context":{"text":"Touren","link":"https:\/\/willi-junker.de\/dachs\/?cat=3"},"img":{"alt_text":"","src":"","width":0,"height":0},"classes":[]},{"id":4234,"url":"https:\/\/willi-junker.de\/dachs\/?p=4234","url_meta":{"origin":520,"position":5},"title":"Tag 11 &#8211; Von Alta Badia nach Gr\u00f6den\u00a0","author":"Willi","date":"28.07.2017","format":false,"excerpt":"In den letzten Jahren habe ich schon drei Wege \u00fcber die Gherdenacia Hochfl\u00e4chen zur\u00fcck nach Gr\u00f6den ausprobiert. Jetzt fehlt mir eigentlich noch die Umrundung. Wobei das sich eigentlich leicht anh\u00f6rt. Es liegt halt nur das Puez-Joch im Weg. Von Norden kommend ist dies die einzige Schwachstelle in der massiven Felswand.\u2026","rel":"","context":"In &quot;Touren&quot;","block_context":{"text":"Touren","link":"https:\/\/willi-junker.de\/dachs\/?cat=3"},"img":{"alt_text":"","src":"https:\/\/i0.wp.com\/willi-junker.de\/dachs\/wp-content\/uploads\/2017\/07\/wp-image-655924760.jpg?resize=350%2C200","width":350,"height":200,"srcset":"https:\/\/i0.wp.com\/willi-junker.de\/dachs\/wp-content\/uploads\/2017\/07\/wp-image-655924760.jpg?resize=350%2C200 1x, https:\/\/i0.wp.com\/willi-junker.de\/dachs\/wp-content\/uploads\/2017\/07\/wp-image-655924760.jpg?resize=525%2C300 1.5x, https:\/\/i0.wp.com\/willi-junker.de\/dachs\/wp-content\/uploads\/2017\/07\/wp-image-655924760.jpg?resize=700%2C400 2x, https:\/\/i0.wp.com\/willi-junker.de\/dachs\/wp-content\/uploads\/2017\/07\/wp-image-655924760.jpg?resize=1050%2C600 3x, https:\/\/i0.wp.com\/willi-junker.de\/dachs\/wp-content\/uploads\/2017\/07\/wp-image-655924760.jpg?resize=1400%2C800 4x"},"classes":[]}],"_links":{"self":[{"href":"https:\/\/willi-junker.de\/dachs\/index.php?rest_route=\/wp\/v2\/posts\/520","targetHints":{"allow":["GET"]}}],"collection":[{"href":"https:\/\/willi-junker.de\/dachs\/index.php?rest_route=\/wp\/v2\/posts"}],"about":[{"href":"https:\/\/willi-junker.de\/dachs\/index.php?rest_route=\/wp\/v2\/types\/post"}],"author":[{"embeddable":true,"href":"https:\/\/willi-junker.de\/dachs\/index.php?rest_route=\/wp\/v2\/users\/1"}],"replies":[{"embeddable":true,"href":"https:\/\/willi-junker.de\/dachs\/index.php?rest_route=%2Fwp%2Fv2%2Fcomments&post=520"}],"version-history":[{"count":0,"href":"https:\/\/willi-junker.de\/dachs\/index.php?rest_route=\/wp\/v2\/posts\/520\/revisions"}],"wp:attachment":[{"href":"https:\/\/willi-junker.de\/dachs\/index.php?rest_route=%2Fwp%2Fv2%2Fmedia&parent=520"}],"wp:term":[{"taxonomy":"category","embeddable":true,"href":"https:\/\/willi-junker.de\/dachs\/index.php?rest_route=%2Fwp%2Fv2%2Fcategories&post=520"},{"taxonomy":"post_tag","embeddable":true,"href":"https:\/\/willi-junker.de\/dachs\/index.php?rest_route=%2Fwp%2Fv2%2Ftags&post=520"}],"curies":[{"name":"wp","href":"https:\/\/api.w.org\/{rel}","templated":true}]}}