{"id":509,"date":"2011-09-02T12:35:05","date_gmt":"2011-09-02T10:35:05","guid":{"rendered":"http:\/\/willi-junker.de\/dachs\/?p=509"},"modified":"2011-09-02T12:35:05","modified_gmt":"2011-09-02T10:35:05","slug":"punktlich-zu-mittag-troier-hutte","status":"publish","type":"post","link":"https:\/\/willi-junker.de\/dachs\/?p=509","title":{"rendered":"P\u00fcnktlich zu Mittag &#8211; Troier H\u00fctte"},"content":{"rendered":"<p>Gleich kommt der Kaiserschmarren.<\/p>\n<p><a alt=\"image\" href=\"https:\/\/i0.wp.com\/willi-junker.de\/dachs\/wp-content\/uploads\/2011\/09\/wpid-IMAG07621.jpg?ssl=1\"><img data-recalc-dims=\"1\" decoding=\"async\" style=\"display:block;margin-right:auto;margin-left:auto;\" alt=\"image\" src=\"https:\/\/i0.wp.com\/willi-junker.de\/dachs\/wp-content\/uploads\/2011\/09\/wpid-IMAG0762.jpg?w=640&#038;ssl=1\" \/><\/a><\/p>\n<p><span class=\"post_sig\">Posted from WordPress for Android<\/span><\/p>\n","protected":false},"excerpt":{"rendered":"<p>Gleich kommt der Kaiserschmarren. Posted from WordPress for Android<\/p>\n","protected":false},"author":1,"featured_media":0,"comment_status":"open","ping_status":"open","sticky":false,"template":"","format":"standard","meta":{"_crdt_document":"","jetpack_post_was_ever_published":false,"_jetpack_newsletter_access":"","_jetpack_dont_email_post_to_subs":false,"_jetpack_newsletter_tier_id":0,"_jetpack_memberships_contains_paywalled_content":false,"_jetpack_memberships_contains_paid_content":false,"footnotes":"","jetpack_publicize_message":"","jetpack_publicize_feature_enabled":true,"jetpack_social_post_already_shared":false,"jetpack_social_options":{"image_generator_settings":{"template":"highway","default_image_id":0,"font":"","enabled":false},"version":2}},"categories":[3],"tags":[],"class_list":["post-509","post","type-post","status-publish","format-standard","hentry","category-touren"],"jetpack_publicize_connections":[],"jetpack_featured_media_url":"","jetpack_sharing_enabled":true,"jetpack_shortlink":"https:\/\/wp.me\/p73o9s-8d","jetpack-related-posts":[{"id":545,"url":"https:\/\/willi-junker.de\/dachs\/?p=545","url_meta":{"origin":509,"position":0},"title":"11:30 Uhr &#8211; Stevia","author":"Willi","date":"05.09.2011","format":false,"excerpt":"Auch heute, am letzten gemeinsamen Tag unternehmen wir noch eine Bergtour. Zum Mittagessen sitzen wir nach 800 H\u00f6henmetern beim Toni auf der Stevia H\u00fctte. Sicht gleich null und p\u00fcnktlich zum Einkehren auch Regen. Posted from WordPress for Android","rel":"","context":"In &quot;Touren&quot;","block_context":{"text":"Touren","link":"https:\/\/willi-junker.de\/dachs\/?cat=3"},"img":{"alt_text":"","src":"","width":0,"height":0},"classes":[]},{"id":658,"url":"https:\/\/willi-junker.de\/dachs\/?p=658","url_meta":{"origin":509,"position":1},"title":"Mittag auf der Pralongia-H\u00fctte","author":"Willi","date":"29.02.2012","format":false,"excerpt":"Bei sommerlichen Temperaturen liegen wir vor der H\u00fctte nach gutem Mittagessen. Posted from WordPress for Android","rel":"","context":"In &quot;Touren&quot;","block_context":{"text":"Touren","link":"https:\/\/willi-junker.de\/dachs\/?cat=3"},"img":{"alt_text":"","src":"","width":0,"height":0},"classes":[]},{"id":585,"url":"https:\/\/willi-junker.de\/dachs\/?p=585","url_meta":{"origin":509,"position":2},"title":"Mittag auf der Masnerh\u00fctte","author":"Willi","date":"04.12.2011","format":false,"excerpt":"Hier sind richtig gute Pistenverh\u00e4ltnisse und die Sonne kommt langsam durch. Posted from WordPress for Android","rel":"","context":"In &quot;Touren&quot;","block_context":{"text":"Touren","link":"https:\/\/willi-junker.de\/dachs\/?cat=3"},"img":{"alt_text":"","src":"","width":0,"height":0},"classes":[]},{"id":2811,"url":"https:\/\/willi-junker.de\/dachs\/?p=2811","url_meta":{"origin":509,"position":3},"title":"12:00 Uhr &#8211; Pieralongia","author":"Willi","date":"29.08.2015","format":false,"excerpt":"P\u00fcnktlich zu Mittag bin ich auf dieser urigen H\u00fctte.","rel":"","context":"In &quot;Touren&quot;","block_context":{"text":"Touren","link":"https:\/\/willi-junker.de\/dachs\/?cat=3"},"img":{"alt_text":"","src":"","width":0,"height":0},"classes":[]},{"id":3900,"url":"https:\/\/willi-junker.de\/dachs\/?p=3900","url_meta":{"origin":509,"position":4},"title":"8. Skitag &#8211; Ein Traum","author":"Willi","date":"11.03.2017","format":false,"excerpt":"Heute stimmt alles. Bin heute Morgen umgezogen und dann geht es in Richtung Dantercepi\u00ebs los. Will halt noch die Sella-Ronda in der Gegenrichtung machen. Da ich unheimlich schnell an der Porta Vescovo bin werde ich etwas mutiger. Ich k\u00f6nnte ja noch kurz r\u00fcber zum Padonpass. Als ich dort bin denke\u2026","rel":"","context":"In &quot;Touren&quot;","block_context":{"text":"Touren","link":"https:\/\/willi-junker.de\/dachs\/?cat=3"},"img":{"alt_text":"","src":"http:\/\/i0.wp.com\/willi-junker.de\/dachs\/wp-content\/uploads\/2017\/03\/wp-image-411474397jpg.jpg?w=792&resize=350%2C200","width":350,"height":200,"srcset":"http:\/\/i0.wp.com\/willi-junker.de\/dachs\/wp-content\/uploads\/2017\/03\/wp-image-411474397jpg.jpg?w=792&resize=350%2C200 1x, http:\/\/i0.wp.com\/willi-junker.de\/dachs\/wp-content\/uploads\/2017\/03\/wp-image-411474397jpg.jpg?w=792&resize=525%2C300 1.5x, http:\/\/i0.wp.com\/willi-junker.de\/dachs\/wp-content\/uploads\/2017\/03\/wp-image-411474397jpg.jpg?w=792&resize=700%2C400 2x"},"classes":[]},{"id":488,"url":"https:\/\/willi-junker.de\/dachs\/?p=488","url_meta":{"origin":509,"position":5},"title":"Abstieg \u00fcber Col Raiser hinab zu Erwin auf der Sangonh\u00fctte.","author":"Willi","date":"31.08.2011","format":false,"excerpt":"W\u00e4hrend des Abstiegs durch die Scharte verabschieden sich meine guten Meindl. Die Sohle trennt sich in der Dampfungsschicht vom Schuh. Nun ist mein linker Fu\u00df mit Slicks bekleidet. Gegen 17:30 Uhr sind wir auf der H\u00fctte und um 19:00 Uhr in der Morene. Posted from WordPress for Android","rel":"","context":"In &quot;Touren&quot;","block_context":{"text":"Touren","link":"https:\/\/willi-junker.de\/dachs\/?cat=3"},"img":{"alt_text":"","src":"","width":0,"height":0},"classes":[]}],"_links":{"self":[{"href":"https:\/\/willi-junker.de\/dachs\/index.php?rest_route=\/wp\/v2\/posts\/509","targetHints":{"allow":["GET"]}}],"collection":[{"href":"https:\/\/willi-junker.de\/dachs\/index.php?rest_route=\/wp\/v2\/posts"}],"about":[{"href":"https:\/\/willi-junker.de\/dachs\/index.php?rest_route=\/wp\/v2\/types\/post"}],"author":[{"embeddable":true,"href":"https:\/\/willi-junker.de\/dachs\/index.php?rest_route=\/wp\/v2\/users\/1"}],"replies":[{"embeddable":true,"href":"https:\/\/willi-junker.de\/dachs\/index.php?rest_route=%2Fwp%2Fv2%2Fcomments&post=509"}],"version-history":[{"count":0,"href":"https:\/\/willi-junker.de\/dachs\/index.php?rest_route=\/wp\/v2\/posts\/509\/revisions"}],"wp:attachment":[{"href":"https:\/\/willi-junker.de\/dachs\/index.php?rest_route=%2Fwp%2Fv2%2Fmedia&parent=509"}],"wp:term":[{"taxonomy":"category","embeddable":true,"href":"https:\/\/willi-junker.de\/dachs\/index.php?rest_route=%2Fwp%2Fv2%2Fcategories&post=509"},{"taxonomy":"post_tag","embeddable":true,"href":"https:\/\/willi-junker.de\/dachs\/index.php?rest_route=%2Fwp%2Fv2%2Ftags&post=509"}],"curies":[{"name":"wp","href":"https:\/\/api.w.org\/{rel}","templated":true}]}}