{"id":485,"date":"2011-08-31T22:31:33","date_gmt":"2011-08-31T20:31:33","guid":{"rendered":"http:\/\/willi-junker.de\/dachs\/?p=485"},"modified":"2011-09-17T12:45:48","modified_gmt":"2011-09-17T10:45:48","slug":"700-meter-aufstieg-zur-mittagsscharte","status":"publish","type":"post","link":"https:\/\/willi-junker.de\/dachs\/?p=485","title":{"rendered":"700 Meter Aufstieg zur Mittagsscharte"},"content":{"rendered":"<p>Nach dem Mittagessen geht es zun\u00e4chst ein St\u00fcck abw\u00e4rts, bis auf knapp 1.900m. Dann geht es in einem St\u00fcck, stark ansteigend, bis auf 2.600m in der Mittagsscharte hinauf. Der kalte Wind ist etwas ungem\u00fctlich.<\/p>\n<p><a href=\"https:\/\/i0.wp.com\/willi-junker.de\/dachs\/wp-content\/uploads\/2011\/08\/wpid-IMAG07411.jpg?ssl=1\"><img data-recalc-dims=\"1\" decoding=\"async\" style=\"display: block; margin-right: auto; margin-left: auto;\" src=\"https:\/\/i0.wp.com\/willi-junker.de\/dachs\/wp-content\/uploads\/2011\/08\/wpid-IMAG0741.jpg?w=640&#038;ssl=1\" alt=\"image\" \/><\/a><\/p>\n","protected":false},"excerpt":{"rendered":"<p>Nach dem Mittagessen geht es zun\u00e4chst ein St\u00fcck abw\u00e4rts, bis auf knapp 1.900m. Dann geht es in einem St\u00fcck, stark ansteigend, bis auf 2.600m in der Mittagsscharte hinauf. Der kalte Wind ist etwas ungem\u00fctlich.<\/p>\n","protected":false},"author":1,"featured_media":0,"comment_status":"open","ping_status":"open","sticky":false,"template":"","format":"standard","meta":{"_crdt_document":"","jetpack_post_was_ever_published":false,"_jetpack_newsletter_access":"","_jetpack_dont_email_post_to_subs":false,"_jetpack_newsletter_tier_id":0,"_jetpack_memberships_contains_paywalled_content":false,"_jetpack_memberships_contains_paid_content":false,"footnotes":"","jetpack_publicize_message":"","jetpack_publicize_feature_enabled":true,"jetpack_social_post_already_shared":false,"jetpack_social_options":{"image_generator_settings":{"template":"highway","default_image_id":0,"font":"","enabled":false},"version":2}},"categories":[3],"tags":[],"class_list":["post-485","post","type-post","status-publish","format-standard","hentry","category-touren"],"jetpack_publicize_connections":[],"jetpack_featured_media_url":"","jetpack_sharing_enabled":true,"jetpack_shortlink":"https:\/\/wp.me\/p73o9s-7P","jetpack-related-posts":[{"id":4192,"url":"https:\/\/willi-junker.de\/dachs\/?p=4192","url_meta":{"origin":485,"position":0},"title":"Tag 9 &#8211; Ein etwas verungl\u00fcckter Ruhetag","author":"Willi","date":"26.07.2017","format":false,"excerpt":"Nach der langen Tour gestern gehe ich es heute sehr ruhig an. Gegen halb zehn laufe ich in Richtung Bus und fahre hinab nach St. Ulrich. Von dort geht es dann zur Standseilbahn Rasch\u00f6tz. Beim Hinauflaufen wundere ich mich \u00fcber die mir entgegenkommenden Gruppen. F\u00fcr abends w\u00e4re das normal aber\u2026","rel":"","context":"In &quot;Touren&quot;","block_context":{"text":"Touren","link":"https:\/\/willi-junker.de\/dachs\/?cat=3"},"img":{"alt_text":"","src":"https:\/\/i0.wp.com\/willi-junker.de\/dachs\/wp-content\/uploads\/2017\/07\/wp-image-1614477091.jpg?resize=350%2C200","width":350,"height":200,"srcset":"https:\/\/i0.wp.com\/willi-junker.de\/dachs\/wp-content\/uploads\/2017\/07\/wp-image-1614477091.jpg?resize=350%2C200 1x, https:\/\/i0.wp.com\/willi-junker.de\/dachs\/wp-content\/uploads\/2017\/07\/wp-image-1614477091.jpg?resize=525%2C300 1.5x, https:\/\/i0.wp.com\/willi-junker.de\/dachs\/wp-content\/uploads\/2017\/07\/wp-image-1614477091.jpg?resize=700%2C400 2x, https:\/\/i0.wp.com\/willi-junker.de\/dachs\/wp-content\/uploads\/2017\/07\/wp-image-1614477091.jpg?resize=1050%2C600 3x, https:\/\/i0.wp.com\/willi-junker.de\/dachs\/wp-content\/uploads\/2017\/07\/wp-image-1614477091.jpg?resize=1400%2C800 4x"},"classes":[]},{"id":3634,"url":"https:\/\/willi-junker.de\/dachs\/?p=3634","url_meta":{"origin":485,"position":1},"title":"10:30 &#8211; Broglesalm\u00a0","author":"Willi","date":"15.09.2016","format":false,"excerpt":"Kurze Pause auf der Broglesalm. Dann trennen wir uns. Tanja durch die Mittagsscharte und ich zur Mittelstation Seceda.","rel":"","context":"In &quot;Touren&quot;","block_context":{"text":"Touren","link":"https:\/\/willi-junker.de\/dachs\/?cat=3"},"img":{"alt_text":"","src":"https:\/\/i0.wp.com\/willi-junker.de\/dachs\/wp-content\/uploads\/2016\/09\/wp-image-1223080118jpg.jpg?resize=350%2C200","width":350,"height":200,"srcset":"https:\/\/i0.wp.com\/willi-junker.de\/dachs\/wp-content\/uploads\/2016\/09\/wp-image-1223080118jpg.jpg?resize=350%2C200 1x, https:\/\/i0.wp.com\/willi-junker.de\/dachs\/wp-content\/uploads\/2016\/09\/wp-image-1223080118jpg.jpg?resize=525%2C300 1.5x, https:\/\/i0.wp.com\/willi-junker.de\/dachs\/wp-content\/uploads\/2016\/09\/wp-image-1223080118jpg.jpg?resize=700%2C400 2x"},"classes":[]},{"id":2952,"url":"https:\/\/willi-junker.de\/dachs\/?p=2952","url_meta":{"origin":485,"position":2},"title":"10:55 Uhr &#8211; Brogles","author":"Willi","date":"03.09.2015","format":false,"excerpt":"Auf dem Wegweiser steht 2 Stunden. Ich war etwas schneller. Soll ich in die Geislerspitzen einsteigen oder nicht. Ich entschlie\u00dfe mich f\u00fcr die sportliche Variante, Mittagsscharte. Also die freundliche H\u00fctte ignorieren und schnell weiter.","rel":"","context":"In &quot;Touren&quot;","block_context":{"text":"Touren","link":"https:\/\/willi-junker.de\/dachs\/?cat=3"},"img":{"alt_text":"","src":"","width":0,"height":0},"classes":[]},{"id":521,"url":"https:\/\/willi-junker.de\/dachs\/?p=521","url_meta":{"origin":485,"position":3},"title":"18:00 Uhr. Runde fast geschafft.","author":"Willi","date":"03.09.2011","format":false,"excerpt":"Von der Schl\u00fcterhutte erfolgte ein langer Abstieg hinab ins Villn\u00f6ss. Ein kurzer Aufstieg erfolgt dann hinauf zur Gschmagenhardt Alm zum Fl\u00fcssigkeit auff\u00fcllen. Dann verliert man leider wieder 150 H\u00f6henmeter. Dann gehts von 1.900m rauf in die Mittagsscharte (2.600m). Leider sieht man von ganz unten schon das Ziel ganz oben. Der\u2026","rel":"","context":"In &quot;Touren&quot;","block_context":{"text":"Touren","link":"https:\/\/willi-junker.de\/dachs\/?cat=3"},"img":{"alt_text":"","src":"https:\/\/i0.wp.com\/willi-junker.de\/dachs\/wp-content\/uploads\/2011\/09\/wpid-IMAG07811-500x299.jpg?resize=350%2C200","width":350,"height":200},"classes":[]},{"id":2960,"url":"https:\/\/willi-junker.de\/dachs\/?p=2960","url_meta":{"origin":485,"position":4},"title":"12:40 Uhr &#8211; Mittagsscharte","author":"Willi","date":"03.09.2015","format":false,"excerpt":"Ich bin oben. Sicht nahe null und windig, ca 2.600 Meter","rel":"","context":"In &quot;Touren&quot;","block_context":{"text":"Touren","link":"https:\/\/willi-junker.de\/dachs\/?cat=3"},"img":{"alt_text":"","src":"","width":0,"height":0},"classes":[]},{"id":174,"url":"https:\/\/willi-junker.de\/dachs\/?p=174","url_meta":{"origin":485,"position":5},"title":"Skiwanderung Hochwald-Idarwald am 29.01.2011","author":"Willi","date":"29.01.2011","format":false,"excerpt":"Der Tag beginnt um 06.00 Uhr. Kurz nach 07.30 Uhr verlasse ich das Haus und um 08:30 Uhr stehe ich am kleinen Parkplatz zwischen Hochscheid und Stipshausen. Erst in der Kammlage liegt gerade gen\u00fcgend Schnee zum Skilanglauf. Hier beginnt die \"Graue Kreuz Loipe\" Die Loipe ist nicht pr\u00e4pariert und so\u2026","rel":"","context":"In &quot;Touren&quot;","block_context":{"text":"Touren","link":"https:\/\/willi-junker.de\/dachs\/?cat=3"},"img":{"alt_text":"kurze Pause","src":"https:\/\/i0.wp.com\/willi-junker.de\/dachs\/wp-content\/uploads\/2011\/01\/1.jpg?resize=350%2C200","width":350,"height":200,"srcset":"https:\/\/i0.wp.com\/willi-junker.de\/dachs\/wp-content\/uploads\/2011\/01\/1.jpg?resize=350%2C200 1x, https:\/\/i0.wp.com\/willi-junker.de\/dachs\/wp-content\/uploads\/2011\/01\/1.jpg?resize=525%2C300 1.5x"},"classes":[]}],"_links":{"self":[{"href":"https:\/\/willi-junker.de\/dachs\/index.php?rest_route=\/wp\/v2\/posts\/485","targetHints":{"allow":["GET"]}}],"collection":[{"href":"https:\/\/willi-junker.de\/dachs\/index.php?rest_route=\/wp\/v2\/posts"}],"about":[{"href":"https:\/\/willi-junker.de\/dachs\/index.php?rest_route=\/wp\/v2\/types\/post"}],"author":[{"embeddable":true,"href":"https:\/\/willi-junker.de\/dachs\/index.php?rest_route=\/wp\/v2\/users\/1"}],"replies":[{"embeddable":true,"href":"https:\/\/willi-junker.de\/dachs\/index.php?rest_route=%2Fwp%2Fv2%2Fcomments&post=485"}],"version-history":[{"count":2,"href":"https:\/\/willi-junker.de\/dachs\/index.php?rest_route=\/wp\/v2\/posts\/485\/revisions"}],"predecessor-version":[{"id":573,"href":"https:\/\/willi-junker.de\/dachs\/index.php?rest_route=\/wp\/v2\/posts\/485\/revisions\/573"}],"wp:attachment":[{"href":"https:\/\/willi-junker.de\/dachs\/index.php?rest_route=%2Fwp%2Fv2%2Fmedia&parent=485"}],"wp:term":[{"taxonomy":"category","embeddable":true,"href":"https:\/\/willi-junker.de\/dachs\/index.php?rest_route=%2Fwp%2Fv2%2Fcategories&post=485"},{"taxonomy":"post_tag","embeddable":true,"href":"https:\/\/willi-junker.de\/dachs\/index.php?rest_route=%2Fwp%2Fv2%2Ftags&post=485"}],"curies":[{"name":"wp","href":"https:\/\/api.w.org\/{rel}","templated":true}]}}