{"id":481,"date":"2011-08-31T19:25:44","date_gmt":"2011-08-31T17:25:44","guid":{"rendered":"http:\/\/willi-junker.de\/dachs\/?p=481"},"modified":"2011-09-01T08:16:06","modified_gmt":"2011-09-01T06:16:06","slug":"uber-raschotz-zur-broglesalm-zum-mittagessen","status":"publish","type":"post","link":"https:\/\/willi-junker.de\/dachs\/?p=481","title":{"rendered":"\u00dcber Rasch\u00f6tz zur Broglesalm zum Mittagessen."},"content":{"rendered":"<p><a alt=\"image\" href=\"https:\/\/i0.wp.com\/willi-junker.de\/dachs\/wp-content\/uploads\/2011\/08\/wpid-IMAG07382.jpg?ssl=1\"><img data-recalc-dims=\"1\" decoding=\"async\" style=\"display:block;margin-right:auto;margin-left:auto;\" alt=\"image\" src=\"https:\/\/i0.wp.com\/willi-junker.de\/dachs\/wp-content\/uploads\/2011\/08\/wpid-IMAG07381.jpg?w=640&#038;ssl=1\" \/><\/a><\/p>\n<p><span class=\"post_sig\">Posted from WordPress for Android<\/span><br \/><a alt=\"image\" href=\"https:\/\/i0.wp.com\/willi-junker.de\/dachs\/wp-content\/uploads\/2011\/09\/wpid-IMAG07371.jpg?ssl=1\"><img data-recalc-dims=\"1\" decoding=\"async\" style=\"display:block;margin-right:auto;margin-left:auto;\" alt=\"image\" src=\"https:\/\/i0.wp.com\/willi-junker.de\/dachs\/wp-content\/uploads\/2011\/09\/wpid-IMAG0737.jpg?w=640&#038;ssl=1\" \/><\/a><\/p>\n","protected":false},"excerpt":{"rendered":"<p>Posted from WordPress for Android<\/p>\n","protected":false},"author":1,"featured_media":0,"comment_status":"open","ping_status":"open","sticky":false,"template":"","format":"standard","meta":{"_crdt_document":"","jetpack_post_was_ever_published":false,"_jetpack_newsletter_access":"","_jetpack_dont_email_post_to_subs":false,"_jetpack_newsletter_tier_id":0,"_jetpack_memberships_contains_paywalled_content":false,"_jetpack_memberships_contains_paid_content":false,"footnotes":"","jetpack_publicize_message":"","jetpack_publicize_feature_enabled":true,"jetpack_social_post_already_shared":false,"jetpack_social_options":{"image_generator_settings":{"template":"highway","default_image_id":0,"font":"","enabled":false},"version":2}},"categories":[3],"tags":[],"class_list":["post-481","post","type-post","status-publish","format-standard","hentry","category-touren"],"jetpack_publicize_connections":[],"jetpack_featured_media_url":"","jetpack_sharing_enabled":true,"jetpack_shortlink":"https:\/\/wp.me\/p73o9s-7L","jetpack-related-posts":[{"id":540,"url":"https:\/\/willi-junker.de\/dachs\/?p=540","url_meta":{"origin":481,"position":0},"title":"17:00 Uhr &#8211; Bin auch wieder im Tal","author":"Willi","date":"04.09.2011","format":false,"excerpt":"Nach dem Mittagessen nehme ich den Fu\u00dfweg ins Tal. Zuerst den Abstieg hinab zum Sella Pa\u00df. Dann durch die Steinerne Stadt zur Comici und \u00fcber Plan de Gralba nach Wolkenstein. Macht zusammen 24 km und 1.200 H\u00f6henmeter. Die letzten Kilometer hat es gut geregnet. Posted from WordPress for Android","rel":"","context":"In &quot;Touren&quot;","block_context":{"text":"Touren","link":"https:\/\/willi-junker.de\/dachs\/?cat=3"},"img":{"alt_text":"","src":"","width":0,"height":0},"classes":[]},{"id":4278,"url":"https:\/\/willi-junker.de\/dachs\/?p=4278","url_meta":{"origin":481,"position":1},"title":"Tag 14 &#8211; \u00dcber den Rasch\u00f6tz zur Broglesh\u00fctte und weiter zur Seceda\u00a0","author":"Willi","date":"31.07.2017","format":false,"excerpt":"Der Tag heute beginnt auf jeden Fall entspannt. Lange gefr\u00fchst\u00fcckt. Dann zum Bus nach St. Ulrich und mit der Standseilbahn auf den Rasch\u00f6tz. Um zehn Uhr bin ich oben. Es geht locker \u00fcber die Hochalmen bei herrlichem Wetter. Kurz vor zw\u00f6lf Uhr bin ich auf der Broglesalm. Der Betrieb h\u00e4lt\u2026","rel":"","context":"In &quot;Touren&quot;","block_context":{"text":"Touren","link":"https:\/\/willi-junker.de\/dachs\/?cat=3"},"img":{"alt_text":"","src":"https:\/\/i0.wp.com\/willi-junker.de\/dachs\/wp-content\/uploads\/2017\/07\/wp-image-618154783.jpg?resize=350%2C200","width":350,"height":200,"srcset":"https:\/\/i0.wp.com\/willi-junker.de\/dachs\/wp-content\/uploads\/2017\/07\/wp-image-618154783.jpg?resize=350%2C200 1x, https:\/\/i0.wp.com\/willi-junker.de\/dachs\/wp-content\/uploads\/2017\/07\/wp-image-618154783.jpg?resize=525%2C300 1.5x, https:\/\/i0.wp.com\/willi-junker.de\/dachs\/wp-content\/uploads\/2017\/07\/wp-image-618154783.jpg?resize=700%2C400 2x, https:\/\/i0.wp.com\/willi-junker.de\/dachs\/wp-content\/uploads\/2017\/07\/wp-image-618154783.jpg?resize=1050%2C600 3x, https:\/\/i0.wp.com\/willi-junker.de\/dachs\/wp-content\/uploads\/2017\/07\/wp-image-618154783.jpg?resize=1400%2C800 4x"},"classes":[]},{"id":556,"url":"https:\/\/willi-junker.de\/dachs\/?p=556","url_meta":{"origin":481,"position":2},"title":"Mittagspause in Herborn","author":"Willi","date":"10.09.2011","format":false,"excerpt":"Zum Mittagessen in der Pizzeria in Herborn Posted from WordPress for Android","rel":"","context":"In &quot;Touren&quot;","block_context":{"text":"Touren","link":"https:\/\/willi-junker.de\/dachs\/?cat=3"},"img":{"alt_text":"","src":"","width":0,"height":0},"classes":[]},{"id":545,"url":"https:\/\/willi-junker.de\/dachs\/?p=545","url_meta":{"origin":481,"position":3},"title":"11:30 Uhr &#8211; Stevia","author":"Willi","date":"05.09.2011","format":false,"excerpt":"Auch heute, am letzten gemeinsamen Tag unternehmen wir noch eine Bergtour. Zum Mittagessen sitzen wir nach 800 H\u00f6henmetern beim Toni auf der Stevia H\u00fctte. Sicht gleich null und p\u00fcnktlich zum Einkehren auch Regen. Posted from WordPress for Android","rel":"","context":"In &quot;Touren&quot;","block_context":{"text":"Touren","link":"https:\/\/willi-junker.de\/dachs\/?cat=3"},"img":{"alt_text":"","src":"","width":0,"height":0},"classes":[]},{"id":728,"url":"https:\/\/willi-junker.de\/dachs\/?p=728","url_meta":{"origin":481,"position":4},"title":"Wanderung von Bingen nach Laubach","author":"Willi","date":"28.05.2012","format":false,"excerpt":"Um 6.00 Uhr geht es in Laubach los. Um 07:00 Uhr stehen wir startbereit in Bingen am Bahnhof. \u00dcber das Forsthaus Heilig Kreuz und das Schweizer Haus geht es ins Morgenbachtal und zum J\u00e4gerhaus. Nach kurzer Rast geht es auf den Salzkopf und weiter zur Lauschh\u00fctte (15 Km; 11:30 Uhr).\u2026","rel":"","context":"In &quot;Touren&quot;","block_context":{"text":"Touren","link":"https:\/\/willi-junker.de\/dachs\/?cat=3"},"img":{"alt_text":"","src":"","width":0,"height":0},"classes":[]},{"id":3839,"url":"https:\/\/willi-junker.de\/dachs\/?p=3839","url_meta":{"origin":481,"position":5},"title":"5. Skitag &#8211; Heute die Val Gardena Ronda","author":"Willi","date":"08.03.2017","format":false,"excerpt":"Herrliches Wetter, tolle Fernsicht, phantastischer Abfahrten. Ein Traum. Habe heute jeden Lift und jede Piste mitgenommen, die ich finden kann. Begonnen habe ich am Ciampinoi. Dann geht es in die Steinerne Stadt und von dort \u00fcber den Piz Sella nach Monte Pana. Oben auf dem Monte S\u00ebura genie\u00dfe ich die\u2026","rel":"","context":"In &quot;Touren&quot;","block_context":{"text":"Touren","link":"https:\/\/willi-junker.de\/dachs\/?cat=3"},"img":{"alt_text":"","src":"https:\/\/i0.wp.com\/willi-junker.de\/dachs\/wp-content\/uploads\/2017\/03\/wp-image-747463392jpg.jpg?resize=350%2C200","width":350,"height":200,"srcset":"https:\/\/i0.wp.com\/willi-junker.de\/dachs\/wp-content\/uploads\/2017\/03\/wp-image-747463392jpg.jpg?resize=350%2C200 1x, https:\/\/i0.wp.com\/willi-junker.de\/dachs\/wp-content\/uploads\/2017\/03\/wp-image-747463392jpg.jpg?resize=525%2C300 1.5x, https:\/\/i0.wp.com\/willi-junker.de\/dachs\/wp-content\/uploads\/2017\/03\/wp-image-747463392jpg.jpg?resize=700%2C400 2x"},"classes":[]}],"_links":{"self":[{"href":"https:\/\/willi-junker.de\/dachs\/index.php?rest_route=\/wp\/v2\/posts\/481","targetHints":{"allow":["GET"]}}],"collection":[{"href":"https:\/\/willi-junker.de\/dachs\/index.php?rest_route=\/wp\/v2\/posts"}],"about":[{"href":"https:\/\/willi-junker.de\/dachs\/index.php?rest_route=\/wp\/v2\/types\/post"}],"author":[{"embeddable":true,"href":"https:\/\/willi-junker.de\/dachs\/index.php?rest_route=\/wp\/v2\/users\/1"}],"replies":[{"embeddable":true,"href":"https:\/\/willi-junker.de\/dachs\/index.php?rest_route=%2Fwp%2Fv2%2Fcomments&post=481"}],"version-history":[{"count":1,"href":"https:\/\/willi-junker.de\/dachs\/index.php?rest_route=\/wp\/v2\/posts\/481\/revisions"}],"predecessor-version":[{"id":494,"href":"https:\/\/willi-junker.de\/dachs\/index.php?rest_route=\/wp\/v2\/posts\/481\/revisions\/494"}],"wp:attachment":[{"href":"https:\/\/willi-junker.de\/dachs\/index.php?rest_route=%2Fwp%2Fv2%2Fmedia&parent=481"}],"wp:term":[{"taxonomy":"category","embeddable":true,"href":"https:\/\/willi-junker.de\/dachs\/index.php?rest_route=%2Fwp%2Fv2%2Fcategories&post=481"},{"taxonomy":"post_tag","embeddable":true,"href":"https:\/\/willi-junker.de\/dachs\/index.php?rest_route=%2Fwp%2Fv2%2Ftags&post=481"}],"curies":[{"name":"wp","href":"https:\/\/api.w.org\/{rel}","templated":true}]}}