{"id":477,"date":"2011-08-31T09:46:36","date_gmt":"2011-08-31T07:46:36","guid":{"rendered":"http:\/\/willi-junker.de\/dachs\/?p=477"},"modified":"2011-08-31T09:46:36","modified_gmt":"2011-08-31T07:46:36","slug":"wolkenstein-wir-sind-da","status":"publish","type":"post","link":"https:\/\/willi-junker.de\/dachs\/?p=477","title":{"rendered":"Wolkenstein &#8211; wir sind da."},"content":{"rendered":"<p>Nach einer Fahrt durch die Nacht sind wir gegen 8:00 Uhr hier eingetroffen.<\/p>\n<p><a alt=\"image\" href=\"https:\/\/i0.wp.com\/willi-junker.de\/dachs\/wp-content\/uploads\/2011\/08\/wpid-IMAG07361.jpg?ssl=1\"><img data-recalc-dims=\"1\" decoding=\"async\" style=\"display:block;margin-right:auto;margin-left:auto;\" alt=\"image\" src=\"https:\/\/i0.wp.com\/willi-junker.de\/dachs\/wp-content\/uploads\/2011\/08\/wpid-IMAG0736.jpg?w=640&#038;ssl=1\" \/><\/a><\/p>\n<p><span class=\"post_sig\">Posted from WordPress for Android<\/span><\/p>\n","protected":false},"excerpt":{"rendered":"<p>Nach einer Fahrt durch die Nacht sind wir gegen 8:00 Uhr hier eingetroffen. Posted from WordPress for Android<\/p>\n","protected":false},"author":1,"featured_media":0,"comment_status":"open","ping_status":"open","sticky":false,"template":"","format":"standard","meta":{"_crdt_document":"","jetpack_post_was_ever_published":false,"_jetpack_newsletter_access":"","_jetpack_dont_email_post_to_subs":false,"_jetpack_newsletter_tier_id":0,"_jetpack_memberships_contains_paywalled_content":false,"_jetpack_memberships_contains_paid_content":false,"footnotes":"","jetpack_publicize_message":"","jetpack_publicize_feature_enabled":true,"jetpack_social_post_already_shared":false,"jetpack_social_options":{"image_generator_settings":{"template":"highway","default_image_id":0,"font":"","enabled":false},"version":2}},"categories":[3],"tags":[],"class_list":["post-477","post","type-post","status-publish","format-standard","hentry","category-touren"],"jetpack_publicize_connections":[],"jetpack_featured_media_url":"","jetpack_sharing_enabled":true,"jetpack_shortlink":"https:\/\/wp.me\/p73o9s-7H","jetpack-related-posts":[{"id":958,"url":"https:\/\/willi-junker.de\/dachs\/?p=958","url_meta":{"origin":477,"position":0},"title":"H\u00fcttenpunkte sammeln","author":"Willi","date":"05.07.2012","format":false,"excerpt":"Heute fahren wir zuerst mit der Ciampinoi auf. Dann geht es \u00fcber die Comici zum Sellapass und weiter in die Langkofelscharte zur Demetzh\u00fctte. Von dort abw\u00e4rts durch die Langkofelscharte zur Langkofelh\u00fctte. Dann querend zur Plattkofelh\u00fctte, Murmeltierh\u00fctte, Zallinger, Williams, Tirlerh\u00fctte. Weiter geht es \u00fcber den Zallinger, Monte Pana und La Selva\u2026","rel":"","context":"In &quot;Touren&quot;","block_context":{"text":"Touren","link":"https:\/\/willi-junker.de\/dachs\/?cat=3"},"img":{"alt_text":"","src":"","width":0,"height":0},"classes":[]},{"id":4274,"url":"https:\/\/willi-junker.de\/dachs\/?p=4274","url_meta":{"origin":477,"position":1},"title":"Tag 13 &#8211; Durch&#8217;s Val Cedul zum Piz Ciampac und zur Puezh\u00fctte\u00a0","author":"Willi","date":"30.07.2017","format":false,"excerpt":"Gegen 08:30 Uhr starten Andre und ich ins Langental und dann direkt rechts ab ins Val Cedul. Es folgt ein gut 900 Meter hoher Anstieg bis zum Cresp\u00ebinajoch und von dort geht es nochmals fast 150 Meter hoch auf den 2.667 Meter hohen Sass da Ciampac. Dort sind wir kurz\u2026","rel":"","context":"In &quot;Touren&quot;","block_context":{"text":"Touren","link":"https:\/\/willi-junker.de\/dachs\/?cat=3"},"img":{"alt_text":"","src":"https:\/\/i0.wp.com\/willi-junker.de\/dachs\/wp-content\/uploads\/2017\/07\/wp-image-1507284808.jpg?resize=350%2C200","width":350,"height":200,"srcset":"https:\/\/i0.wp.com\/willi-junker.de\/dachs\/wp-content\/uploads\/2017\/07\/wp-image-1507284808.jpg?resize=350%2C200 1x, https:\/\/i0.wp.com\/willi-junker.de\/dachs\/wp-content\/uploads\/2017\/07\/wp-image-1507284808.jpg?resize=525%2C300 1.5x, https:\/\/i0.wp.com\/willi-junker.de\/dachs\/wp-content\/uploads\/2017\/07\/wp-image-1507284808.jpg?resize=700%2C400 2x, https:\/\/i0.wp.com\/willi-junker.de\/dachs\/wp-content\/uploads\/2017\/07\/wp-image-1507284808.jpg?resize=1050%2C600 3x, https:\/\/i0.wp.com\/willi-junker.de\/dachs\/wp-content\/uploads\/2017\/07\/wp-image-1507284808.jpg?resize=1400%2C800 4x"},"classes":[]},{"id":4105,"url":"https:\/\/willi-junker.de\/dachs\/?p=4105","url_meta":{"origin":477,"position":2},"title":"H\u00fcttenwanderung &#8211; Tag 5","author":"Willi","date":"22.07.2017","format":false,"excerpt":"In der Nacht gewittert es noch mehrfach. Besonders heftig ist es gegen vier Uhr. Wie jeden Tag bin ich auch heute um sechs Uhr munter und um halb sieben drehe ich bei leichtem Regen eine Runde um die H\u00fctte. Ich bin mir nicht sicher, ob ich direkt nach dem Fr\u00fchst\u00fcck\u2026","rel":"","context":"In &quot;Touren&quot;","block_context":{"text":"Touren","link":"https:\/\/willi-junker.de\/dachs\/?cat=3"},"img":{"alt_text":"","src":"https:\/\/i0.wp.com\/willi-junker.de\/dachs\/wp-content\/uploads\/2017\/07\/wp-image-2136841590.jpg?resize=350%2C200","width":350,"height":200,"srcset":"https:\/\/i0.wp.com\/willi-junker.de\/dachs\/wp-content\/uploads\/2017\/07\/wp-image-2136841590.jpg?resize=350%2C200 1x, https:\/\/i0.wp.com\/willi-junker.de\/dachs\/wp-content\/uploads\/2017\/07\/wp-image-2136841590.jpg?resize=525%2C300 1.5x, https:\/\/i0.wp.com\/willi-junker.de\/dachs\/wp-content\/uploads\/2017\/07\/wp-image-2136841590.jpg?resize=700%2C400 2x, https:\/\/i0.wp.com\/willi-junker.de\/dachs\/wp-content\/uploads\/2017\/07\/wp-image-2136841590.jpg?resize=1050%2C600 3x, https:\/\/i0.wp.com\/willi-junker.de\/dachs\/wp-content\/uploads\/2017\/07\/wp-image-2136841590.jpg?resize=1400%2C800 4x"},"classes":[]},{"id":975,"url":"https:\/\/willi-junker.de\/dachs\/?p=975","url_meta":{"origin":477,"position":3},"title":"Puezh\u00fctte und \u00dcbersteigung Col de la Pieres","author":"Willi","date":"07.07.2012","format":false,"excerpt":"Heute haben wir nochmals eine richtig gro\u00dfe Runde gemacht. Mit dem Lift ging es hoch auf das Gr\u00f6dner Joch. Ab dann den Rest zu Fu\u00df. Kurz nach 10:00 Uhr sind wir an der Jimmy-H\u00fctte. Kurz dahinter ist der Einstieg in den Fernwanderweg 2. Es geht hoch zum Cirjoch und weiter\u2026","rel":"","context":"In &quot;Touren&quot;","block_context":{"text":"Touren","link":"https:\/\/willi-junker.de\/dachs\/?cat=3"},"img":{"alt_text":"","src":"","width":0,"height":0},"classes":[]},{"id":3977,"url":"https:\/\/willi-junker.de\/dachs\/?p=3977","url_meta":{"origin":477,"position":4},"title":"24 Stunden von Rheinland-Pfalz 2017 &#8211; wieder in Hennweiler\u00a0","author":"Willi","date":"17.06.2017","format":false,"excerpt":"Seit heute Morgen um 06:00 stehe ich wieder mit meinem Auto unter den schattigen B\u00e4umen an der L\u00fctzelsoonhalle in Hennweiler. Wir haben wieder eine sch\u00f6ne Gruppe zusammen bekommen und nach dem gemeinsamen Fr\u00fchst\u00fcck und der Verabschiedung durch die Pipe-Spieler geht es um 08:30 Uhr los. Das Wetter ist absolut ideal.\u2026","rel":"","context":"In &quot;Touren&quot;","block_context":{"text":"Touren","link":"https:\/\/willi-junker.de\/dachs\/?cat=3"},"img":{"alt_text":"","src":"https:\/\/i0.wp.com\/willi-junker.de\/dachs\/wp-content\/uploads\/2017\/06\/5172017214252.jpg?resize=350%2C200","width":350,"height":200,"srcset":"https:\/\/i0.wp.com\/willi-junker.de\/dachs\/wp-content\/uploads\/2017\/06\/5172017214252.jpg?resize=350%2C200 1x, https:\/\/i0.wp.com\/willi-junker.de\/dachs\/wp-content\/uploads\/2017\/06\/5172017214252.jpg?resize=525%2C300 1.5x, https:\/\/i0.wp.com\/willi-junker.de\/dachs\/wp-content\/uploads\/2017\/06\/5172017214252.jpg?resize=700%2C400 2x, https:\/\/i0.wp.com\/willi-junker.de\/dachs\/wp-content\/uploads\/2017\/06\/5172017214252.jpg?resize=1050%2C600 3x, https:\/\/i0.wp.com\/willi-junker.de\/dachs\/wp-content\/uploads\/2017\/06\/5172017214252.jpg?resize=1400%2C800 4x"},"classes":[]},{"id":488,"url":"https:\/\/willi-junker.de\/dachs\/?p=488","url_meta":{"origin":477,"position":5},"title":"Abstieg \u00fcber Col Raiser hinab zu Erwin auf der Sangonh\u00fctte.","author":"Willi","date":"31.08.2011","format":false,"excerpt":"W\u00e4hrend des Abstiegs durch die Scharte verabschieden sich meine guten Meindl. Die Sohle trennt sich in der Dampfungsschicht vom Schuh. Nun ist mein linker Fu\u00df mit Slicks bekleidet. Gegen 17:30 Uhr sind wir auf der H\u00fctte und um 19:00 Uhr in der Morene. Posted from WordPress for Android","rel":"","context":"In &quot;Touren&quot;","block_context":{"text":"Touren","link":"https:\/\/willi-junker.de\/dachs\/?cat=3"},"img":{"alt_text":"","src":"","width":0,"height":0},"classes":[]}],"_links":{"self":[{"href":"https:\/\/willi-junker.de\/dachs\/index.php?rest_route=\/wp\/v2\/posts\/477","targetHints":{"allow":["GET"]}}],"collection":[{"href":"https:\/\/willi-junker.de\/dachs\/index.php?rest_route=\/wp\/v2\/posts"}],"about":[{"href":"https:\/\/willi-junker.de\/dachs\/index.php?rest_route=\/wp\/v2\/types\/post"}],"author":[{"embeddable":true,"href":"https:\/\/willi-junker.de\/dachs\/index.php?rest_route=\/wp\/v2\/users\/1"}],"replies":[{"embeddable":true,"href":"https:\/\/willi-junker.de\/dachs\/index.php?rest_route=%2Fwp%2Fv2%2Fcomments&post=477"}],"version-history":[{"count":0,"href":"https:\/\/willi-junker.de\/dachs\/index.php?rest_route=\/wp\/v2\/posts\/477\/revisions"}],"wp:attachment":[{"href":"https:\/\/willi-junker.de\/dachs\/index.php?rest_route=%2Fwp%2Fv2%2Fmedia&parent=477"}],"wp:term":[{"taxonomy":"category","embeddable":true,"href":"https:\/\/willi-junker.de\/dachs\/index.php?rest_route=%2Fwp%2Fv2%2Fcategories&post=477"},{"taxonomy":"post_tag","embeddable":true,"href":"https:\/\/willi-junker.de\/dachs\/index.php?rest_route=%2Fwp%2Fv2%2Ftags&post=477"}],"curies":[{"name":"wp","href":"https:\/\/api.w.org\/{rel}","templated":true}]}}