{"id":424,"date":"2011-07-02T20:59:19","date_gmt":"2011-07-02T18:59:19","guid":{"rendered":"http:\/\/willi-junker.de\/dachs\/?p=424"},"modified":"2011-07-05T01:06:39","modified_gmt":"2011-07-04T23:06:39","slug":"2100-uhr-fast-daheim","status":"publish","type":"post","link":"https:\/\/willi-junker.de\/dachs\/?p=424","title":{"rendered":"21:00 Uhr &#8211; fast daheim"},"content":{"rendered":"<p>176 km und 1.500 H\u00f6henmeter.<\/p>\n<p><a href=\"https:\/\/i0.wp.com\/willi-junker.de\/dachs\/wp-content\/uploads\/2011\/07\/wpid-IMAG07071.jpg?ssl=1\"><img data-recalc-dims=\"1\" decoding=\"async\" style=\"display: block; margin-right: auto; margin-left: auto;\" src=\"https:\/\/i0.wp.com\/willi-junker.de\/dachs\/wp-content\/uploads\/2011\/07\/wpid-IMAG0707.jpg?w=640&#038;ssl=1\" alt=\"image\" \/><\/a><\/p>\n<p>&nbsp;<\/p>\n","protected":false},"excerpt":{"rendered":"<p>176 km und 1.500 H\u00f6henmeter. &nbsp;<\/p>\n","protected":false},"author":1,"featured_media":0,"comment_status":"open","ping_status":"open","sticky":false,"template":"","format":"standard","meta":{"_crdt_document":"","jetpack_post_was_ever_published":false,"_jetpack_newsletter_access":"","_jetpack_dont_email_post_to_subs":false,"_jetpack_newsletter_tier_id":0,"_jetpack_memberships_contains_paywalled_content":false,"_jetpack_memberships_contains_paid_content":false,"footnotes":"","jetpack_publicize_message":"","jetpack_publicize_feature_enabled":true,"jetpack_social_post_already_shared":false,"jetpack_social_options":{"image_generator_settings":{"template":"highway","default_image_id":0,"font":"","enabled":false},"version":2}},"categories":[3],"tags":[],"class_list":["post-424","post","type-post","status-publish","format-standard","hentry","category-touren"],"jetpack_publicize_connections":[],"jetpack_featured_media_url":"","jetpack_sharing_enabled":true,"jetpack_shortlink":"https:\/\/wp.me\/p73o9s-6Q","jetpack-related-posts":[{"id":1777,"url":"https:\/\/willi-junker.de\/dachs\/?p=1777","url_meta":{"origin":424,"position":0},"title":"Letzter Wandertag &#8211; Stevia","author":"Willi","date":"28.08.2014","format":false,"excerpt":"Wie fast in jedem Jahr steht noch ein Besuch der Stevia und speziell dem H\u00fcttenwirt aus. So mache ich mich heute Morgen auf dem La Palota Weg hinauf. Bis zum Erreichen des ersten Blocks geht es steile 600 H\u00f6henmeter aufw\u00e4rts. Die Aussicht und vor Allem der Tiefblick nach Wolkenstein ist\u2026","rel":"","context":"In &quot;Touren&quot;","block_context":{"text":"Touren","link":"https:\/\/willi-junker.de\/dachs\/?cat=3"},"img":{"alt_text":"","src":"","width":0,"height":0},"classes":[]},{"id":3469,"url":"https:\/\/willi-junker.de\/dachs\/?p=3469","url_meta":{"origin":424,"position":1},"title":"19:30 Uhr &#8211; Am Ziel &#8211; Wolkenstein\u00a0","author":"Willi","date":"08.09.2016","format":false,"excerpt":"Nach langer Tour \u00fcber die Alm und \u00fcber Monte Pana und La Selva bin ich am Ziel. Fast 30 km und \u00fcber 900 H\u00f6henmeter. Die Dusche und das Sal F\u00ebur rufen.","rel":"","context":"In &quot;Touren&quot;","block_context":{"text":"Touren","link":"https:\/\/willi-junker.de\/dachs\/?cat=3"},"img":{"alt_text":"","src":"https:\/\/i0.wp.com\/willi-junker.de\/dachs\/wp-content\/uploads\/2016\/09\/wp-image-1865210820jpg.jpg?resize=350%2C200","width":350,"height":200,"srcset":"https:\/\/i0.wp.com\/willi-junker.de\/dachs\/wp-content\/uploads\/2016\/09\/wp-image-1865210820jpg.jpg?resize=350%2C200 1x, https:\/\/i0.wp.com\/willi-junker.de\/dachs\/wp-content\/uploads\/2016\/09\/wp-image-1865210820jpg.jpg?resize=525%2C300 1.5x, https:\/\/i0.wp.com\/willi-junker.de\/dachs\/wp-content\/uploads\/2016\/09\/wp-image-1865210820jpg.jpg?resize=700%2C400 2x"},"classes":[]},{"id":867,"url":"https:\/\/willi-junker.de\/dachs\/?p=867","url_meta":{"origin":424,"position":2},"title":"09:15 Uhr &#8211; Abmarsch vom Gasthaus Rechtegg","author":"Willi","date":"27.06.2012","format":false,"excerpt":"Halte mich sch\u00f6n auf der n\u00f6rdlichen Talseite und mache dadurch H\u00f6henmeter ohne Ende. Erreiche Krimml erst um 12:00 Uhr nach 10 km und 500 H\u00f6henmetern. Jetzt sitze ich direkt unter den F\u00e4llen und hab mir vorsorglich schon mal ein Zimmer im Krimmler Tauernhaus gebucht. Das sind noch gut 10 km\u2026","rel":"","context":"In &quot;Touren&quot;","block_context":{"text":"Touren","link":"https:\/\/willi-junker.de\/dachs\/?cat=3"},"img":{"alt_text":"","src":"","width":0,"height":0},"classes":[]},{"id":421,"url":"https:\/\/willi-junker.de\/dachs\/?p=421","url_meta":{"origin":424,"position":3},"title":"19:00 Uhr &#8211; Trifth\u00fctte","author":"Willi","date":"02.07.2011","format":false,"excerpt":"142 km und 1.100 H\u00f6henmeter bis hierher.","rel":"","context":"In &quot;Touren&quot;","block_context":{"text":"Touren","link":"https:\/\/willi-junker.de\/dachs\/?cat=3"},"img":{"alt_text":"","src":"","width":0,"height":0},"classes":[]},{"id":1016,"url":"https:\/\/willi-junker.de\/dachs\/?p=1016","url_meta":{"origin":424,"position":4},"title":"16:00 Uhr &#8211; Johanniskreuz","author":"Willi","date":"08.09.2012","format":false,"excerpt":"Nach ganz vielem auf und ab (900 H\u00f6henmeter und 40 km) sind wir am Johanniskreuz angelangt.","rel":"","context":"In &quot;Touren&quot;","block_context":{"text":"Touren","link":"https:\/\/willi-junker.de\/dachs\/?cat=3"},"img":{"alt_text":"","src":"","width":0,"height":0},"classes":[]},{"id":1674,"url":"https:\/\/willi-junker.de\/dachs\/?p=1674","url_meta":{"origin":424,"position":5},"title":"Mittag auf der Ramitzler Schwaige","author":"Willi","date":"24.08.2014","format":false,"excerpt":"Bin heute Morgen mit dem Bus nach Lajen. Von dort 10:00 Uhr bin ich hinauf zur Schwaige, 7,5 km und 700 H\u00f6henmeter. Hoch zum Heiligkreuz sind es noch 400 H\u00f6henmeter und dann ist viel Laufen bis Wolkenstein angesagt.","rel":"","context":"In &quot;Touren&quot;","block_context":{"text":"Touren","link":"https:\/\/willi-junker.de\/dachs\/?cat=3"},"img":{"alt_text":"","src":"","width":0,"height":0},"classes":[]}],"_links":{"self":[{"href":"https:\/\/willi-junker.de\/dachs\/index.php?rest_route=\/wp\/v2\/posts\/424","targetHints":{"allow":["GET"]}}],"collection":[{"href":"https:\/\/willi-junker.de\/dachs\/index.php?rest_route=\/wp\/v2\/posts"}],"about":[{"href":"https:\/\/willi-junker.de\/dachs\/index.php?rest_route=\/wp\/v2\/types\/post"}],"author":[{"embeddable":true,"href":"https:\/\/willi-junker.de\/dachs\/index.php?rest_route=\/wp\/v2\/users\/1"}],"replies":[{"embeddable":true,"href":"https:\/\/willi-junker.de\/dachs\/index.php?rest_route=%2Fwp%2Fv2%2Fcomments&post=424"}],"version-history":[{"count":3,"href":"https:\/\/willi-junker.de\/dachs\/index.php?rest_route=\/wp\/v2\/posts\/424\/revisions"}],"predecessor-version":[{"id":468,"href":"https:\/\/willi-junker.de\/dachs\/index.php?rest_route=\/wp\/v2\/posts\/424\/revisions\/468"}],"wp:attachment":[{"href":"https:\/\/willi-junker.de\/dachs\/index.php?rest_route=%2Fwp%2Fv2%2Fmedia&parent=424"}],"wp:term":[{"taxonomy":"category","embeddable":true,"href":"https:\/\/willi-junker.de\/dachs\/index.php?rest_route=%2Fwp%2Fv2%2Fcategories&post=424"},{"taxonomy":"post_tag","embeddable":true,"href":"https:\/\/willi-junker.de\/dachs\/index.php?rest_route=%2Fwp%2Fv2%2Ftags&post=424"}],"curies":[{"name":"wp","href":"https:\/\/api.w.org\/{rel}","templated":true}]}}