{"id":421,"date":"2011-07-02T18:59:23","date_gmt":"2011-07-02T16:59:23","guid":{"rendered":"http:\/\/willi-junker.de\/dachs\/?p=421"},"modified":"2011-07-04T21:55:11","modified_gmt":"2011-07-04T19:55:11","slug":"1900-uhr-trifthutte","status":"publish","type":"post","link":"https:\/\/willi-junker.de\/dachs\/?p=421","title":{"rendered":"19:00 Uhr &#8211; Trifth\u00fctte"},"content":{"rendered":"<p>142 km und 1.100 H\u00f6henmeter bis hierher.<\/p>\n","protected":false},"excerpt":{"rendered":"<p>142 km und 1.100 H\u00f6henmeter bis hierher.<\/p>\n","protected":false},"author":1,"featured_media":0,"comment_status":"open","ping_status":"open","sticky":false,"template":"","format":"standard","meta":{"_crdt_document":"","jetpack_post_was_ever_published":false,"_jetpack_newsletter_access":"","_jetpack_dont_email_post_to_subs":false,"_jetpack_newsletter_tier_id":0,"_jetpack_memberships_contains_paywalled_content":false,"_jetpack_memberships_contains_paid_content":false,"footnotes":"","jetpack_publicize_message":"","jetpack_publicize_feature_enabled":true,"jetpack_social_post_already_shared":false,"jetpack_social_options":{"image_generator_settings":{"template":"highway","default_image_id":0,"font":"","enabled":false},"version":2}},"categories":[3],"tags":[],"class_list":["post-421","post","type-post","status-publish","format-standard","hentry","category-touren"],"jetpack_publicize_connections":[],"jetpack_featured_media_url":"","jetpack_sharing_enabled":true,"jetpack_shortlink":"https:\/\/wp.me\/p73o9s-6N","jetpack-related-posts":[{"id":2752,"url":"https:\/\/willi-junker.de\/dachs\/?p=2752","url_meta":{"origin":421,"position":0},"title":"11:20 Uhr &#8211; Radurschlalm","author":"Willi","date":"27.08.2015","format":false,"excerpt":"Bin heute um 08:30 Uhr los, nach dem Fr\u00fchst\u00fcck, das ich gemeinsam mit den beiden Hunsr\u00fcckern eingenommen habe. Der Einstieg ins Tal ist extrem steil, da die Klamm \u00fcberwunden werden muss. Bis zur Radurschlalm geht es stetig bergauf und nach gut 12 km beginnt auf der Alm der Einstieg in\u2026","rel":"","context":"In &quot;Touren&quot;","block_context":{"text":"Touren","link":"https:\/\/willi-junker.de\/dachs\/?cat=3"},"img":{"alt_text":"","src":"","width":0,"height":0},"classes":[]},{"id":1674,"url":"https:\/\/willi-junker.de\/dachs\/?p=1674","url_meta":{"origin":421,"position":1},"title":"Mittag auf der Ramitzler Schwaige","author":"Willi","date":"24.08.2014","format":false,"excerpt":"Bin heute Morgen mit dem Bus nach Lajen. Von dort 10:00 Uhr bin ich hinauf zur Schwaige, 7,5 km und 700 H\u00f6henmeter. Hoch zum Heiligkreuz sind es noch 400 H\u00f6henmeter und dann ist viel Laufen bis Wolkenstein angesagt.","rel":"","context":"In &quot;Touren&quot;","block_context":{"text":"Touren","link":"https:\/\/willi-junker.de\/dachs\/?cat=3"},"img":{"alt_text":"","src":"","width":0,"height":0},"classes":[]},{"id":3378,"url":"https:\/\/willi-junker.de\/dachs\/?p=3378","url_meta":{"origin":421,"position":2},"title":"19:45 Uhr &#8211; Hermeskeil","author":"Willi","date":"23.06.2016","format":false,"excerpt":"Ich bin heute immer sch\u00f6n dem Saarland-Rad-Rundweg gefolgt. Hat mir einige zus\u00e4tzliche Kilometer und H\u00f6henmeter eingebracht. Habe aber auch Punkte angefahren, die ich sonst nie gesehen h\u00e4tte.\u00a0 War sogar fast an der Nahequelle. Den Hunnenring bei Otzenhausen habe ich nur gestreift. Ich war ewig auf dem Kamm zwischen Nahe und\u2026","rel":"","context":"In &quot;Touren&quot;","block_context":{"text":"Touren","link":"https:\/\/willi-junker.de\/dachs\/?cat=3"},"img":{"alt_text":"","src":"","width":0,"height":0},"classes":[]},{"id":1777,"url":"https:\/\/willi-junker.de\/dachs\/?p=1777","url_meta":{"origin":421,"position":3},"title":"Letzter Wandertag &#8211; Stevia","author":"Willi","date":"28.08.2014","format":false,"excerpt":"Wie fast in jedem Jahr steht noch ein Besuch der Stevia und speziell dem H\u00fcttenwirt aus. So mache ich mich heute Morgen auf dem La Palota Weg hinauf. Bis zum Erreichen des ersten Blocks geht es steile 600 H\u00f6henmeter aufw\u00e4rts. Die Aussicht und vor Allem der Tiefblick nach Wolkenstein ist\u2026","rel":"","context":"In &quot;Touren&quot;","block_context":{"text":"Touren","link":"https:\/\/willi-junker.de\/dachs\/?cat=3"},"img":{"alt_text":"","src":"","width":0,"height":0},"classes":[]},{"id":1597,"url":"https:\/\/willi-junker.de\/dachs\/?p=1597","url_meta":{"origin":421,"position":4},"title":"Gem\u00fcnden &#8211; 15:45 Uhr","author":"Willi","date":"06.07.2014","format":false,"excerpt":"Bin von Schneppenbach \u00fcber Bruschied, Hennweiler und Oberhausen nach Kirn. Dann\u00a0 entlang der Nahe bis nach Monzingen (55 km). Dann \u00fcber kleine Str\u00e4\u00dfchen hinauf in den Soonwald. Auf H\u00f6he der Trifth\u00fctte erwischt mich ein kurzer Schauer. Es k\u00fchlt dabei von 29 auf 23 Grad ab. Die Saunabedingungen bleiben trotzdem. Weiter\u2026","rel":"","context":"In &quot;Touren&quot;","block_context":{"text":"Touren","link":"https:\/\/willi-junker.de\/dachs\/?cat=3"},"img":{"alt_text":"","src":"","width":0,"height":0},"classes":[]},{"id":1694,"url":"https:\/\/willi-junker.de\/dachs\/?p=1694","url_meta":{"origin":421,"position":5},"title":"19:30 Uhr &#8211; Juac-Alm","author":"Willi","date":"24.08.2014","format":false,"excerpt":"Hier mache ich nochmals kurze Rast und genie\u00dfe den Sonnenuntergang. Von hier sind es noch 300 Meter Abstieg bis ins Tal. Den Weg w\u00fcrde ich auch im Dunkeln finden. Am Schluss sind nun fast 30 km uns 1.800 H\u00f6henmeter zusammen gekommen.","rel":"","context":"In &quot;Touren&quot;","block_context":{"text":"Touren","link":"https:\/\/willi-junker.de\/dachs\/?cat=3"},"img":{"alt_text":"","src":"","width":0,"height":0},"classes":[]}],"_links":{"self":[{"href":"https:\/\/willi-junker.de\/dachs\/index.php?rest_route=\/wp\/v2\/posts\/421","targetHints":{"allow":["GET"]}}],"collection":[{"href":"https:\/\/willi-junker.de\/dachs\/index.php?rest_route=\/wp\/v2\/posts"}],"about":[{"href":"https:\/\/willi-junker.de\/dachs\/index.php?rest_route=\/wp\/v2\/types\/post"}],"author":[{"embeddable":true,"href":"https:\/\/willi-junker.de\/dachs\/index.php?rest_route=\/wp\/v2\/users\/1"}],"replies":[{"embeddable":true,"href":"https:\/\/willi-junker.de\/dachs\/index.php?rest_route=%2Fwp%2Fv2%2Fcomments&post=421"}],"version-history":[{"count":1,"href":"https:\/\/willi-junker.de\/dachs\/index.php?rest_route=\/wp\/v2\/posts\/421\/revisions"}],"predecessor-version":[{"id":428,"href":"https:\/\/willi-junker.de\/dachs\/index.php?rest_route=\/wp\/v2\/posts\/421\/revisions\/428"}],"wp:attachment":[{"href":"https:\/\/willi-junker.de\/dachs\/index.php?rest_route=%2Fwp%2Fv2%2Fmedia&parent=421"}],"wp:term":[{"taxonomy":"category","embeddable":true,"href":"https:\/\/willi-junker.de\/dachs\/index.php?rest_route=%2Fwp%2Fv2%2Fcategories&post=421"},{"taxonomy":"post_tag","embeddable":true,"href":"https:\/\/willi-junker.de\/dachs\/index.php?rest_route=%2Fwp%2Fv2%2Ftags&post=421"}],"curies":[{"name":"wp","href":"https:\/\/api.w.org\/{rel}","templated":true}]}}