{"id":420,"date":"2011-07-02T17:16:16","date_gmt":"2011-07-02T15:16:16","guid":{"rendered":"http:\/\/willi-junker.de\/dachs\/?p=420"},"modified":"2011-07-04T21:55:34","modified_gmt":"2011-07-04T19:55:34","slug":"1700-uhr-bad-sobernheim","status":"publish","type":"post","link":"https:\/\/willi-junker.de\/dachs\/?p=420","title":{"rendered":"17:00 Uhr &#8211; Bad Sobernheim"},"content":{"rendered":"<p>Jetzt ist mal ne St\u00e4rkung f\u00e4llig. Ab Monzingen gehts bergauf. Bis jetzt sinds 122 km.<\/p>\n","protected":false},"excerpt":{"rendered":"<p>Jetzt ist mal ne St\u00e4rkung f\u00e4llig. Ab Monzingen gehts bergauf. Bis jetzt sinds 122 km.<\/p>\n","protected":false},"author":1,"featured_media":0,"comment_status":"open","ping_status":"open","sticky":false,"template":"","format":"standard","meta":{"_crdt_document":"","jetpack_post_was_ever_published":false,"_jetpack_newsletter_access":"","_jetpack_dont_email_post_to_subs":false,"_jetpack_newsletter_tier_id":0,"_jetpack_memberships_contains_paywalled_content":false,"_jetpack_memberships_contains_paid_content":false,"footnotes":"","jetpack_publicize_message":"","jetpack_publicize_feature_enabled":true,"jetpack_social_post_already_shared":false,"jetpack_social_options":{"image_generator_settings":{"template":"highway","default_image_id":0,"font":"","enabled":false},"version":2}},"categories":[3],"tags":[],"class_list":["post-420","post","type-post","status-publish","format-standard","hentry","category-touren"],"jetpack_publicize_connections":[],"jetpack_featured_media_url":"","jetpack_sharing_enabled":true,"jetpack_shortlink":"https:\/\/wp.me\/p73o9s-6M","jetpack-related-posts":[{"id":2624,"url":"https:\/\/willi-junker.de\/dachs\/?p=2624","url_meta":{"origin":420,"position":0},"title":"Hochalppass &#8211; Hochtannenberg","author":"Willi","date":"22.08.2015","format":false,"excerpt":"Jetzt kommen die richtigen Berge. Bin heute Morgen um 09:00 Uhr los. So ohne Fernseher und sonstige Technik ist man morgens auch fit. Nachdem ich hinunter nach Baad abgestiegen bin ging es ins B\u00e4rguntal. Hier geht es stetig bergauf und nach 3 Stunden stehe ich am Hochalppass. Bis hierher hatte\u2026","rel":"","context":"In &quot;Touren&quot;","block_context":{"text":"Touren","link":"https:\/\/willi-junker.de\/dachs\/?cat=3"},"img":{"alt_text":"","src":"","width":0,"height":0},"classes":[]},{"id":4871,"url":"https:\/\/willi-junker.de\/dachs\/?p=4871","url_meta":{"origin":420,"position":1},"title":"Saar-Hunsr\u00fcck-Steig r\u00fcckw\u00e4rts &#8211; Tag 4 &#8211; Etappe 17","author":"Willi","date":"12.10.2018","format":false,"excerpt":"Punkt acht verlasse ich das Hotel. Meine Schwester mit Hund f\u00e4hrt auch gerade vor. Sie l\u00e4uft noch die ersten f\u00fcnf km bis zum Aussichtspunkt am Flughafen Hahn mit, dann kehrt sie von dort zum Auto zur\u00fcck. Der Weg bis Hahn geht durch ein tolles Seitental. Das macht Laune. Die f\u00fcnf\u2026","rel":"","context":"In &quot;Touren&quot;","block_context":{"text":"Touren","link":"https:\/\/willi-junker.de\/dachs\/?cat=3"},"img":{"alt_text":"","src":"https:\/\/i0.wp.com\/willi-junker.de\/dachs\/wp-content\/uploads\/2018\/10\/20181012_093832-1704176580.jpg?resize=350%2C200","width":350,"height":200,"srcset":"https:\/\/i0.wp.com\/willi-junker.de\/dachs\/wp-content\/uploads\/2018\/10\/20181012_093832-1704176580.jpg?resize=350%2C200 1x, https:\/\/i0.wp.com\/willi-junker.de\/dachs\/wp-content\/uploads\/2018\/10\/20181012_093832-1704176580.jpg?resize=525%2C300 1.5x, https:\/\/i0.wp.com\/willi-junker.de\/dachs\/wp-content\/uploads\/2018\/10\/20181012_093832-1704176580.jpg?resize=700%2C400 2x, https:\/\/i0.wp.com\/willi-junker.de\/dachs\/wp-content\/uploads\/2018\/10\/20181012_093832-1704176580.jpg?resize=1050%2C600 3x, https:\/\/i0.wp.com\/willi-junker.de\/dachs\/wp-content\/uploads\/2018\/10\/20181012_093832-1704176580.jpg?resize=1400%2C800 4x"},"classes":[]},{"id":709,"url":"https:\/\/willi-junker.de\/dachs\/?p=709","url_meta":{"origin":420,"position":2},"title":"Auf dem Gauchsberg im Staatsforst Entenpfuhl 14:20 Uhr","author":"Willi","date":"17.05.2012","format":false,"excerpt":"Die letzten Kilometer ging es steil bergauf. Nach einer l\u00e4ngeren Rast mit Mittagessen in Roxheim gehts jetzt stetig bergauf. In Kreuznach war ich um Punkt 12:00 Uhr. Posted from WordPress for Android","rel":"","context":"In &quot;Touren&quot;","block_context":{"text":"Touren","link":"https:\/\/willi-junker.de\/dachs\/?cat=3"},"img":{"alt_text":"","src":"","width":0,"height":0},"classes":[]},{"id":350,"url":"https:\/\/willi-junker.de\/dachs\/?p=350","url_meta":{"origin":420,"position":3},"title":"13:00 &#8211; Wolfstein an der Lauter","author":"Willi","date":"27.06.2011","format":false,"excerpt":"Nach 81 km und 800 H\u00f6henmetern war eine St\u00e4rkung dringend notwendig. Bin zuerst den Glan hoch und ab Lauterecken die Lauter. Bis zum Betze sind es jetzt noch 20 km, dann kommt der Pf\u00e4lzer Wald.","rel":"","context":"In &quot;Touren&quot;","block_context":{"text":"Touren","link":"https:\/\/willi-junker.de\/dachs\/?cat=3"},"img":{"alt_text":"","src":"","width":0,"height":0},"classes":[]},{"id":1415,"url":"https:\/\/willi-junker.de\/dachs\/?p=1415","url_meta":{"origin":420,"position":4},"title":"Vogesenwanderung","author":"Willi","date":"10.10.2013","format":false,"excerpt":"Heute Nacht ist eine Kaltfront durchgerauscht. Letzer Regen f\u00e4llt noch bis 11 Uhr. Seit ein paar Minuten bin ich unterwegs, hinaus aus Riquewihr in westlicher Richtung. Es geht immer bergauf durch ein enges, dicht bewaldetes Tal. Kurz vor halb eins sehe ich erstmals au\u00dfer pitschnassen B\u00e4umen und Wegen \u00fcber ein\u2026","rel":"","context":"In &quot;Touren&quot;","block_context":{"text":"Touren","link":"https:\/\/willi-junker.de\/dachs\/?cat=3"},"img":{"alt_text":"","src":"","width":0,"height":0},"classes":[]},{"id":4234,"url":"https:\/\/willi-junker.de\/dachs\/?p=4234","url_meta":{"origin":420,"position":5},"title":"Tag 11 &#8211; Von Alta Badia nach Gr\u00f6den\u00a0","author":"Willi","date":"28.07.2017","format":false,"excerpt":"In den letzten Jahren habe ich schon drei Wege \u00fcber die Gherdenacia Hochfl\u00e4chen zur\u00fcck nach Gr\u00f6den ausprobiert. Jetzt fehlt mir eigentlich noch die Umrundung. Wobei das sich eigentlich leicht anh\u00f6rt. Es liegt halt nur das Puez-Joch im Weg. Von Norden kommend ist dies die einzige Schwachstelle in der massiven Felswand.\u2026","rel":"","context":"In &quot;Touren&quot;","block_context":{"text":"Touren","link":"https:\/\/willi-junker.de\/dachs\/?cat=3"},"img":{"alt_text":"","src":"https:\/\/i0.wp.com\/willi-junker.de\/dachs\/wp-content\/uploads\/2017\/07\/wp-image-655924760.jpg?resize=350%2C200","width":350,"height":200,"srcset":"https:\/\/i0.wp.com\/willi-junker.de\/dachs\/wp-content\/uploads\/2017\/07\/wp-image-655924760.jpg?resize=350%2C200 1x, https:\/\/i0.wp.com\/willi-junker.de\/dachs\/wp-content\/uploads\/2017\/07\/wp-image-655924760.jpg?resize=525%2C300 1.5x, https:\/\/i0.wp.com\/willi-junker.de\/dachs\/wp-content\/uploads\/2017\/07\/wp-image-655924760.jpg?resize=700%2C400 2x, https:\/\/i0.wp.com\/willi-junker.de\/dachs\/wp-content\/uploads\/2017\/07\/wp-image-655924760.jpg?resize=1050%2C600 3x, https:\/\/i0.wp.com\/willi-junker.de\/dachs\/wp-content\/uploads\/2017\/07\/wp-image-655924760.jpg?resize=1400%2C800 4x"},"classes":[]}],"_links":{"self":[{"href":"https:\/\/willi-junker.de\/dachs\/index.php?rest_route=\/wp\/v2\/posts\/420","targetHints":{"allow":["GET"]}}],"collection":[{"href":"https:\/\/willi-junker.de\/dachs\/index.php?rest_route=\/wp\/v2\/posts"}],"about":[{"href":"https:\/\/willi-junker.de\/dachs\/index.php?rest_route=\/wp\/v2\/types\/post"}],"author":[{"embeddable":true,"href":"https:\/\/willi-junker.de\/dachs\/index.php?rest_route=\/wp\/v2\/users\/1"}],"replies":[{"embeddable":true,"href":"https:\/\/willi-junker.de\/dachs\/index.php?rest_route=%2Fwp%2Fv2%2Fcomments&post=420"}],"version-history":[{"count":1,"href":"https:\/\/willi-junker.de\/dachs\/index.php?rest_route=\/wp\/v2\/posts\/420\/revisions"}],"predecessor-version":[{"id":429,"href":"https:\/\/willi-junker.de\/dachs\/index.php?rest_route=\/wp\/v2\/posts\/420\/revisions\/429"}],"wp:attachment":[{"href":"https:\/\/willi-junker.de\/dachs\/index.php?rest_route=%2Fwp%2Fv2%2Fmedia&parent=420"}],"wp:term":[{"taxonomy":"category","embeddable":true,"href":"https:\/\/willi-junker.de\/dachs\/index.php?rest_route=%2Fwp%2Fv2%2Fcategories&post=420"},{"taxonomy":"post_tag","embeddable":true,"href":"https:\/\/willi-junker.de\/dachs\/index.php?rest_route=%2Fwp%2Fv2%2Ftags&post=420"}],"curies":[{"name":"wp","href":"https:\/\/api.w.org\/{rel}","templated":true}]}}