{"id":406,"date":"2011-07-01T19:44:55","date_gmt":"2011-07-01T17:44:55","guid":{"rendered":"http:\/\/willi-junker.de\/dachs\/?p=406"},"modified":"2011-07-04T21:57:12","modified_gmt":"2011-07-04T19:57:12","slug":"1645-uhr-dicke-eiche","status":"publish","type":"post","link":"https:\/\/willi-junker.de\/dachs\/?p=406","title":{"rendered":"16:45 Uhr &#8211; Dicke Eiche"},"content":{"rendered":"<p>Im eigentlich geschlossenem Wanderheim gibt es kurz eine Erfrischung. Dann erfolgt der Abstieg nach Erfweiler auf den langen Weg \u00fcber das Winterkirchl. Um 17:55 Uhr sitze ich dann wieder auf der Terrasse der &#8222;Kleinen Blume&#8220;. 31km und 688 H\u00f6henmeter.<\/p>\n","protected":false},"excerpt":{"rendered":"<p>Im eigentlich geschlossenem Wanderheim gibt es kurz eine Erfrischung. Dann erfolgt der Abstieg nach Erfweiler auf den langen Weg \u00fcber das Winterkirchl. Um 17:55 Uhr sitze ich dann wieder auf der Terrasse der &#8222;Kleinen Blume&#8220;. 31km und 688 H\u00f6henmeter.<\/p>\n","protected":false},"author":1,"featured_media":0,"comment_status":"open","ping_status":"open","sticky":false,"template":"","format":"standard","meta":{"_crdt_document":"","jetpack_post_was_ever_published":false,"_jetpack_newsletter_access":"","_jetpack_dont_email_post_to_subs":false,"_jetpack_newsletter_tier_id":0,"_jetpack_memberships_contains_paywalled_content":false,"_jetpack_memberships_contains_paid_content":false,"footnotes":"","jetpack_publicize_message":"","jetpack_publicize_feature_enabled":true,"jetpack_social_post_already_shared":false,"jetpack_social_options":{"image_generator_settings":{"template":"highway","default_image_id":0,"font":"","enabled":false},"version":2}},"categories":[3],"tags":[],"class_list":["post-406","post","type-post","status-publish","format-standard","hentry","category-touren"],"jetpack_publicize_connections":[],"jetpack_featured_media_url":"","jetpack_sharing_enabled":true,"jetpack_shortlink":"https:\/\/wp.me\/p73o9s-6y","jetpack-related-posts":[{"id":4278,"url":"https:\/\/willi-junker.de\/dachs\/?p=4278","url_meta":{"origin":406,"position":0},"title":"Tag 14 &#8211; \u00dcber den Rasch\u00f6tz zur Broglesh\u00fctte und weiter zur Seceda\u00a0","author":"Willi","date":"31.07.2017","format":false,"excerpt":"Der Tag heute beginnt auf jeden Fall entspannt. Lange gefr\u00fchst\u00fcckt. Dann zum Bus nach St. Ulrich und mit der Standseilbahn auf den Rasch\u00f6tz. Um zehn Uhr bin ich oben. Es geht locker \u00fcber die Hochalmen bei herrlichem Wetter. Kurz vor zw\u00f6lf Uhr bin ich auf der Broglesalm. Der Betrieb h\u00e4lt\u2026","rel":"","context":"In &quot;Touren&quot;","block_context":{"text":"Touren","link":"https:\/\/willi-junker.de\/dachs\/?cat=3"},"img":{"alt_text":"","src":"https:\/\/i0.wp.com\/willi-junker.de\/dachs\/wp-content\/uploads\/2017\/07\/wp-image-618154783.jpg?resize=350%2C200","width":350,"height":200,"srcset":"https:\/\/i0.wp.com\/willi-junker.de\/dachs\/wp-content\/uploads\/2017\/07\/wp-image-618154783.jpg?resize=350%2C200 1x, https:\/\/i0.wp.com\/willi-junker.de\/dachs\/wp-content\/uploads\/2017\/07\/wp-image-618154783.jpg?resize=525%2C300 1.5x, https:\/\/i0.wp.com\/willi-junker.de\/dachs\/wp-content\/uploads\/2017\/07\/wp-image-618154783.jpg?resize=700%2C400 2x, https:\/\/i0.wp.com\/willi-junker.de\/dachs\/wp-content\/uploads\/2017\/07\/wp-image-618154783.jpg?resize=1050%2C600 3x, https:\/\/i0.wp.com\/willi-junker.de\/dachs\/wp-content\/uploads\/2017\/07\/wp-image-618154783.jpg?resize=1400%2C800 4x"},"classes":[]},{"id":968,"url":"https:\/\/willi-junker.de\/dachs\/?p=968","url_meta":{"origin":406,"position":1},"title":"Tagesabschluss auf der Sangon-H\u00fctte","author":"Willi","date":"06.07.2012","format":false,"excerpt":"Nach dem Besuch der Seiser Alm fahren wir mit dem Lift zur\u00fcck nach St. Ulrich, mit dem Bus nach St. Christina und laufen dann hoch zur Talstation der Col Raiser-Bahn. An der Bergstation kommen wir gegen 17:10 Uhr an. Dann geht es im Laufschritt abw\u00e4rts zur Sangon-H\u00fctte. Es beginnt wieder\u2026","rel":"","context":"In &quot;Touren&quot;","block_context":{"text":"Touren","link":"https:\/\/willi-junker.de\/dachs\/?cat=3"},"img":{"alt_text":"","src":"","width":0,"height":0},"classes":[]},{"id":1340,"url":"https:\/\/willi-junker.de\/dachs\/?p=1340","url_meta":{"origin":406,"position":2},"title":"Wolkenstein &#8211; Am Ziel","author":"Willi","date":"24.07.2013","format":false,"excerpt":"Nach meinem Ruhetag stehe ich heute Morgen wieder in La Villa. Um 10:00 Uhr geht es aufw\u00e4rts. Gegen 11:00 Uhr bin ich schon auf der Gherdenacia-H\u00fctte auf 2000m. Kurz nach dem Verlassen der H\u00fctte, beginnt es ordentlich zu regnen. Nach 20 Minuten ist dieses Intermezzo zum Gl\u00fcck vorbei. Dann geht\u2026","rel":"","context":"In &quot;Touren&quot;","block_context":{"text":"Touren","link":"https:\/\/willi-junker.de\/dachs\/?cat=3"},"img":{"alt_text":"","src":"","width":0,"height":0},"classes":[]},{"id":975,"url":"https:\/\/willi-junker.de\/dachs\/?p=975","url_meta":{"origin":406,"position":3},"title":"Puezh\u00fctte und \u00dcbersteigung Col de la Pieres","author":"Willi","date":"07.07.2012","format":false,"excerpt":"Heute haben wir nochmals eine richtig gro\u00dfe Runde gemacht. Mit dem Lift ging es hoch auf das Gr\u00f6dner Joch. Ab dann den Rest zu Fu\u00df. Kurz nach 10:00 Uhr sind wir an der Jimmy-H\u00fctte. Kurz dahinter ist der Einstieg in den Fernwanderweg 2. Es geht hoch zum Cirjoch und weiter\u2026","rel":"","context":"In &quot;Touren&quot;","block_context":{"text":"Touren","link":"https:\/\/willi-junker.de\/dachs\/?cat=3"},"img":{"alt_text":"","src":"","width":0,"height":0},"classes":[]},{"id":1112,"url":"https:\/\/willi-junker.de\/dachs\/?p=1112","url_meta":{"origin":406,"position":4},"title":"Skilanglauf &#8211; Nach 20 km ist der Erbeskopf erreicht","author":"Willi","date":"26.01.2013","format":false,"excerpt":"Bin heute Morgen um 8:30 Uhr am Idarkopf losgelaufen. Auf teils ungespurter Loipe bei gerade ausreichender Schneeh\u00f6he ging es recht anspruchsvoll immer der Kammlage entlang zum Erbeskopf. Unversch\u00e4mt ist, da\u00df auf ca 1 km B\u00e4ume frisch gef\u00e4llt wurden. Das hat mich bestimmt eine halbe Stunde gekostet. Au\u00dferdem wurden viele Schilder\u2026","rel":"","context":"In &quot;Touren&quot;","block_context":{"text":"Touren","link":"https:\/\/willi-junker.de\/dachs\/?cat=3"},"img":{"alt_text":"","src":"","width":0,"height":0},"classes":[]},{"id":4013,"url":"https:\/\/willi-junker.de\/dachs\/?p=4013","url_meta":{"origin":406,"position":5},"title":"H\u00fcttenwanderung Tag 1","author":"Willi","date":"18.07.2017","format":false,"excerpt":"Nach einer ruhigen Nacht auf dem Hahntennjoch bin ich heute Morgen um f\u00fcnf Uhr in Wolkenstein angekommen. Nach ein paar herrlichen Sonnenaufgangsfotos habe ich noch eine Stunde auf dem Parkplatz der Dantercepi\u00ebs geschlafen. Um sieben Uhr ging es dann in die Morene und nach dem Verstauen meines Autos gab es\u2026","rel":"","context":"In &quot;Touren&quot;","block_context":{"text":"Touren","link":"https:\/\/willi-junker.de\/dachs\/?cat=3"},"img":{"alt_text":"","src":"https:\/\/i0.wp.com\/willi-junker.de\/dachs\/wp-content\/uploads\/2017\/07\/wp-image-534442104.jpg?resize=350%2C200","width":350,"height":200,"srcset":"https:\/\/i0.wp.com\/willi-junker.de\/dachs\/wp-content\/uploads\/2017\/07\/wp-image-534442104.jpg?resize=350%2C200 1x, https:\/\/i0.wp.com\/willi-junker.de\/dachs\/wp-content\/uploads\/2017\/07\/wp-image-534442104.jpg?resize=525%2C300 1.5x, https:\/\/i0.wp.com\/willi-junker.de\/dachs\/wp-content\/uploads\/2017\/07\/wp-image-534442104.jpg?resize=700%2C400 2x, https:\/\/i0.wp.com\/willi-junker.de\/dachs\/wp-content\/uploads\/2017\/07\/wp-image-534442104.jpg?resize=1050%2C600 3x, https:\/\/i0.wp.com\/willi-junker.de\/dachs\/wp-content\/uploads\/2017\/07\/wp-image-534442104.jpg?resize=1400%2C800 4x"},"classes":[]}],"_links":{"self":[{"href":"https:\/\/willi-junker.de\/dachs\/index.php?rest_route=\/wp\/v2\/posts\/406","targetHints":{"allow":["GET"]}}],"collection":[{"href":"https:\/\/willi-junker.de\/dachs\/index.php?rest_route=\/wp\/v2\/posts"}],"about":[{"href":"https:\/\/willi-junker.de\/dachs\/index.php?rest_route=\/wp\/v2\/types\/post"}],"author":[{"embeddable":true,"href":"https:\/\/willi-junker.de\/dachs\/index.php?rest_route=\/wp\/v2\/users\/1"}],"replies":[{"embeddable":true,"href":"https:\/\/willi-junker.de\/dachs\/index.php?rest_route=%2Fwp%2Fv2%2Fcomments&post=406"}],"version-history":[{"count":1,"href":"https:\/\/willi-junker.de\/dachs\/index.php?rest_route=\/wp\/v2\/posts\/406\/revisions"}],"predecessor-version":[{"id":432,"href":"https:\/\/willi-junker.de\/dachs\/index.php?rest_route=\/wp\/v2\/posts\/406\/revisions\/432"}],"wp:attachment":[{"href":"https:\/\/willi-junker.de\/dachs\/index.php?rest_route=%2Fwp%2Fv2%2Fmedia&parent=406"}],"wp:term":[{"taxonomy":"category","embeddable":true,"href":"https:\/\/willi-junker.de\/dachs\/index.php?rest_route=%2Fwp%2Fv2%2Fcategories&post=406"},{"taxonomy":"post_tag","embeddable":true,"href":"https:\/\/willi-junker.de\/dachs\/index.php?rest_route=%2Fwp%2Fv2%2Ftags&post=406"}],"curies":[{"name":"wp","href":"https:\/\/api.w.org\/{rel}","templated":true}]}}