{"id":402,"date":"2011-07-01T14:15:30","date_gmt":"2011-07-01T12:15:30","guid":{"rendered":"http:\/\/willi-junker.de\/dachs\/?p=402"},"modified":"2011-07-04T21:59:05","modified_gmt":"2011-07-04T19:59:05","slug":"1400-uhr-barenbrunner-hof","status":"publish","type":"post","link":"https:\/\/willi-junker.de\/dachs\/?p=402","title":{"rendered":"14:00 Uhr &#8211; B\u00e4renbrunner Hof"},"content":{"rendered":"<p>Nach dem 2. Gewitter und dem 3. Regenschauer sitze ich nun bei strahlendem Sonnenschein auf der Terrasse des B\u00e4renbrunner Hofes. Gehe dann weiter Richtung Wasgauh\u00fctte.<\/p>\n<p><a href=\"https:\/\/i0.wp.com\/willi-junker.de\/dachs\/wp-content\/uploads\/2011\/07\/wpid-IMAG06971.jpg?ssl=1\"><img data-recalc-dims=\"1\" decoding=\"async\" style=\"display: block; margin-right: auto; margin-left: auto;\" src=\"https:\/\/i0.wp.com\/willi-junker.de\/dachs\/wp-content\/uploads\/2011\/07\/wpid-IMAG0697.jpg?w=640&#038;ssl=1\" alt=\"image\" \/><\/a><\/p>\n","protected":false},"excerpt":{"rendered":"<p>Nach dem 2. Gewitter und dem 3. Regenschauer sitze ich nun bei strahlendem Sonnenschein auf der Terrasse des B\u00e4renbrunner Hofes. Gehe dann weiter Richtung Wasgauh\u00fctte.<\/p>\n","protected":false},"author":1,"featured_media":0,"comment_status":"open","ping_status":"open","sticky":false,"template":"","format":"standard","meta":{"_crdt_document":"","jetpack_post_was_ever_published":false,"_jetpack_newsletter_access":"","_jetpack_dont_email_post_to_subs":false,"_jetpack_newsletter_tier_id":0,"_jetpack_memberships_contains_paywalled_content":false,"_jetpack_memberships_contains_paid_content":false,"footnotes":"","jetpack_publicize_message":"","jetpack_publicize_feature_enabled":true,"jetpack_social_post_already_shared":false,"jetpack_social_options":{"image_generator_settings":{"template":"highway","default_image_id":0,"font":"","enabled":false},"version":2}},"categories":[3],"tags":[],"class_list":["post-402","post","type-post","status-publish","format-standard","hentry","category-touren"],"jetpack_publicize_connections":[],"jetpack_featured_media_url":"","jetpack_sharing_enabled":true,"jetpack_shortlink":"https:\/\/wp.me\/p73o9s-6u","jetpack-related-posts":[{"id":3357,"url":"https:\/\/willi-junker.de\/dachs\/?p=3357","url_meta":{"origin":402,"position":0},"title":"16:30 Uhr &#8211; H\u00f6chen &#8211; H\u00f6cherberghaus","author":"Willi","date":"22.06.2016","format":false,"excerpt":"Sitze auf einer Bergkuppe. War ganz sch\u00f6n steil hier hoch. Bin der einzige Gast im Haus. Drau\u00dfen ist aber noch einiges los. Bin von Lauterecken weiter dem Glan und dem gleichnamigen Radweg\u00a0 gefolgt. Ab Waldmohr dann dem Glan-Blies-Radweg und sp\u00e4ter dem Saarland-Rundweg. Ab J\u00e4gersburg wurde es dann anstrengend. \u00dcber verwunschene\u2026","rel":"","context":"In &quot;Touren&quot;","block_context":{"text":"Touren","link":"https:\/\/willi-junker.de\/dachs\/?cat=3"},"img":{"alt_text":"","src":"","width":0,"height":0},"classes":[]},{"id":2795,"url":"https:\/\/willi-junker.de\/dachs\/?p=2795","url_meta":{"origin":402,"position":1},"title":"19:30 Uhr &#8211; Neues Etappenziel erreicht","author":"Willi","date":"28.08.2015","format":false,"excerpt":"Gestern habe ich noch garnicht so recht daran gedacht und jetzt sitze ich in meinem Lieblingsrestaurant, dem Sal F\u00ebur. Ich bin in Ladinien, was zu Beginn meiner Wanderplanungen eigentlich als Ziel nicht auf dem Plan stand. Gestern, nach dem gro\u00dfen Funkloch im Radurschltal wurde ich von der Nachricht \u00fcberrascht, das\u2026","rel":"","context":"In &quot;Touren&quot;","block_context":{"text":"Touren","link":"https:\/\/willi-junker.de\/dachs\/?cat=3"},"img":{"alt_text":"","src":"","width":0,"height":0},"classes":[]},{"id":1020,"url":"https:\/\/willi-junker.de\/dachs\/?p=1020","url_meta":{"origin":402,"position":2},"title":"Heute sind wir auf dem Weg 3 unterwegs","author":"Willi","date":"09.09.2012","format":false,"excerpt":"Nach dem Fr\u00fchst\u00fcck und dem Packen sind wir wieder unterwegs.","rel":"","context":"In &quot;Touren&quot;","block_context":{"text":"Touren","link":"https:\/\/willi-junker.de\/dachs\/?cat=3"},"img":{"alt_text":"","src":"","width":0,"height":0},"classes":[]},{"id":1731,"url":"https:\/\/willi-junker.de\/dachs\/?p=1731","url_meta":{"origin":402,"position":3},"title":"Auf dem Weg zur Mahlknecht-H\u00fctte &#8211; 10:00 Uhr","author":"Willi","date":"26.08.2014","format":false,"excerpt":"Bin heute Morgen mit dem Bus nach St. Ulrich und mit dem Lift hinauf zur Seiser Alm. Die Alm hab ich dann z\u00fcgig gequert bis kurz vor die Goldknopfh\u00fctte.","rel":"","context":"In &quot;Touren&quot;","block_context":{"text":"Touren","link":"https:\/\/willi-junker.de\/dachs\/?cat=3"},"img":{"alt_text":"","src":"","width":0,"height":0},"classes":[]},{"id":4614,"url":"https:\/\/willi-junker.de\/dachs\/?p=4614","url_meta":{"origin":402,"position":4},"title":"Tag 7 &#8211; Abschluss Laubachtreffen und R\u00fcckradeln nach Laubach  (Hunsr\u00fcck)","author":"Willi","date":"01.07.2018","format":false,"excerpt":"Nach dem Auschecken aus dem Hotel geht es mit dem Rad hoch nach Laubach. Dort beginnt der Tag mit einem Gottesdienst. Danach treffen sich alle wieder im Festzelt. Ein Fanfarenzug begleitet uns bis zum Mittagessen. Mit dem Mittagessen ist dann der gemeinschaftliche Teil beendet. Die Gruppen verlassen das Gel\u00e4nde. Das\u2026","rel":"","context":"In &quot;Touren&quot;","block_context":{"text":"Touren","link":"https:\/\/willi-junker.de\/dachs\/?cat=3"},"img":{"alt_text":"","src":"https:\/\/i0.wp.com\/willi-junker.de\/dachs\/wp-content\/uploads\/2018\/07\/20180701_104343-1698325026.jpg?resize=350%2C200","width":350,"height":200,"srcset":"https:\/\/i0.wp.com\/willi-junker.de\/dachs\/wp-content\/uploads\/2018\/07\/20180701_104343-1698325026.jpg?resize=350%2C200 1x, https:\/\/i0.wp.com\/willi-junker.de\/dachs\/wp-content\/uploads\/2018\/07\/20180701_104343-1698325026.jpg?resize=525%2C300 1.5x, https:\/\/i0.wp.com\/willi-junker.de\/dachs\/wp-content\/uploads\/2018\/07\/20180701_104343-1698325026.jpg?resize=700%2C400 2x, https:\/\/i0.wp.com\/willi-junker.de\/dachs\/wp-content\/uploads\/2018\/07\/20180701_104343-1698325026.jpg?resize=1050%2C600 3x, https:\/\/i0.wp.com\/willi-junker.de\/dachs\/wp-content\/uploads\/2018\/07\/20180701_104343-1698325026.jpg?resize=1400%2C800 4x"},"classes":[]},{"id":968,"url":"https:\/\/willi-junker.de\/dachs\/?p=968","url_meta":{"origin":402,"position":5},"title":"Tagesabschluss auf der Sangon-H\u00fctte","author":"Willi","date":"06.07.2012","format":false,"excerpt":"Nach dem Besuch der Seiser Alm fahren wir mit dem Lift zur\u00fcck nach St. Ulrich, mit dem Bus nach St. Christina und laufen dann hoch zur Talstation der Col Raiser-Bahn. An der Bergstation kommen wir gegen 17:10 Uhr an. Dann geht es im Laufschritt abw\u00e4rts zur Sangon-H\u00fctte. Es beginnt wieder\u2026","rel":"","context":"In &quot;Touren&quot;","block_context":{"text":"Touren","link":"https:\/\/willi-junker.de\/dachs\/?cat=3"},"img":{"alt_text":"","src":"","width":0,"height":0},"classes":[]}],"_links":{"self":[{"href":"https:\/\/willi-junker.de\/dachs\/index.php?rest_route=\/wp\/v2\/posts\/402","targetHints":{"allow":["GET"]}}],"collection":[{"href":"https:\/\/willi-junker.de\/dachs\/index.php?rest_route=\/wp\/v2\/posts"}],"about":[{"href":"https:\/\/willi-junker.de\/dachs\/index.php?rest_route=\/wp\/v2\/types\/post"}],"author":[{"embeddable":true,"href":"https:\/\/willi-junker.de\/dachs\/index.php?rest_route=\/wp\/v2\/users\/1"}],"replies":[{"embeddable":true,"href":"https:\/\/willi-junker.de\/dachs\/index.php?rest_route=%2Fwp%2Fv2%2Fcomments&post=402"}],"version-history":[{"count":1,"href":"https:\/\/willi-junker.de\/dachs\/index.php?rest_route=\/wp\/v2\/posts\/402\/revisions"}],"predecessor-version":[{"id":434,"href":"https:\/\/willi-junker.de\/dachs\/index.php?rest_route=\/wp\/v2\/posts\/402\/revisions\/434"}],"wp:attachment":[{"href":"https:\/\/willi-junker.de\/dachs\/index.php?rest_route=%2Fwp%2Fv2%2Fmedia&parent=402"}],"wp:term":[{"taxonomy":"category","embeddable":true,"href":"https:\/\/willi-junker.de\/dachs\/index.php?rest_route=%2Fwp%2Fv2%2Fcategories&post=402"},{"taxonomy":"post_tag","embeddable":true,"href":"https:\/\/willi-junker.de\/dachs\/index.php?rest_route=%2Fwp%2Fv2%2Ftags&post=402"}],"curies":[{"name":"wp","href":"https:\/\/api.w.org\/{rel}","templated":true}]}}