{"id":393,"date":"2011-06-30T17:44:59","date_gmt":"2011-06-30T15:44:59","guid":{"rendered":"http:\/\/willi-junker.de\/dachs\/?p=393"},"modified":"2011-07-04T22:01:57","modified_gmt":"2011-07-04T20:01:57","slug":"1515-uhr-la-brementelle","status":"publish","type":"post","link":"https:\/\/willi-junker.de\/dachs\/?p=393","title":{"rendered":"15:15 Uhr &#8211; La Brementelle"},"content":{"rendered":"<p>Bin kurz vor der Grenze bei Ludwigswinkel. Hab richtig sch\u00f6ne Wege gefunden. Besonders die D 87a. Viele Kilometer auf schmalem Teerband durch die Nordvogesen. Hab jetzt 88 km zur\u00fcck gelegt.<\/p>\n","protected":false},"excerpt":{"rendered":"<p>Bin kurz vor der Grenze bei Ludwigswinkel. Hab richtig sch\u00f6ne Wege gefunden. Besonders die D 87a. Viele Kilometer auf schmalem Teerband durch die Nordvogesen. Hab jetzt 88 km zur\u00fcck gelegt.<\/p>\n","protected":false},"author":1,"featured_media":0,"comment_status":"open","ping_status":"open","sticky":false,"template":"","format":"standard","meta":{"_crdt_document":"","jetpack_post_was_ever_published":false,"_jetpack_newsletter_access":"","_jetpack_dont_email_post_to_subs":false,"_jetpack_newsletter_tier_id":0,"_jetpack_memberships_contains_paywalled_content":false,"_jetpack_memberships_contains_paid_content":false,"footnotes":"","jetpack_publicize_message":"","jetpack_publicize_feature_enabled":true,"jetpack_social_post_already_shared":false,"jetpack_social_options":{"image_generator_settings":{"template":"highway","default_image_id":0,"font":"","enabled":false},"version":2}},"categories":[3],"tags":[],"class_list":["post-393","post","type-post","status-publish","format-standard","hentry","category-touren"],"jetpack_publicize_connections":[],"jetpack_featured_media_url":"","jetpack_sharing_enabled":true,"jetpack_shortlink":"https:\/\/wp.me\/p73o9s-6l","jetpack-related-posts":[{"id":1710,"url":"https:\/\/willi-junker.de\/dachs\/?p=1710","url_meta":{"origin":393,"position":0},"title":"18:35 Uhr &#8211; Ziel fast erreicht","author":"Willi","date":"25.08.2014","format":false,"excerpt":"Sitze 100 m \u00fcber Wolkenstein. Das Wetter ist mal wieder m\u00e4\u00dfig, aber zumindest bin ich nicht mehr am Frieren. Klimaerw\u00e4rmung hab ich mir anders vorgestellt. In den H\u00f6henlagen ist der Sommer komplett ausgefallen. Die 9 Meter Schnee vom Winter versperren noch einige Wege und Rinnen. Hab heute 1000 H\u00f6henmeter und\u2026","rel":"","context":"In &quot;Touren&quot;","block_context":{"text":"Touren","link":"https:\/\/willi-junker.de\/dachs\/?cat=3"},"img":{"alt_text":"","src":"","width":0,"height":0},"classes":[]},{"id":714,"url":"https:\/\/willi-junker.de\/dachs\/?p=714","url_meta":{"origin":393,"position":1},"title":"18:15 Uhr &#8211; Laubach","author":"Willi","date":"17.05.2012","format":false,"excerpt":"Nach 9 Stunden und 6 Minuten hab ich Laubach wieder erreicht. Auf der Strecke zwischen Krehersh\u00e4uschen und Argenthal hatte ich ein paar Orientierungsprobleme. Den Weg durch die Glash\u00fctter Wiesen hat ein EU-Renaturierungsprojekt aufgel\u00f6st. Pl\u00f6tzlich nur noch Schlamm. Hier hab ich eine ganze Stunde verloren. Au\u00dferdem sind dort schon einige der\u2026","rel":"","context":"In &quot;Touren&quot;","block_context":{"text":"Touren","link":"https:\/\/willi-junker.de\/dachs\/?cat=3"},"img":{"alt_text":"H\u00f6henprofil","src":"https:\/\/i0.wp.com\/willi-junker.de\/dachs\/wp-content\/uploads\/2012\/05\/x_hoehenprofil-500x299.jpg?resize=350%2C200","width":350,"height":200},"classes":[]},{"id":1364,"url":"https:\/\/willi-junker.de\/dachs\/?p=1364","url_meta":{"origin":393,"position":2},"title":"Ein ruhiger Abschluss auf der Seceda","author":"Willi","date":"28.07.2013","format":false,"excerpt":"Heute bin ich gehen 9 Uhr mit dem Bus nach St. Ulrich und dann mit der Seilbahn hoch auf die Seceda. Es ist mal wieder einfach nur heiss. Oben bin ich langsam an der Abbruchkante zum Villn\u00f6sstal entlang gelaufen und dann hinab zur Trojer Alm. Dort hab ich dann bei\u2026","rel":"","context":"In &quot;Touren&quot;","block_context":{"text":"Touren","link":"https:\/\/willi-junker.de\/dachs\/?cat=3"},"img":{"alt_text":"","src":"","width":0,"height":0},"classes":[]},{"id":3877,"url":"https:\/\/willi-junker.de\/dachs\/?p=3877","url_meta":{"origin":393,"position":3},"title":"7. Skitag &#8211; Das n\u00e4chste Extrem","author":"Willi","date":"10.03.2017","format":false,"excerpt":"Heute fliegt alles weg, was nicht niet- und nagelfest ist. Toller Sonnenschein und Orkan.Die gro\u00dfen Lifte laufen nur eingeschr\u00e4nkt, die Sella-Ronda ist geschlossen. Hab mich ins Val (Langental) verkr\u00fcmelt. Knallharte Pisten. Selbst auf schwarzen Pisten muss man aufpassen, dass man nicht den Berg hoch geschoben wird \ud83d\ude01. Hab mich dann\u2026","rel":"","context":"In &quot;Touren&quot;","block_context":{"text":"Touren","link":"https:\/\/willi-junker.de\/dachs\/?cat=3"},"img":{"alt_text":"","src":"https:\/\/i0.wp.com\/willi-junker.de\/dachs\/wp-content\/uploads\/2017\/03\/wp-image-1082581161jpg.jpg?resize=350%2C200","width":350,"height":200,"srcset":"https:\/\/i0.wp.com\/willi-junker.de\/dachs\/wp-content\/uploads\/2017\/03\/wp-image-1082581161jpg.jpg?resize=350%2C200 1x, https:\/\/i0.wp.com\/willi-junker.de\/dachs\/wp-content\/uploads\/2017\/03\/wp-image-1082581161jpg.jpg?resize=525%2C300 1.5x, https:\/\/i0.wp.com\/willi-junker.de\/dachs\/wp-content\/uploads\/2017\/03\/wp-image-1082581161jpg.jpg?resize=700%2C400 2x"},"classes":[]},{"id":1974,"url":"https:\/\/willi-junker.de\/dachs\/?p=1974","url_meta":{"origin":393,"position":4},"title":"Schmausem\u00fchle","author":"Willi","date":"01.11.2014","format":false,"excerpt":"Nach gut 18 km sitze ich auf der Schmausem\u00fchle. Hab noch einen Abstecher \u00fcber die Rabenlay- und die Baybach-Traumschleife gemacht. Nach kurzer Pause geht es dann zur\u00fcck nach Bickenbach.","rel":"","context":"In &quot;Touren&quot;","block_context":{"text":"Touren","link":"https:\/\/willi-junker.de\/dachs\/?cat=3"},"img":{"alt_text":"","src":"","width":0,"height":0},"classes":[]},{"id":2622,"url":"https:\/\/willi-junker.de\/dachs\/?p=2622","url_meta":{"origin":393,"position":5},"title":"16:00 Uhr &#8211; Baad im Kleinwalsertal","author":"Willi","date":"21.08.2015","format":false,"excerpt":"Der Abstieg von der Ochsenhofer Scharte kam mir zu pl\u00f6tzlich. Ich will die Landschaft noch l\u00e4nger genie\u00dfen. Au\u00dferdem bin ich gut eine Stunde vor meinem Zeitplan. So laufe ich noch r\u00fcber zum Starzeljoch. So kann ich noch runter ins Tal nach Schopperau gucken. Die Wiesenberge hier sind schon was Besonderes.\u2026","rel":"","context":"In &quot;Touren&quot;","block_context":{"text":"Touren","link":"https:\/\/willi-junker.de\/dachs\/?cat=3"},"img":{"alt_text":"","src":"","width":0,"height":0},"classes":[]}],"_links":{"self":[{"href":"https:\/\/willi-junker.de\/dachs\/index.php?rest_route=\/wp\/v2\/posts\/393","targetHints":{"allow":["GET"]}}],"collection":[{"href":"https:\/\/willi-junker.de\/dachs\/index.php?rest_route=\/wp\/v2\/posts"}],"about":[{"href":"https:\/\/willi-junker.de\/dachs\/index.php?rest_route=\/wp\/v2\/types\/post"}],"author":[{"embeddable":true,"href":"https:\/\/willi-junker.de\/dachs\/index.php?rest_route=\/wp\/v2\/users\/1"}],"replies":[{"embeddable":true,"href":"https:\/\/willi-junker.de\/dachs\/index.php?rest_route=%2Fwp%2Fv2%2Fcomments&post=393"}],"version-history":[{"count":1,"href":"https:\/\/willi-junker.de\/dachs\/index.php?rest_route=\/wp\/v2\/posts\/393\/revisions"}],"predecessor-version":[{"id":438,"href":"https:\/\/willi-junker.de\/dachs\/index.php?rest_route=\/wp\/v2\/posts\/393\/revisions\/438"}],"wp:attachment":[{"href":"https:\/\/willi-junker.de\/dachs\/index.php?rest_route=%2Fwp%2Fv2%2Fmedia&parent=393"}],"wp:term":[{"taxonomy":"category","embeddable":true,"href":"https:\/\/willi-junker.de\/dachs\/index.php?rest_route=%2Fwp%2Fv2%2Fcategories&post=393"},{"taxonomy":"post_tag","embeddable":true,"href":"https:\/\/willi-junker.de\/dachs\/index.php?rest_route=%2Fwp%2Fv2%2Ftags&post=393"}],"curies":[{"name":"wp","href":"https:\/\/api.w.org\/{rel}","templated":true}]}}