{"id":389,"date":"2011-06-30T12:00:23","date_gmt":"2011-06-30T10:00:23","guid":{"rendered":"http:\/\/willi-junker.de\/dachs\/?p=389"},"modified":"2011-07-04T22:03:53","modified_gmt":"2011-07-04T20:03:53","slug":"0900-uhr-abfahrt-mit-dem-rad","status":"publish","type":"post","link":"https:\/\/willi-junker.de\/dachs\/?p=389","title":{"rendered":"09:00 Uhr &#8211; Abfahrt mit dem Rad"},"content":{"rendered":"<p>Hinab durch da\u00df Wieslautertal fahre ich nach Sch\u00f6nau. Hier quere ich die Grenze nach Frankreich. Nun folge ich der Sauer bis nach Morsbronn.<\/p>\n<p><a href=\"https:\/\/i0.wp.com\/willi-junker.de\/dachs\/wp-content\/uploads\/2011\/06\/wpid-IMAG06851.jpg?ssl=1\"><img data-recalc-dims=\"1\" decoding=\"async\" style=\"display: block; margin-right: auto; margin-left: auto;\" src=\"https:\/\/i0.wp.com\/willi-junker.de\/dachs\/wp-content\/uploads\/2011\/06\/wpid-IMAG0685.jpg?w=640&#038;ssl=1\" alt=\"image\" \/><\/a><\/p>\n","protected":false},"excerpt":{"rendered":"<p>Hinab durch da\u00df Wieslautertal fahre ich nach Sch\u00f6nau. Hier quere ich die Grenze nach Frankreich. Nun folge ich der Sauer bis nach Morsbronn.<\/p>\n","protected":false},"author":1,"featured_media":0,"comment_status":"open","ping_status":"open","sticky":false,"template":"","format":"standard","meta":{"_crdt_document":"","jetpack_post_was_ever_published":false,"_jetpack_newsletter_access":"","_jetpack_dont_email_post_to_subs":false,"_jetpack_newsletter_tier_id":0,"_jetpack_memberships_contains_paywalled_content":false,"_jetpack_memberships_contains_paid_content":false,"footnotes":"","jetpack_publicize_message":"","jetpack_publicize_feature_enabled":true,"jetpack_social_post_already_shared":false,"jetpack_social_options":{"image_generator_settings":{"template":"highway","default_image_id":0,"font":"","enabled":false},"version":2}},"categories":[3],"tags":[],"class_list":["post-389","post","type-post","status-publish","format-standard","hentry","category-touren"],"jetpack_publicize_connections":[],"jetpack_featured_media_url":"","jetpack_sharing_enabled":true,"jetpack_shortlink":"https:\/\/wp.me\/p73o9s-6h","jetpack-related-posts":[{"id":5592,"url":"https:\/\/willi-junker.de\/dachs\/?p=5592","url_meta":{"origin":389,"position":0},"title":"Tour de Selz &#8211; etwas erweitert","author":"Willi","date":"23.07.2022","format":false,"excerpt":"Am heutigen Samstag starte ich um kurz nach sieben Uhr mit dem Fahrrad in Laubach. Es geht \u00fcber den Schinderhannesradweg in Alterk\u00fclz bis nach Tiefenbach. Dann auf die Landstra\u00dfe \u00fcber den Soonwald bis nach Waldb\u00f6ckelheim und weiter nach Boos und zur Nahe. Kurz darauf erreiche ich den Glan, den ich\u2026","rel":"","context":"In &quot;Touren&quot;","block_context":{"text":"Touren","link":"https:\/\/willi-junker.de\/dachs\/?cat=3"},"img":{"alt_text":"","src":"https:\/\/i0.wp.com\/willi-junker.de\/dachs\/wp-content\/uploads\/2022\/07\/img_20220723_101359_195388790826312818-scaled.jpg?resize=350%2C200&ssl=1","width":350,"height":200,"srcset":"https:\/\/i0.wp.com\/willi-junker.de\/dachs\/wp-content\/uploads\/2022\/07\/img_20220723_101359_195388790826312818-scaled.jpg?resize=350%2C200&ssl=1 1x, https:\/\/i0.wp.com\/willi-junker.de\/dachs\/wp-content\/uploads\/2022\/07\/img_20220723_101359_195388790826312818-scaled.jpg?resize=525%2C300&ssl=1 1.5x, https:\/\/i0.wp.com\/willi-junker.de\/dachs\/wp-content\/uploads\/2022\/07\/img_20220723_101359_195388790826312818-scaled.jpg?resize=700%2C400&ssl=1 2x, https:\/\/i0.wp.com\/willi-junker.de\/dachs\/wp-content\/uploads\/2022\/07\/img_20220723_101359_195388790826312818-scaled.jpg?resize=1050%2C600&ssl=1 3x, https:\/\/i0.wp.com\/willi-junker.de\/dachs\/wp-content\/uploads\/2022\/07\/img_20220723_101359_195388790826312818-scaled.jpg?resize=1400%2C800&ssl=1 4x"},"classes":[]},{"id":1291,"url":"https:\/\/willi-junker.de\/dachs\/?p=1291","url_meta":{"origin":389,"position":1},"title":"St. Jakob im Defereggen &#8211; geschummelt","author":"Willi","date":"18.07.2013","format":false,"excerpt":"Kurz nach sechs in der Fr\u00fch werden die Arbeiter munter, ich auch. Schon kurz vor sieben sitze ich beim Fr\u00fchst\u00fcck. Die 4 Bayern verhalten sich noch ruhig. Um acht Uhr stehe ich Abmarschbereit vor der H\u00fctte. Es hat kr\u00e4ftig geregnet und der Gebirgsbach ist noch wilder und schmutziger. Nach 15\u2026","rel":"","context":"In &quot;Touren&quot;","block_context":{"text":"Touren","link":"https:\/\/willi-junker.de\/dachs\/?cat=3"},"img":{"alt_text":"","src":"","width":0,"height":0},"classes":[]},{"id":1235,"url":"https:\/\/willi-junker.de\/dachs\/?p=1235","url_meta":{"origin":389,"position":2},"title":"Wolkenstein","author":"Willi","date":"13.07.2013","format":false,"excerpt":"Ich bin gestern Abend um 21:15 Uhr in Laubach losgefahren und heute Morgen p\u00fcnktlich um 8:00 Uhr zum Fr\u00fchst\u00fcck in Wolkenstein eingetroffen. Nach dem Fr\u00fchst\u00fcck ging es dann schnell zum Bus, der um 09:22 Uhr in Richtung Corvara startet. In Corvara ist dann Umsteigen angesagt nach Bruneck. Dort umsteigen in\u2026","rel":"","context":"In &quot;Touren&quot;","block_context":{"text":"Touren","link":"https:\/\/willi-junker.de\/dachs\/?cat=3"},"img":{"alt_text":"","src":"","width":0,"height":0},"classes":[]},{"id":2431,"url":"https:\/\/willi-junker.de\/dachs\/?p=2431","url_meta":{"origin":389,"position":3},"title":"13:45 Uhr &#8211; Abreise","author":"Willi","date":"28.06.2015","format":false,"excerpt":"Nach und nach verlassen alle Laubacher den Ort. Ab 13:45 Uhr bin auch ich dabei. Noch ein letzter Blick auf's Ortsschild und es geht steil hinab an die Werra. Ihr folge ich nun aufw\u00e4rts in Richtung Eisenach. Bis dorthin d\u00fcrften es in etwa 100 km sein. Kurz nach Witzenhausen fahre\u2026","rel":"","context":"In &quot;Touren&quot;","block_context":{"text":"Touren","link":"https:\/\/willi-junker.de\/dachs\/?cat=3"},"img":{"alt_text":"","src":"","width":0,"height":0},"classes":[]},{"id":2581,"url":"https:\/\/willi-junker.de\/dachs\/?p=2581","url_meta":{"origin":389,"position":4},"title":"17:00 Lingenau","author":"Willi","date":"19.08.2015","format":false,"excerpt":"Bin in einem Ort, der garnicht in meiner Planung lag. Ich bin nach Alberschwende immer sch\u00f6n dem Wanderweg nachgelaufen und war ein ganzes St\u00fcck vor meinem Zeitplan. Au\u00dferdem wollte ich wegen dem Nebel nicht mehr hoch in die Berge und bin so auf halber H\u00f6he gelaufen. Mein Tagesziel war Egg.\u2026","rel":"","context":"In &quot;Touren&quot;","block_context":{"text":"Touren","link":"https:\/\/willi-junker.de\/dachs\/?cat=3"},"img":{"alt_text":"","src":"","width":0,"height":0},"classes":[]},{"id":895,"url":"https:\/\/willi-junker.de\/dachs\/?p=895","url_meta":{"origin":389,"position":5},"title":"Aufstieg zur Wei\u00dfen Wand","author":"Willi","date":"29.06.2012","format":false,"excerpt":"Diesen Tag hab ich wohl etwas untersch\u00e4tzt. Um 09:30 Uhr verlasse ich Kasern. Letzte Nacht war ich wohl der einzige Deutschlandfan im Gasthof. Das lie\u00df mich Igor, der Chef, beim Abmarsch deutlich sp\u00fcren ;-) Direkt nach Kasern sind erstmals 500 H\u00f6henmeter zu erklimmen, die sehr steil sind. Dann zieht sich\u2026","rel":"","context":"In &quot;Touren&quot;","block_context":{"text":"Touren","link":"https:\/\/willi-junker.de\/dachs\/?cat=3"},"img":{"alt_text":"","src":"","width":0,"height":0},"classes":[]}],"_links":{"self":[{"href":"https:\/\/willi-junker.de\/dachs\/index.php?rest_route=\/wp\/v2\/posts\/389","targetHints":{"allow":["GET"]}}],"collection":[{"href":"https:\/\/willi-junker.de\/dachs\/index.php?rest_route=\/wp\/v2\/posts"}],"about":[{"href":"https:\/\/willi-junker.de\/dachs\/index.php?rest_route=\/wp\/v2\/types\/post"}],"author":[{"embeddable":true,"href":"https:\/\/willi-junker.de\/dachs\/index.php?rest_route=\/wp\/v2\/users\/1"}],"replies":[{"embeddable":true,"href":"https:\/\/willi-junker.de\/dachs\/index.php?rest_route=%2Fwp%2Fv2%2Fcomments&post=389"}],"version-history":[{"count":2,"href":"https:\/\/willi-junker.de\/dachs\/index.php?rest_route=\/wp\/v2\/posts\/389\/revisions"}],"predecessor-version":[{"id":441,"href":"https:\/\/willi-junker.de\/dachs\/index.php?rest_route=\/wp\/v2\/posts\/389\/revisions\/441"}],"wp:attachment":[{"href":"https:\/\/willi-junker.de\/dachs\/index.php?rest_route=%2Fwp%2Fv2%2Fmedia&parent=389"}],"wp:term":[{"taxonomy":"category","embeddable":true,"href":"https:\/\/willi-junker.de\/dachs\/index.php?rest_route=%2Fwp%2Fv2%2Fcategories&post=389"},{"taxonomy":"post_tag","embeddable":true,"href":"https:\/\/willi-junker.de\/dachs\/index.php?rest_route=%2Fwp%2Fv2%2Ftags&post=389"}],"curies":[{"name":"wp","href":"https:\/\/api.w.org\/{rel}","templated":true}]}}