{"id":382,"date":"2011-06-29T17:51:46","date_gmt":"2011-06-29T15:51:46","guid":{"rendered":"http:\/\/willi-junker.de\/dachs\/?p=382"},"modified":"2011-07-04T22:04:59","modified_gmt":"2011-07-04T20:04:59","slug":"1530-uhr-pwv-hutte-dicke-eiche","status":"publish","type":"post","link":"https:\/\/willi-junker.de\/dachs\/?p=382","title":{"rendered":"15:30 Uhr &#8211; PWV-H\u00fctte &#8222;Dicke Eiche&#8220;"},"content":{"rendered":"<p>P\u00fcnktlich mit dem st\u00e4rker werdendem Regen erreiche ich die H\u00fctte. Sie ist nur mittwochs und am Wochenende ge\u00f6ffnet.\u00a0 Bis jetzt habe ich 24 km gelaufen.<\/p>\n<p><a href=\"https:\/\/i0.wp.com\/willi-junker.de\/dachs\/wp-content\/uploads\/2011\/06\/wpid-IMAG06841.jpg?ssl=1\"><img data-recalc-dims=\"1\" decoding=\"async\" style=\"display: block; margin-right: auto; margin-left: auto;\" src=\"https:\/\/i0.wp.com\/willi-junker.de\/dachs\/wp-content\/uploads\/2011\/06\/wpid-IMAG0684.jpg?w=640&#038;ssl=1\" alt=\"image\" \/><\/a><\/p>\n","protected":false},"excerpt":{"rendered":"<p>P\u00fcnktlich mit dem st\u00e4rker werdendem Regen erreiche ich die H\u00fctte. Sie ist nur mittwochs und am Wochenende ge\u00f6ffnet.\u00a0 Bis jetzt habe ich 24 km gelaufen.<\/p>\n","protected":false},"author":1,"featured_media":0,"comment_status":"open","ping_status":"open","sticky":false,"template":"","format":"standard","meta":{"_crdt_document":"","jetpack_post_was_ever_published":false,"_jetpack_newsletter_access":"","_jetpack_dont_email_post_to_subs":false,"_jetpack_newsletter_tier_id":0,"_jetpack_memberships_contains_paywalled_content":false,"_jetpack_memberships_contains_paid_content":false,"footnotes":"","jetpack_publicize_message":"","jetpack_publicize_feature_enabled":true,"jetpack_social_post_already_shared":false,"jetpack_social_options":{"image_generator_settings":{"template":"highway","default_image_id":0,"font":"","enabled":false},"version":2}},"categories":[3],"tags":[],"class_list":["post-382","post","type-post","status-publish","format-standard","hentry","category-touren"],"jetpack_publicize_connections":[],"jetpack_featured_media_url":"","jetpack_sharing_enabled":true,"jetpack_shortlink":"https:\/\/wp.me\/p73o9s-6a","jetpack-related-posts":[{"id":3497,"url":"https:\/\/willi-junker.de\/dachs\/?p=3497","url_meta":{"origin":382,"position":0},"title":"13:30 Uhr &#8211; Mittag auf der Puez-H\u00fctte","author":"Willi","date":"10.09.2016","format":false,"excerpt":"Mein Mittagessen konnte ich noch vor der H\u00fctte einnehmen, dann musste ich mich aber in die H\u00fctte verziehen. Es regnet.","rel":"","context":"In &quot;Touren&quot;","block_context":{"text":"Touren","link":"https:\/\/willi-junker.de\/dachs\/?cat=3"},"img":{"alt_text":"","src":"https:\/\/i0.wp.com\/willi-junker.de\/dachs\/wp-content\/uploads\/2016\/09\/wp-image-1211439138jpg.jpg?resize=350%2C200","width":350,"height":200,"srcset":"https:\/\/i0.wp.com\/willi-junker.de\/dachs\/wp-content\/uploads\/2016\/09\/wp-image-1211439138jpg.jpg?resize=350%2C200 1x, https:\/\/i0.wp.com\/willi-junker.de\/dachs\/wp-content\/uploads\/2016\/09\/wp-image-1211439138jpg.jpg?resize=525%2C300 1.5x, https:\/\/i0.wp.com\/willi-junker.de\/dachs\/wp-content\/uploads\/2016\/09\/wp-image-1211439138jpg.jpg?resize=700%2C400 2x"},"classes":[]},{"id":1741,"url":"https:\/\/willi-junker.de\/dachs\/?p=1741","url_meta":{"origin":382,"position":1},"title":"Mahlknecht-H\u00fctte","author":"Willi","date":"26.08.2014","format":false,"excerpt":"In der Tierser Alpl-H\u00fctte bleibe ich eine gute Stunde. Beim Verlassen der H\u00fctte ist die Sicht nahe null. Nebel jagt bei 9 Grad vorbei und es nieselt ganz leicht. Das bleibt auch f\u00fcr den Rest des Tages so. Ich laufe hinab in Richtung Duronpass. Kurz davor kann man schon eine\u2026","rel":"","context":"In &quot;Touren&quot;","block_context":{"text":"Touren","link":"https:\/\/willi-junker.de\/dachs\/?cat=3"},"img":{"alt_text":"","src":"","width":0,"height":0},"classes":[]},{"id":1738,"url":"https:\/\/willi-junker.de\/dachs\/?p=1738","url_meta":{"origin":382,"position":2},"title":"Rosszahnscharte &#8211; Plan\u00e4nderung","author":"Willi","date":"26.08.2014","format":false,"excerpt":"Im Nebel taucht immer wieder die Scharte hinauf in die Rossz\u00e4hne auf. Da kann ich nicht wiederstehen und biege rechts ab. Das verl\u00e4ngert meine Wanderung heute um einige Stunden. Das Ziel ist jetzt nicht mehr die Mahlknecht-H\u00fctte, sondern die Tierser Alpl-H\u00fctte am Rand des Rosengartens. In der Scharte stehe ich\u2026","rel":"","context":"In &quot;Touren&quot;","block_context":{"text":"Touren","link":"https:\/\/willi-junker.de\/dachs\/?cat=3"},"img":{"alt_text":"","src":"","width":0,"height":0},"classes":[]},{"id":4324,"url":"https:\/\/willi-junker.de\/dachs\/?p=4324","url_meta":{"origin":382,"position":3},"title":"Tag 15 &#8211; Juac\u00a0","author":"Willi","date":"02.08.2017","format":false,"excerpt":"Heute habe ich etwas l\u00e4nger gefr\u00fchst\u00fcckt und alles \u00dcberf\u00fcssige ins Auto verpackt, den Rucksack genommen und den Weg hoch zur Juac-H\u00fctte eingeschlagen. Dort bin ich um ca. 11:00 Uhr. Bis ca. 14 Uhr bleibe ich auf der H\u00fctte, dann geht es den gleichen Weg wieder bergab. Unten in der Pension\u2026","rel":"","context":"In &quot;Touren&quot;","block_context":{"text":"Touren","link":"https:\/\/willi-junker.de\/dachs\/?cat=3"},"img":{"alt_text":"","src":"https:\/\/i0.wp.com\/willi-junker.de\/dachs\/wp-content\/uploads\/2017\/08\/wp-image-2126899182.jpg?resize=350%2C200","width":350,"height":200,"srcset":"https:\/\/i0.wp.com\/willi-junker.de\/dachs\/wp-content\/uploads\/2017\/08\/wp-image-2126899182.jpg?resize=350%2C200 1x, https:\/\/i0.wp.com\/willi-junker.de\/dachs\/wp-content\/uploads\/2017\/08\/wp-image-2126899182.jpg?resize=525%2C300 1.5x, https:\/\/i0.wp.com\/willi-junker.de\/dachs\/wp-content\/uploads\/2017\/08\/wp-image-2126899182.jpg?resize=700%2C400 2x, https:\/\/i0.wp.com\/willi-junker.de\/dachs\/wp-content\/uploads\/2017\/08\/wp-image-2126899182.jpg?resize=1050%2C600 3x, https:\/\/i0.wp.com\/willi-junker.de\/dachs\/wp-content\/uploads\/2017\/08\/wp-image-2126899182.jpg?resize=1400%2C800 4x"},"classes":[]},{"id":4026,"url":"https:\/\/willi-junker.de\/dachs\/?p=4026","url_meta":{"origin":382,"position":4},"title":"H\u00fcttenwanderung &#8211; Tag 2","author":"Willi","date":"19.07.2017","format":false,"excerpt":"Um 05:30 Uhr bin ich munter. Ich hab heute Nacht nichts geh\u00f6rt. Nur ein fieser Wadenkrampf hat mich 15 Minuten Schlaf gekostet. Um kurz nach sieben Uhr guckt die Fa. Elikos am Fenster des Gastraums herein. Das ist schon verdammt nah. Aber ebene Fl\u00e4chen gibt es hier kaum und irgendwo\u2026","rel":"","context":"In &quot;Touren&quot;","block_context":{"text":"Touren","link":"https:\/\/willi-junker.de\/dachs\/?cat=3"},"img":{"alt_text":"","src":"https:\/\/i0.wp.com\/willi-junker.de\/dachs\/wp-content\/uploads\/2017\/07\/wp-image-405110363.jpg?resize=350%2C200","width":350,"height":200,"srcset":"https:\/\/i0.wp.com\/willi-junker.de\/dachs\/wp-content\/uploads\/2017\/07\/wp-image-405110363.jpg?resize=350%2C200 1x, https:\/\/i0.wp.com\/willi-junker.de\/dachs\/wp-content\/uploads\/2017\/07\/wp-image-405110363.jpg?resize=525%2C300 1.5x, https:\/\/i0.wp.com\/willi-junker.de\/dachs\/wp-content\/uploads\/2017\/07\/wp-image-405110363.jpg?resize=700%2C400 2x, https:\/\/i0.wp.com\/willi-junker.de\/dachs\/wp-content\/uploads\/2017\/07\/wp-image-405110363.jpg?resize=1050%2C600 3x, https:\/\/i0.wp.com\/willi-junker.de\/dachs\/wp-content\/uploads\/2017\/07\/wp-image-405110363.jpg?resize=1400%2C800 4x"},"classes":[]},{"id":951,"url":"https:\/\/willi-junker.de\/dachs\/?p=951","url_meta":{"origin":382,"position":5},"title":"20:15 Uhr &#8211; Wolkenstein &#8211; Ziel erreicht","author":"Willi","date":"04.07.2012","format":false,"excerpt":"Nach kurzer Einkehr in der Regensburger H\u00fctte laufe ich weiter abw\u00e4rts zur Sangon-H\u00fctte. Es beginnt zu regnen und zu donnern. Kurz nach meinem Eintreffen kommt auch meine Schwester mit den Zwillingen dort an. Dann beginnt starker Regen. Wir essen noch auf der H\u00fctte und wandern danach weiter nach Wolkenstein. Damit\u2026","rel":"","context":"In &quot;Touren&quot;","block_context":{"text":"Touren","link":"https:\/\/willi-junker.de\/dachs\/?cat=3"},"img":{"alt_text":"","src":"","width":0,"height":0},"classes":[]}],"_links":{"self":[{"href":"https:\/\/willi-junker.de\/dachs\/index.php?rest_route=\/wp\/v2\/posts\/382","targetHints":{"allow":["GET"]}}],"collection":[{"href":"https:\/\/willi-junker.de\/dachs\/index.php?rest_route=\/wp\/v2\/posts"}],"about":[{"href":"https:\/\/willi-junker.de\/dachs\/index.php?rest_route=\/wp\/v2\/types\/post"}],"author":[{"embeddable":true,"href":"https:\/\/willi-junker.de\/dachs\/index.php?rest_route=\/wp\/v2\/users\/1"}],"replies":[{"embeddable":true,"href":"https:\/\/willi-junker.de\/dachs\/index.php?rest_route=%2Fwp%2Fv2%2Fcomments&post=382"}],"version-history":[{"count":1,"href":"https:\/\/willi-junker.de\/dachs\/index.php?rest_route=\/wp\/v2\/posts\/382\/revisions"}],"predecessor-version":[{"id":443,"href":"https:\/\/willi-junker.de\/dachs\/index.php?rest_route=\/wp\/v2\/posts\/382\/revisions\/443"}],"wp:attachment":[{"href":"https:\/\/willi-junker.de\/dachs\/index.php?rest_route=%2Fwp%2Fv2%2Fmedia&parent=382"}],"wp:term":[{"taxonomy":"category","embeddable":true,"href":"https:\/\/willi-junker.de\/dachs\/index.php?rest_route=%2Fwp%2Fv2%2Fcategories&post=382"},{"taxonomy":"post_tag","embeddable":true,"href":"https:\/\/willi-junker.de\/dachs\/index.php?rest_route=%2Fwp%2Fv2%2Ftags&post=382"}],"curies":[{"name":"wp","href":"https:\/\/api.w.org\/{rel}","templated":true}]}}