{"id":373,"date":"2011-06-29T14:31:32","date_gmt":"2011-06-29T12:31:32","guid":{"rendered":"http:\/\/willi-junker.de\/dachs\/?p=373"},"modified":"2011-07-04T22:06:22","modified_gmt":"2011-07-04T20:06:22","slug":"1425-uhr-am-trifelsblick","status":"publish","type":"post","link":"https:\/\/willi-junker.de\/dachs\/?p=373","title":{"rendered":"14:25 Uhr &#8211; Am Trifelsblick"},"content":{"rendered":"<p>Bin nach 18 km jetzt hoch \u00fcber Hauenstein. Es regnet leicht, ist heftig schw\u00fcl und scheinbar bin ich das einzige Futter f\u00fcr alle Stechm\u00fccken hier.<\/p>\n<p><a href=\"https:\/\/i0.wp.com\/willi-junker.de\/dachs\/wp-content\/uploads\/2011\/06\/wpid-IMAG06803.jpg?ssl=1\"><img data-recalc-dims=\"1\" decoding=\"async\" style=\"display: block; margin-right: auto; margin-left: auto;\" src=\"https:\/\/i0.wp.com\/willi-junker.de\/dachs\/wp-content\/uploads\/2011\/06\/wpid-IMAG06802.jpg?w=640&#038;ssl=1\" alt=\"image\" \/><\/a><\/p>\n","protected":false},"excerpt":{"rendered":"<p>Bin nach 18 km jetzt hoch \u00fcber Hauenstein. Es regnet leicht, ist heftig schw\u00fcl und scheinbar bin ich das einzige Futter f\u00fcr alle Stechm\u00fccken hier.<\/p>\n","protected":false},"author":1,"featured_media":0,"comment_status":"open","ping_status":"open","sticky":false,"template":"","format":"standard","meta":{"_crdt_document":"","jetpack_post_was_ever_published":false,"_jetpack_newsletter_access":"","_jetpack_dont_email_post_to_subs":false,"_jetpack_newsletter_tier_id":0,"_jetpack_memberships_contains_paywalled_content":false,"_jetpack_memberships_contains_paid_content":false,"footnotes":"","jetpack_publicize_message":"","jetpack_publicize_feature_enabled":true,"jetpack_social_post_already_shared":false,"jetpack_social_options":{"image_generator_settings":{"template":"highway","default_image_id":0,"font":"","enabled":false},"version":2}},"categories":[3],"tags":[],"class_list":["post-373","post","type-post","status-publish","format-standard","hentry","category-touren"],"jetpack_publicize_connections":[],"jetpack_featured_media_url":"","jetpack_sharing_enabled":true,"jetpack_shortlink":"https:\/\/wp.me\/p73o9s-61","jetpack-related-posts":[{"id":2585,"url":"https:\/\/willi-junker.de\/dachs\/?p=2585","url_meta":{"origin":373,"position":0},"title":"10:00 Uhr &#8211; auf dem Weg nach Sibratsgf\u00e4ll","author":"Willi","date":"20.08.2015","format":false,"excerpt":"In der Bildmitte liegt Lingenau. Dort war ich letzte Nacht. Ich bin heute erst um 10:00 Uhr losmarschiert. Zuerst bin ich bis Hittisau an der Stra\u00dfe vorbei, um die heftige Schlucht im S\u00fcden zu umgehen. Von Hittisau bin ich dann in Richtung Sibratsgf\u00e4ll abgebogen um mich immer sch\u00f6n oberhalb der\u2026","rel":"","context":"In &quot;Touren&quot;","block_context":{"text":"Touren","link":"https:\/\/willi-junker.de\/dachs\/?cat=3"},"img":{"alt_text":"","src":"","width":0,"height":0},"classes":[]},{"id":1330,"url":"https:\/\/willi-junker.de\/dachs\/?p=1330","url_meta":{"origin":373,"position":1},"title":"Stern &#8211; La Villa &#8211; fast am Ziel.","author":"Willi","date":"22.07.2013","format":false,"excerpt":"Um 09:15 Uhr sitze ich im Bus und um 10:00 Uhr bin ich wieder an der Peder\u00fc. Die ersten Meter geht es noch flach dahin und dann folgt ein Anstieg, der bis zum sp\u00e4ten Nachmittag nicht mehr aufh\u00f6rt. Gegen Mittag bin ich auf der La Varella H\u00fctte, wo ich kurz\u2026","rel":"","context":"In &quot;Touren&quot;","block_context":{"text":"Touren","link":"https:\/\/willi-junker.de\/dachs\/?cat=3"},"img":{"alt_text":"","src":"","width":0,"height":0},"classes":[]},{"id":1112,"url":"https:\/\/willi-junker.de\/dachs\/?p=1112","url_meta":{"origin":373,"position":2},"title":"Skilanglauf &#8211; Nach 20 km ist der Erbeskopf erreicht","author":"Willi","date":"26.01.2013","format":false,"excerpt":"Bin heute Morgen um 8:30 Uhr am Idarkopf losgelaufen. Auf teils ungespurter Loipe bei gerade ausreichender Schneeh\u00f6he ging es recht anspruchsvoll immer der Kammlage entlang zum Erbeskopf. Unversch\u00e4mt ist, da\u00df auf ca 1 km B\u00e4ume frisch gef\u00e4llt wurden. Das hat mich bestimmt eine halbe Stunde gekostet. Au\u00dferdem wurden viele Schilder\u2026","rel":"","context":"In &quot;Touren&quot;","block_context":{"text":"Touren","link":"https:\/\/willi-junker.de\/dachs\/?cat=3"},"img":{"alt_text":"","src":"","width":0,"height":0},"classes":[]},{"id":2719,"url":"https:\/\/willi-junker.de\/dachs\/?p=2719","url_meta":{"origin":373,"position":3},"title":"Extratour nach Fiss","author":"Willi","date":"25.08.2015","format":false,"excerpt":"Ich h\u00e4tte es ja heute so einfach haben k\u00f6nnen. Mein Weg nach Italien geht eigentlich entlang des Inn's \u00fcber die Via Claudio Augusta. Jetzt bin ich heute auf der \"falschen Seite\" hoch nach Fiss gestiegen. Morgen muss ich die Seite wechseln und verliere die gut 1.000 H\u00f6henmeter von heute. Trotzdem\u2026","rel":"","context":"In &quot;Touren&quot;","block_context":{"text":"Touren","link":"https:\/\/willi-junker.de\/dachs\/?cat=3"},"img":{"alt_text":"","src":"","width":0,"height":0},"classes":[]},{"id":2563,"url":"https:\/\/willi-junker.de\/dachs\/?p=2563","url_meta":{"origin":373,"position":4},"title":"18:30 Uhr &#8211; Bregenz","author":"Willi","date":"18.08.2015","format":false,"excerpt":"Jetzt bin ich noch 10 km gewandert und bin in Bregenz angekommen. Leider kann man nicht immer am Ufer entlang laufen aber das letzte St\u00fcck vor Bregenz ist richtig toll. Zwischendurch hat es mal kurz geregnet, aber das hat mich nicht viel gest\u00f6rt. Nach dem Duschen bin ich nochmals in\u2026","rel":"","context":"In &quot;Touren&quot;","block_context":{"text":"Touren","link":"https:\/\/willi-junker.de\/dachs\/?cat=3"},"img":{"alt_text":"","src":"","width":0,"height":0},"classes":[]},{"id":2446,"url":"https:\/\/willi-junker.de\/dachs\/?p=2446","url_meta":{"origin":373,"position":5},"title":"47 km &#8211; Die Berge werden h\u00f6her","author":"Willi","date":"29.06.2015","format":false,"excerpt":"Scheinbar bin ich den Alpen nahe. Im Vordergrund tauchen wei\u00dfe Berge auf. Bin jetzt kurz vor Berka.","rel":"","context":"In &quot;Touren&quot;","block_context":{"text":"Touren","link":"https:\/\/willi-junker.de\/dachs\/?cat=3"},"img":{"alt_text":"","src":"","width":0,"height":0},"classes":[]}],"_links":{"self":[{"href":"https:\/\/willi-junker.de\/dachs\/index.php?rest_route=\/wp\/v2\/posts\/373","targetHints":{"allow":["GET"]}}],"collection":[{"href":"https:\/\/willi-junker.de\/dachs\/index.php?rest_route=\/wp\/v2\/posts"}],"about":[{"href":"https:\/\/willi-junker.de\/dachs\/index.php?rest_route=\/wp\/v2\/types\/post"}],"author":[{"embeddable":true,"href":"https:\/\/willi-junker.de\/dachs\/index.php?rest_route=\/wp\/v2\/users\/1"}],"replies":[{"embeddable":true,"href":"https:\/\/willi-junker.de\/dachs\/index.php?rest_route=%2Fwp%2Fv2%2Fcomments&post=373"}],"version-history":[{"count":3,"href":"https:\/\/willi-junker.de\/dachs\/index.php?rest_route=\/wp\/v2\/posts\/373\/revisions"}],"predecessor-version":[{"id":445,"href":"https:\/\/willi-junker.de\/dachs\/index.php?rest_route=\/wp\/v2\/posts\/373\/revisions\/445"}],"wp:attachment":[{"href":"https:\/\/willi-junker.de\/dachs\/index.php?rest_route=%2Fwp%2Fv2%2Fmedia&parent=373"}],"wp:term":[{"taxonomy":"category","embeddable":true,"href":"https:\/\/willi-junker.de\/dachs\/index.php?rest_route=%2Fwp%2Fv2%2Fcategories&post=373"},{"taxonomy":"post_tag","embeddable":true,"href":"https:\/\/willi-junker.de\/dachs\/index.php?rest_route=%2Fwp%2Fv2%2Ftags&post=373"}],"curies":[{"name":"wp","href":"https:\/\/api.w.org\/{rel}","templated":true}]}}