{"id":363,"date":"2011-06-28T18:26:18","date_gmt":"2011-06-28T16:26:18","guid":{"rendered":"http:\/\/willi-junker.de\/dachs\/?p=363"},"modified":"2011-07-04T22:13:29","modified_gmt":"2011-07-04T20:13:29","slug":"1600-uhr-erfweiler","status":"publish","type":"post","link":"https:\/\/willi-junker.de\/dachs\/?p=363","title":{"rendered":"16:00 Uhr &#8211; Erfweiler"},"content":{"rendered":"<p>Bin in der &#8222;Kleinen Blume&#8220; in Erfweiler nach 55 km 613 H\u00f6henmetern. Hab mich \u00fcberwiegend im dichten Wald aufgehalten und mich auf verschlungenen Pfaden \u00fcber die Berge bewegt. Werde jetzt meine Touren von hier aus machen. Mal gucken, was da\u00df Wetter noch so bringt. Verbrauch umgerechnet auf 100 km \/ 7 Liter.<\/p>\n<p><a href=\"https:\/\/i0.wp.com\/willi-junker.de\/dachs\/wp-content\/uploads\/2011\/06\/wpid-IMAG06722.jpg?ssl=1\"><img data-recalc-dims=\"1\" decoding=\"async\" style=\"display: block; margin-right: auto; margin-left: auto;\" src=\"https:\/\/i0.wp.com\/willi-junker.de\/dachs\/wp-content\/uploads\/2011\/06\/wpid-IMAG06721.jpg?w=640&#038;ssl=1\" alt=\"image\" \/><\/a><br \/>\n<a href=\"https:\/\/i0.wp.com\/willi-junker.de\/dachs\/wp-content\/uploads\/2011\/06\/wpid-IMAG06731.jpg?ssl=1\"><img data-recalc-dims=\"1\" decoding=\"async\" style=\"display: block; margin-right: auto; margin-left: auto;\" src=\"https:\/\/i0.wp.com\/willi-junker.de\/dachs\/wp-content\/uploads\/2011\/06\/wpid-IMAG0673.jpg?w=640&#038;ssl=1\" alt=\"image\" \/><\/a><\/p>\n","protected":false},"excerpt":{"rendered":"<p>Bin in der &#8222;Kleinen Blume&#8220; in Erfweiler nach 55 km 613 H\u00f6henmetern. Hab mich \u00fcberwiegend im dichten Wald aufgehalten und mich auf verschlungenen Pfaden \u00fcber die Berge bewegt. Werde jetzt meine Touren von hier aus machen. Mal gucken, was da\u00df &hellip; <a href=\"https:\/\/willi-junker.de\/dachs\/?p=363\">Weiterlesen <span class=\"meta-nav\">&rarr;<\/span><\/a><\/p>\n","protected":false},"author":1,"featured_media":0,"comment_status":"open","ping_status":"open","sticky":false,"template":"","format":"standard","meta":{"_crdt_document":"","jetpack_post_was_ever_published":false,"_jetpack_newsletter_access":"","_jetpack_dont_email_post_to_subs":false,"_jetpack_newsletter_tier_id":0,"_jetpack_memberships_contains_paywalled_content":false,"_jetpack_memberships_contains_paid_content":false,"footnotes":"","jetpack_publicize_message":"","jetpack_publicize_feature_enabled":true,"jetpack_social_post_already_shared":false,"jetpack_social_options":{"image_generator_settings":{"template":"highway","default_image_id":0,"font":"","enabled":false},"version":2}},"categories":[3],"tags":[],"class_list":["post-363","post","type-post","status-publish","format-standard","hentry","category-touren"],"jetpack_publicize_connections":[],"jetpack_featured_media_url":"","jetpack_sharing_enabled":true,"jetpack_shortlink":"https:\/\/wp.me\/p73o9s-5R","jetpack-related-posts":[{"id":396,"url":"https:\/\/willi-junker.de\/dachs\/?p=396","url_meta":{"origin":363,"position":0},"title":"18:00 &#8211; zur\u00fcck in Erfweiler","author":"Willi","date":"30.06.2011","format":false,"excerpt":"Nach gut 120 km und 820 H\u00f6henmetern bin ich wieder kurz vor der Herberge. Sch\u00f6ne Rundtour mit moderaten Steigungen und \u00fcberwiegend wenig Verkehr.","rel":"","context":"In &quot;Touren&quot;","block_context":{"text":"Touren","link":"https:\/\/willi-junker.de\/dachs\/?cat=3"},"img":{"alt_text":"","src":"","width":0,"height":0},"classes":[]},{"id":406,"url":"https:\/\/willi-junker.de\/dachs\/?p=406","url_meta":{"origin":363,"position":1},"title":"16:45 Uhr &#8211; Dicke Eiche","author":"Willi","date":"01.07.2011","format":false,"excerpt":"Im eigentlich geschlossenem Wanderheim gibt es kurz eine Erfrischung. Dann erfolgt der Abstieg nach Erfweiler auf den langen Weg \u00fcber das Winterkirchl. Um 17:55 Uhr sitze ich dann wieder auf der Terrasse der \"Kleinen Blume\". 31km und 688 H\u00f6henmeter.","rel":"","context":"In &quot;Touren&quot;","block_context":{"text":"Touren","link":"https:\/\/willi-junker.de\/dachs\/?cat=3"},"img":{"alt_text":"","src":"","width":0,"height":0},"classes":[]},{"id":5185,"url":"https:\/\/willi-junker.de\/dachs\/?p=5185","url_meta":{"origin":363,"position":2},"title":"Pf\u00e4lzer Wald &#8211; Tag 2 &#8211; Hauenstein","author":"Willi","date":"19.05.2019","format":false,"excerpt":"Die ganze Nacht und auch noch w\u00e4hrend des Fr\u00fchst\u00fccks regnet es kr\u00e4ftig. Mit den letzten Regentropfen laufen wir ins Finstertal hinein und \u00fcber tolle Trails hin\u00fcber nach Hauenstein. P\u00fcnktlich zur Er\u00f6ffnung der Schuhmeile um 13 Uhr sind wir dort. 25 Schuhgesch\u00e4fte erwarten uns. Nach gut zwei Stunden haben wir alles\u2026","rel":"","context":"In &quot;Touren&quot;","block_context":{"text":"Touren","link":"https:\/\/willi-junker.de\/dachs\/?cat=3"},"img":{"alt_text":"","src":"https:\/\/i0.wp.com\/willi-junker.de\/dachs\/wp-content\/uploads\/2019\/05\/20190519_113807-1443465982.jpg?resize=350%2C200","width":350,"height":200,"srcset":"https:\/\/i0.wp.com\/willi-junker.de\/dachs\/wp-content\/uploads\/2019\/05\/20190519_113807-1443465982.jpg?resize=350%2C200 1x, https:\/\/i0.wp.com\/willi-junker.de\/dachs\/wp-content\/uploads\/2019\/05\/20190519_113807-1443465982.jpg?resize=525%2C300 1.5x, https:\/\/i0.wp.com\/willi-junker.de\/dachs\/wp-content\/uploads\/2019\/05\/20190519_113807-1443465982.jpg?resize=700%2C400 2x, https:\/\/i0.wp.com\/willi-junker.de\/dachs\/wp-content\/uploads\/2019\/05\/20190519_113807-1443465982.jpg?resize=1050%2C600 3x, https:\/\/i0.wp.com\/willi-junker.de\/dachs\/wp-content\/uploads\/2019\/05\/20190519_113807-1443465982.jpg?resize=1400%2C800 4x"},"classes":[]},{"id":5171,"url":"https:\/\/willi-junker.de\/dachs\/?p=5171","url_meta":{"origin":363,"position":3},"title":"Pf\u00e4lzer Wald &#8211; Tag 1","author":"Willi","date":"18.05.2019","format":false,"excerpt":"\u00dcber verschlungene Wege sollte die Fahrt in Richtung Pfalz gehen, immer in Richtung S\u00fcden. So viele Sperrungen und Umleitungen hab ich noch selten erlebt. So lernt man Rheinland-Pfalz kennen \ud83d\ude0a\ud83d\ude0a\ud83d\ude0a. Irgendwann sind wir am Luitpoldturm und \u00fcberblicken die ganz Pfalz und sp\u00e4ter in Hinterweidenthal um ein bisschen zu wandern. Am\u2026","rel":"","context":"In &quot;Touren&quot;","block_context":{"text":"Touren","link":"https:\/\/willi-junker.de\/dachs\/?cat=3"},"img":{"alt_text":"","src":"https:\/\/i0.wp.com\/willi-junker.de\/dachs\/wp-content\/uploads\/2019\/05\/20190518_131909529974112.jpg?resize=350%2C200","width":350,"height":200,"srcset":"https:\/\/i0.wp.com\/willi-junker.de\/dachs\/wp-content\/uploads\/2019\/05\/20190518_131909529974112.jpg?resize=350%2C200 1x, https:\/\/i0.wp.com\/willi-junker.de\/dachs\/wp-content\/uploads\/2019\/05\/20190518_131909529974112.jpg?resize=525%2C300 1.5x, https:\/\/i0.wp.com\/willi-junker.de\/dachs\/wp-content\/uploads\/2019\/05\/20190518_131909529974112.jpg?resize=700%2C400 2x, https:\/\/i0.wp.com\/willi-junker.de\/dachs\/wp-content\/uploads\/2019\/05\/20190518_131909529974112.jpg?resize=1050%2C600 3x, https:\/\/i0.wp.com\/willi-junker.de\/dachs\/wp-content\/uploads\/2019\/05\/20190518_131909529974112.jpg?resize=1400%2C800 4x"},"classes":[]},{"id":5198,"url":"https:\/\/willi-junker.de\/dachs\/?p=5198","url_meta":{"origin":363,"position":4},"title":"Pf\u00e4lzer Wald &#8211; Tag 3 &#8211; B\u00e4renbrunner Hof","author":"Willi","date":"20.05.2019","format":false,"excerpt":"F\u00fcr heute ist katastrophales Wetter voraus gesagt. Eigentlich sollte man im Haus bleiben. Sp\u00e4testens ab 11 wird man richtig gewaschen.Wir marschieren trotzdem los. Irgendwie werden wir es schon bis zum B\u00e4renbrunner Hof schaffen. Zuerst geht es steil hinauf zum Winterkirchel. Dann r\u00fcber zur Wanderh\u00fctte Dicke Eiche und und in Richtung\u2026","rel":"","context":"In &quot;Touren&quot;","block_context":{"text":"Touren","link":"https:\/\/willi-junker.de\/dachs\/?cat=3"},"img":{"alt_text":"","src":"https:\/\/i0.wp.com\/willi-junker.de\/dachs\/wp-content\/uploads\/2019\/05\/20190520_110426-251339209.jpg?resize=350%2C200","width":350,"height":200,"srcset":"https:\/\/i0.wp.com\/willi-junker.de\/dachs\/wp-content\/uploads\/2019\/05\/20190520_110426-251339209.jpg?resize=350%2C200 1x, https:\/\/i0.wp.com\/willi-junker.de\/dachs\/wp-content\/uploads\/2019\/05\/20190520_110426-251339209.jpg?resize=525%2C300 1.5x, https:\/\/i0.wp.com\/willi-junker.de\/dachs\/wp-content\/uploads\/2019\/05\/20190520_110426-251339209.jpg?resize=700%2C400 2x, https:\/\/i0.wp.com\/willi-junker.de\/dachs\/wp-content\/uploads\/2019\/05\/20190520_110426-251339209.jpg?resize=1050%2C600 3x, https:\/\/i0.wp.com\/willi-junker.de\/dachs\/wp-content\/uploads\/2019\/05\/20190520_110426-251339209.jpg?resize=1400%2C800 4x"},"classes":[]},{"id":841,"url":"https:\/\/willi-junker.de\/dachs\/?p=841","url_meta":{"origin":363,"position":5},"title":"13:45 Uhr Aschau &#8211; habe fertig","author":"Willi","date":"24.06.2012","format":false,"excerpt":"Hier ist f\u00fcr heute nach knapp 20 km Schlu\u00df. Die n\u00e4chste Unterkunft ist f\u00fcr mich heute nicht mehr erreichbar. Aschau liegt im Talschluss, auf der R\u00fcckseite des Hahnenkamms, direkt unter dem gro\u00dfen Rettenstein.","rel":"","context":"In &quot;Touren&quot;","block_context":{"text":"Touren","link":"https:\/\/willi-junker.de\/dachs\/?cat=3"},"img":{"alt_text":"","src":"","width":0,"height":0},"classes":[]}],"_links":{"self":[{"href":"https:\/\/willi-junker.de\/dachs\/index.php?rest_route=\/wp\/v2\/posts\/363","targetHints":{"allow":["GET"]}}],"collection":[{"href":"https:\/\/willi-junker.de\/dachs\/index.php?rest_route=\/wp\/v2\/posts"}],"about":[{"href":"https:\/\/willi-junker.de\/dachs\/index.php?rest_route=\/wp\/v2\/types\/post"}],"author":[{"embeddable":true,"href":"https:\/\/willi-junker.de\/dachs\/index.php?rest_route=\/wp\/v2\/users\/1"}],"replies":[{"embeddable":true,"href":"https:\/\/willi-junker.de\/dachs\/index.php?rest_route=%2Fwp%2Fv2%2Fcomments&post=363"}],"version-history":[{"count":4,"href":"https:\/\/willi-junker.de\/dachs\/index.php?rest_route=\/wp\/v2\/posts\/363\/revisions"}],"predecessor-version":[{"id":447,"href":"https:\/\/willi-junker.de\/dachs\/index.php?rest_route=\/wp\/v2\/posts\/363\/revisions\/447"}],"wp:attachment":[{"href":"https:\/\/willi-junker.de\/dachs\/index.php?rest_route=%2Fwp%2Fv2%2Fmedia&parent=363"}],"wp:term":[{"taxonomy":"category","embeddable":true,"href":"https:\/\/willi-junker.de\/dachs\/index.php?rest_route=%2Fwp%2Fv2%2Fcategories&post=363"},{"taxonomy":"post_tag","embeddable":true,"href":"https:\/\/willi-junker.de\/dachs\/index.php?rest_route=%2Fwp%2Fv2%2Ftags&post=363"}],"curies":[{"name":"wp","href":"https:\/\/api.w.org\/{rel}","templated":true}]}}