{"id":359,"date":"2011-06-28T11:05:30","date_gmt":"2011-06-28T09:05:30","guid":{"rendered":"http:\/\/willi-junker.de\/dachs\/?p=359"},"modified":"2011-07-04T22:15:19","modified_gmt":"2011-07-04T20:15:19","slug":"1100-uhr-luitpoldturm","status":"publish","type":"post","link":"https:\/\/willi-junker.de\/dachs\/?p=359","title":{"rendered":"11:00 Uhr &#8211; Luitpoldturm"},"content":{"rendered":"<p>Stehe hoch oben im Pf\u00e4lzer Wald und genie\u00dfe die Aussicht vom Hunsr\u00fcck bis in den Schwarzwald.<\/p>\n<p><a href=\"https:\/\/i0.wp.com\/willi-junker.de\/dachs\/wp-content\/uploads\/2011\/06\/wpid-IMAG06711.jpg?ssl=1\"><img data-recalc-dims=\"1\" decoding=\"async\" style=\"display: block; margin-right: auto; margin-left: auto;\" src=\"https:\/\/i0.wp.com\/willi-junker.de\/dachs\/wp-content\/uploads\/2011\/06\/wpid-IMAG0671.jpg?w=640&#038;ssl=1\" alt=\"image\" \/><\/a><\/p>\n","protected":false},"excerpt":{"rendered":"<p>Stehe hoch oben im Pf\u00e4lzer Wald und genie\u00dfe die Aussicht vom Hunsr\u00fcck bis in den Schwarzwald.<\/p>\n","protected":false},"author":1,"featured_media":0,"comment_status":"open","ping_status":"open","sticky":false,"template":"","format":"standard","meta":{"_crdt_document":"","jetpack_post_was_ever_published":false,"_jetpack_newsletter_access":"","_jetpack_dont_email_post_to_subs":false,"_jetpack_newsletter_tier_id":0,"_jetpack_memberships_contains_paywalled_content":false,"_jetpack_memberships_contains_paid_content":false,"footnotes":"","jetpack_publicize_message":"","jetpack_publicize_feature_enabled":true,"jetpack_social_post_already_shared":false,"jetpack_social_options":{"image_generator_settings":{"template":"highway","default_image_id":0,"font":"","enabled":false},"version":2}},"categories":[3],"tags":[],"class_list":["post-359","post","type-post","status-publish","format-standard","hentry","category-touren"],"jetpack_publicize_connections":[],"jetpack_featured_media_url":"","jetpack_sharing_enabled":true,"jetpack_shortlink":"https:\/\/wp.me\/p73o9s-5N","jetpack-related-posts":[{"id":4614,"url":"https:\/\/willi-junker.de\/dachs\/?p=4614","url_meta":{"origin":359,"position":0},"title":"Tag 7 &#8211; Abschluss Laubachtreffen und R\u00fcckradeln nach Laubach  (Hunsr\u00fcck)","author":"Willi","date":"01.07.2018","format":false,"excerpt":"Nach dem Auschecken aus dem Hotel geht es mit dem Rad hoch nach Laubach. Dort beginnt der Tag mit einem Gottesdienst. Danach treffen sich alle wieder im Festzelt. Ein Fanfarenzug begleitet uns bis zum Mittagessen. Mit dem Mittagessen ist dann der gemeinschaftliche Teil beendet. Die Gruppen verlassen das Gel\u00e4nde. Das\u2026","rel":"","context":"In &quot;Touren&quot;","block_context":{"text":"Touren","link":"https:\/\/willi-junker.de\/dachs\/?cat=3"},"img":{"alt_text":"","src":"https:\/\/i0.wp.com\/willi-junker.de\/dachs\/wp-content\/uploads\/2018\/07\/20180701_104343-1698325026.jpg?resize=350%2C200","width":350,"height":200,"srcset":"https:\/\/i0.wp.com\/willi-junker.de\/dachs\/wp-content\/uploads\/2018\/07\/20180701_104343-1698325026.jpg?resize=350%2C200 1x, https:\/\/i0.wp.com\/willi-junker.de\/dachs\/wp-content\/uploads\/2018\/07\/20180701_104343-1698325026.jpg?resize=525%2C300 1.5x, https:\/\/i0.wp.com\/willi-junker.de\/dachs\/wp-content\/uploads\/2018\/07\/20180701_104343-1698325026.jpg?resize=700%2C400 2x, https:\/\/i0.wp.com\/willi-junker.de\/dachs\/wp-content\/uploads\/2018\/07\/20180701_104343-1698325026.jpg?resize=1050%2C600 3x, https:\/\/i0.wp.com\/willi-junker.de\/dachs\/wp-content\/uploads\/2018\/07\/20180701_104343-1698325026.jpg?resize=1400%2C800 4x"},"classes":[]},{"id":3941,"url":"https:\/\/willi-junker.de\/dachs\/?p=3941","url_meta":{"origin":359,"position":1},"title":"Oster-Wandertour 2017","author":"Willi","date":"16.04.2017","format":false,"excerpt":"Bin heute am 1. Ostertag schon fr\u00fch losgefahren und treffe gegen 08:50 Uhr am Parkplatz am Hunsr\u00fcckhaus am Erbeskopf ein. Es ist noch ganz sch\u00f6n k\u00fchl, die Grashalme teilweise gefroren. Zuerst folge ich der Traumschleife Gipfelrauschen gegen den Uhrzeigersinn. Er f\u00fchrt mich bis \u00fcber den Gipfelkamm. Dort biege ich dann\u2026","rel":"","context":"In &quot;Touren&quot;","block_context":{"text":"Touren","link":"https:\/\/willi-junker.de\/dachs\/?cat=3"},"img":{"alt_text":"","src":"https:\/\/i0.wp.com\/willi-junker.de\/dachs\/wp-content\/uploads\/2017\/04\/2017_03_16_001-500x281.jpg?resize=350%2C200","width":350,"height":200},"classes":[]},{"id":4043,"url":"https:\/\/willi-junker.de\/dachs\/?p=4043","url_meta":{"origin":359,"position":2},"title":"H\u00fcttenwanderung- Tag 3","author":"Willi","date":"20.07.2017","format":false,"excerpt":"Heute Morgen war ich schon um f\u00fcnf Uhr munter. Bewegen durfte ich mich aber nicht. Die Federn in meinem Bett veranstalten einen H\u00f6llenl\u00e4rm. In meinem Lager, Lager Nr. 1, waren noch drei Mitschl\u00e4fer von zehn m\u00f6glichen. Von daher schon einmal sehr angenehm. Um sechs bin ich dann trotzdem\u00a0raus. Ganz optimal\u2026","rel":"","context":"In &quot;Touren&quot;","block_context":{"text":"Touren","link":"https:\/\/willi-junker.de\/dachs\/?cat=3"},"img":{"alt_text":"","src":"https:\/\/i0.wp.com\/willi-junker.de\/dachs\/wp-content\/uploads\/2017\/07\/wp-image-1057376015.jpg?resize=350%2C200","width":350,"height":200,"srcset":"https:\/\/i0.wp.com\/willi-junker.de\/dachs\/wp-content\/uploads\/2017\/07\/wp-image-1057376015.jpg?resize=350%2C200 1x, https:\/\/i0.wp.com\/willi-junker.de\/dachs\/wp-content\/uploads\/2017\/07\/wp-image-1057376015.jpg?resize=525%2C300 1.5x, https:\/\/i0.wp.com\/willi-junker.de\/dachs\/wp-content\/uploads\/2017\/07\/wp-image-1057376015.jpg?resize=700%2C400 2x, https:\/\/i0.wp.com\/willi-junker.de\/dachs\/wp-content\/uploads\/2017\/07\/wp-image-1057376015.jpg?resize=1050%2C600 3x, https:\/\/i0.wp.com\/willi-junker.de\/dachs\/wp-content\/uploads\/2017\/07\/wp-image-1057376015.jpg?resize=1400%2C800 4x"},"classes":[]},{"id":4890,"url":"https:\/\/willi-junker.de\/dachs\/?p=4890","url_meta":{"origin":359,"position":3},"title":"Indian Summer Abschlusstour TuS Laubach","author":"Willi","date":"28.10.2018","format":false,"excerpt":"Am Sonntag nach der Zeitumstellung ist traditionell der Termin f\u00fcr die Abschlusstour der Radler vom TuS Laubach. Um 10:00 Uhr treffen sich sieben noch unverfrohrene Radler am Gemeindehaus in Laubach. Das Thermometer hat die Dreigrad-Marke noch nicht erreicht. Man soll die Hoffnung aber niemals aufgeben. Es geht durch den Wald\u2026","rel":"","context":"In &quot;Touren&quot;","block_context":{"text":"Touren","link":"https:\/\/willi-junker.de\/dachs\/?cat=3"},"img":{"alt_text":"","src":"https:\/\/i0.wp.com\/willi-junker.de\/dachs\/wp-content\/uploads\/2018\/10\/20181028_112554-547569827.jpg?resize=350%2C200","width":350,"height":200,"srcset":"https:\/\/i0.wp.com\/willi-junker.de\/dachs\/wp-content\/uploads\/2018\/10\/20181028_112554-547569827.jpg?resize=350%2C200 1x, https:\/\/i0.wp.com\/willi-junker.de\/dachs\/wp-content\/uploads\/2018\/10\/20181028_112554-547569827.jpg?resize=525%2C300 1.5x, https:\/\/i0.wp.com\/willi-junker.de\/dachs\/wp-content\/uploads\/2018\/10\/20181028_112554-547569827.jpg?resize=700%2C400 2x, https:\/\/i0.wp.com\/willi-junker.de\/dachs\/wp-content\/uploads\/2018\/10\/20181028_112554-547569827.jpg?resize=1050%2C600 3x, https:\/\/i0.wp.com\/willi-junker.de\/dachs\/wp-content\/uploads\/2018\/10\/20181028_112554-547569827.jpg?resize=1400%2C800 4x"},"classes":[]},{"id":5470,"url":"https:\/\/willi-junker.de\/dachs\/?p=5470","url_meta":{"origin":359,"position":4},"title":"Marathonwanderung auf dem Rheinsteig &#8211; Etappen 5 und 6 von R\u00fcdesheim bis Kaub","author":"Willi","date":"02.11.2021","format":false,"excerpt":"Heute Morgen bin ich im Dunklen mit dem Zug nach Bingen gefahren. Im ersten Morgenlicht verlasse ich den Bahnhof in Richtung F\u00e4hre nach R\u00fcdesheim. R\u00fcdesheim erreiche ich gegen 07\u00b3\u2070 Uhr. Obligatorisch laufe ich die v\u00f6llig leere Drosselgasse hinauf und dann \u00fcber Wingertswege hinauf in Richtung Niederwalddenkmal. Oben angekommen sehe ich\u2026","rel":"","context":"In &quot;Touren&quot;","block_context":{"text":"Touren","link":"https:\/\/willi-junker.de\/dachs\/?cat=3"},"img":{"alt_text":"","src":"https:\/\/i0.wp.com\/willi-junker.de\/dachs\/wp-content\/uploads\/2021\/11\/img_20211102_083350_1624050857507768282-scaled.jpg?resize=350%2C200&ssl=1","width":350,"height":200,"srcset":"https:\/\/i0.wp.com\/willi-junker.de\/dachs\/wp-content\/uploads\/2021\/11\/img_20211102_083350_1624050857507768282-scaled.jpg?resize=350%2C200&ssl=1 1x, https:\/\/i0.wp.com\/willi-junker.de\/dachs\/wp-content\/uploads\/2021\/11\/img_20211102_083350_1624050857507768282-scaled.jpg?resize=525%2C300&ssl=1 1.5x, https:\/\/i0.wp.com\/willi-junker.de\/dachs\/wp-content\/uploads\/2021\/11\/img_20211102_083350_1624050857507768282-scaled.jpg?resize=700%2C400&ssl=1 2x, https:\/\/i0.wp.com\/willi-junker.de\/dachs\/wp-content\/uploads\/2021\/11\/img_20211102_083350_1624050857507768282-scaled.jpg?resize=1050%2C600&ssl=1 3x, https:\/\/i0.wp.com\/willi-junker.de\/dachs\/wp-content\/uploads\/2021\/11\/img_20211102_083350_1624050857507768282-scaled.jpg?resize=1400%2C800&ssl=1 4x"},"classes":[]},{"id":350,"url":"https:\/\/willi-junker.de\/dachs\/?p=350","url_meta":{"origin":359,"position":5},"title":"13:00 &#8211; Wolfstein an der Lauter","author":"Willi","date":"27.06.2011","format":false,"excerpt":"Nach 81 km und 800 H\u00f6henmetern war eine St\u00e4rkung dringend notwendig. Bin zuerst den Glan hoch und ab Lauterecken die Lauter. Bis zum Betze sind es jetzt noch 20 km, dann kommt der Pf\u00e4lzer Wald.","rel":"","context":"In &quot;Touren&quot;","block_context":{"text":"Touren","link":"https:\/\/willi-junker.de\/dachs\/?cat=3"},"img":{"alt_text":"","src":"","width":0,"height":0},"classes":[]}],"_links":{"self":[{"href":"https:\/\/willi-junker.de\/dachs\/index.php?rest_route=\/wp\/v2\/posts\/359","targetHints":{"allow":["GET"]}}],"collection":[{"href":"https:\/\/willi-junker.de\/dachs\/index.php?rest_route=\/wp\/v2\/posts"}],"about":[{"href":"https:\/\/willi-junker.de\/dachs\/index.php?rest_route=\/wp\/v2\/types\/post"}],"author":[{"embeddable":true,"href":"https:\/\/willi-junker.de\/dachs\/index.php?rest_route=\/wp\/v2\/users\/1"}],"replies":[{"embeddable":true,"href":"https:\/\/willi-junker.de\/dachs\/index.php?rest_route=%2Fwp%2Fv2%2Fcomments&post=359"}],"version-history":[{"count":2,"href":"https:\/\/willi-junker.de\/dachs\/index.php?rest_route=\/wp\/v2\/posts\/359\/revisions"}],"predecessor-version":[{"id":452,"href":"https:\/\/willi-junker.de\/dachs\/index.php?rest_route=\/wp\/v2\/posts\/359\/revisions\/452"}],"wp:attachment":[{"href":"https:\/\/willi-junker.de\/dachs\/index.php?rest_route=%2Fwp%2Fv2%2Fmedia&parent=359"}],"wp:term":[{"taxonomy":"category","embeddable":true,"href":"https:\/\/willi-junker.de\/dachs\/index.php?rest_route=%2Fwp%2Fv2%2Fcategories&post=359"},{"taxonomy":"post_tag","embeddable":true,"href":"https:\/\/willi-junker.de\/dachs\/index.php?rest_route=%2Fwp%2Fv2%2Ftags&post=359"}],"curies":[{"name":"wp","href":"https:\/\/api.w.org\/{rel}","templated":true}]}}