{"id":353,"date":"2011-06-27T17:44:16","date_gmt":"2011-06-27T15:44:16","guid":{"rendered":"http:\/\/willi-junker.de\/dachs\/?p=353"},"modified":"2011-07-04T22:17:10","modified_gmt":"2011-07-04T20:17:10","slug":"1715-uhr-habe-fertig","status":"publish","type":"post","link":"https:\/\/willi-junker.de\/dachs\/?p=353","title":{"rendered":"17:15 Uhr &#8211; habe fertig"},"content":{"rendered":"<p>Bin in Trippstadt, im Pf\u00e4lzer Wald. F\u00fcr heute reicht es &#8211; bei dieser Hitze. Ziel nicht ganz erreicht, aber heute stelle ich da\u00df Rad nur noch in den Schuppen. Bis auf den letzten Anstieg und die Durchquerung von Lautern war es echt gut.<br \/>\nHier die technischen Daten:<br \/>\n123 km ; 1.172 H\u00f6henmeter ; 1 Mountainbikestrecke ; 7:22 h Fahrzeit.<br \/>\nWasser, Radler und Zimmer sind im Gasthof Schwanen gebucht. Haben nen tollen Biergarten und zum Gl\u00fcck gen\u00fcgend Wasser.<\/p>\n<p><a href=\"https:\/\/i0.wp.com\/willi-junker.de\/dachs\/wp-content\/uploads\/2011\/06\/wpid-IMAG06671.jpg?ssl=1\"><img data-recalc-dims=\"1\" decoding=\"async\" style=\"display: block; margin-right: auto; margin-left: auto;\" src=\"https:\/\/i0.wp.com\/willi-junker.de\/dachs\/wp-content\/uploads\/2011\/06\/wpid-IMAG0667.jpg?w=640&#038;ssl=1\" alt=\"image\" \/><\/a><\/p>\n","protected":false},"excerpt":{"rendered":"<p>Bin in Trippstadt, im Pf\u00e4lzer Wald. F\u00fcr heute reicht es &#8211; bei dieser Hitze. Ziel nicht ganz erreicht, aber heute stelle ich da\u00df Rad nur noch in den Schuppen. Bis auf den letzten Anstieg und die Durchquerung von Lautern war &hellip; <a href=\"https:\/\/willi-junker.de\/dachs\/?p=353\">Weiterlesen <span class=\"meta-nav\">&rarr;<\/span><\/a><\/p>\n","protected":false},"author":1,"featured_media":0,"comment_status":"open","ping_status":"open","sticky":false,"template":"","format":"standard","meta":{"_crdt_document":"","jetpack_post_was_ever_published":false,"_jetpack_newsletter_access":"","_jetpack_dont_email_post_to_subs":false,"_jetpack_newsletter_tier_id":0,"_jetpack_memberships_contains_paywalled_content":false,"_jetpack_memberships_contains_paid_content":false,"footnotes":"","jetpack_publicize_message":"","jetpack_publicize_feature_enabled":true,"jetpack_social_post_already_shared":false,"jetpack_social_options":{"image_generator_settings":{"template":"highway","default_image_id":0,"font":"","enabled":false},"version":2}},"categories":[3],"tags":[],"class_list":["post-353","post","type-post","status-publish","format-standard","hentry","category-touren"],"jetpack_publicize_connections":[],"jetpack_featured_media_url":"","jetpack_sharing_enabled":true,"jetpack_shortlink":"https:\/\/wp.me\/p73o9s-5H","jetpack-related-posts":[{"id":3351,"url":"https:\/\/willi-junker.de\/dachs\/?p=3351","url_meta":{"origin":353,"position":0},"title":"Lauterecken &#8211; 11:00 Uhr &#8211; 71 km","author":"Willi","date":"22.06.2016","format":false,"excerpt":"Ich bin auf dem Weg zu den Glanquellen. Bin heute Morgen recht fr\u00fch losgeradelt, \u00fcber den Soon nach Bockenau und weiter zur Nahe und dann zum Glan.\u00a0 Hier steht alles unter Wasser. Die Kr\u00f6ten quaken in den Wiesen und die Enten schwimmen im Maisacker.","rel":"","context":"In &quot;Touren&quot;","block_context":{"text":"Touren","link":"https:\/\/willi-junker.de\/dachs\/?cat=3"},"img":{"alt_text":"","src":"","width":0,"height":0},"classes":[]},{"id":4070,"url":"https:\/\/willi-junker.de\/dachs\/?p=4070","url_meta":{"origin":353,"position":1},"title":"H\u00fcttenwanderung &#8211; Tag 4","author":"Willi","date":"21.07.2017","format":false,"excerpt":"Auch heute bin ich wieder vor sechs Uhr munter und treibe mich ab halb sieben vor der H\u00fctte rum. Es ist sonnig und es sieht nach einem sch\u00f6nen Tag aus. Das Alpengl\u00fchen hat heute leider wieder nicht stattgefunden. Um sieben sitze ich am Fr\u00fchst\u00fcckstisch und um acht bin ich auf\u2026","rel":"","context":"In &quot;Touren&quot;","block_context":{"text":"Touren","link":"https:\/\/willi-junker.de\/dachs\/?cat=3"},"img":{"alt_text":"","src":"https:\/\/i0.wp.com\/willi-junker.de\/dachs\/wp-content\/uploads\/2017\/07\/wp-image-833505761.jpg?resize=350%2C200","width":350,"height":200,"srcset":"https:\/\/i0.wp.com\/willi-junker.de\/dachs\/wp-content\/uploads\/2017\/07\/wp-image-833505761.jpg?resize=350%2C200 1x, https:\/\/i0.wp.com\/willi-junker.de\/dachs\/wp-content\/uploads\/2017\/07\/wp-image-833505761.jpg?resize=525%2C300 1.5x, https:\/\/i0.wp.com\/willi-junker.de\/dachs\/wp-content\/uploads\/2017\/07\/wp-image-833505761.jpg?resize=700%2C400 2x, https:\/\/i0.wp.com\/willi-junker.de\/dachs\/wp-content\/uploads\/2017\/07\/wp-image-833505761.jpg?resize=1050%2C600 3x, https:\/\/i0.wp.com\/willi-junker.de\/dachs\/wp-content\/uploads\/2017\/07\/wp-image-833505761.jpg?resize=1400%2C800 4x"},"classes":[]},{"id":2607,"url":"https:\/\/willi-junker.de\/dachs\/?p=2607","url_meta":{"origin":353,"position":2},"title":"17:15 Uhr &#8211; Sch\u00f6nenbach &#8211; Ich liebe Regen","author":"Willi","date":"21.08.2015","format":false,"excerpt":"Seit gestern Mittag soll eigentlich sch\u00f6nes Wetter sein, nur das Wetter wei\u00df nichts davon. Auf halber Strecke zwischen Sibratsgf\u00e4ll und Sch\u00f6nenbach beginnt es zu regnen. Zuerst nur leicht, dann aber immer heftiger. Unter einem Baum finde ich vor\u00fcbergehend Schutz aber irgendwann muss ich weiter. Also Regenklamotten raus. Zum Gl\u00fcck wusste\u2026","rel":"","context":"In &quot;Touren&quot;","block_context":{"text":"Touren","link":"https:\/\/willi-junker.de\/dachs\/?cat=3"},"img":{"alt_text":"","src":"","width":0,"height":0},"classes":[]},{"id":4453,"url":"https:\/\/willi-junker.de\/dachs\/?p=4453","url_meta":{"origin":353,"position":3},"title":"Nochmals Marina di Modica","author":"Willi","date":"27.04.2018","format":false,"excerpt":"Heute wollte ich eigentlich Schwimmen. Seit letzten Nacht hat der Wind aber heftig zugelegt. Jetzt herrscht Sturm. Sch\u00f6ne Wellen, aber das Wasser ist saukalt. An den Knien ist Schluss. Ich habe die Str\u00e4nde absolut f\u00fcr mich alleine. Gegen Mittag sitze ich in Marina di Modica in einer Strandbar und genie\u00dfe\u2026","rel":"","context":"In &quot;Touren&quot;","block_context":{"text":"Touren","link":"https:\/\/willi-junker.de\/dachs\/?cat=3"},"img":{"alt_text":"","src":"https:\/\/i0.wp.com\/willi-junker.de\/dachs\/wp-content\/uploads\/2018\/04\/20180427_121419-576922089.jpg?resize=350%2C200","width":350,"height":200,"srcset":"https:\/\/i0.wp.com\/willi-junker.de\/dachs\/wp-content\/uploads\/2018\/04\/20180427_121419-576922089.jpg?resize=350%2C200 1x, https:\/\/i0.wp.com\/willi-junker.de\/dachs\/wp-content\/uploads\/2018\/04\/20180427_121419-576922089.jpg?resize=525%2C300 1.5x, https:\/\/i0.wp.com\/willi-junker.de\/dachs\/wp-content\/uploads\/2018\/04\/20180427_121419-576922089.jpg?resize=700%2C400 2x, https:\/\/i0.wp.com\/willi-junker.de\/dachs\/wp-content\/uploads\/2018\/04\/20180427_121419-576922089.jpg?resize=1050%2C600 3x, https:\/\/i0.wp.com\/willi-junker.de\/dachs\/wp-content\/uploads\/2018\/04\/20180427_121419-576922089.jpg?resize=1400%2C800 4x"},"classes":[]},{"id":4378,"url":"https:\/\/willi-junker.de\/dachs\/?p=4378","url_meta":{"origin":353,"position":4},"title":"Radtour nach Pachino","author":"Willi","date":"23.04.2018","format":false,"excerpt":"War heute Morgen kurz Einkaufen und dann geht es auf's Rad. Fahre zuerst etwas ins Inland um dann doch wieder auf die K\u00fcstenstra\u00dfe zu gelangen. Es geht bei sehr wenig Verkehr entlang an leeren Str\u00e4nden. Kurz nach Marza gelange ich in eine Sumpflandschaft. Rechts und links der Stra\u00dfe ist Wasser\u2026","rel":"","context":"In &quot;Touren&quot;","block_context":{"text":"Touren","link":"https:\/\/willi-junker.de\/dachs\/?cat=3"},"img":{"alt_text":"","src":"https:\/\/i0.wp.com\/willi-junker.de\/dachs\/wp-content\/uploads\/2018\/04\/20180423_1305391814923153.jpg?resize=350%2C200","width":350,"height":200,"srcset":"https:\/\/i0.wp.com\/willi-junker.de\/dachs\/wp-content\/uploads\/2018\/04\/20180423_1305391814923153.jpg?resize=350%2C200 1x, https:\/\/i0.wp.com\/willi-junker.de\/dachs\/wp-content\/uploads\/2018\/04\/20180423_1305391814923153.jpg?resize=525%2C300 1.5x, https:\/\/i0.wp.com\/willi-junker.de\/dachs\/wp-content\/uploads\/2018\/04\/20180423_1305391814923153.jpg?resize=700%2C400 2x, https:\/\/i0.wp.com\/willi-junker.de\/dachs\/wp-content\/uploads\/2018\/04\/20180423_1305391814923153.jpg?resize=1050%2C600 3x, https:\/\/i0.wp.com\/willi-junker.de\/dachs\/wp-content\/uploads\/2018\/04\/20180423_1305391814923153.jpg?resize=1400%2C800 4x"},"classes":[]},{"id":1415,"url":"https:\/\/willi-junker.de\/dachs\/?p=1415","url_meta":{"origin":353,"position":5},"title":"Vogesenwanderung","author":"Willi","date":"10.10.2013","format":false,"excerpt":"Heute Nacht ist eine Kaltfront durchgerauscht. Letzer Regen f\u00e4llt noch bis 11 Uhr. Seit ein paar Minuten bin ich unterwegs, hinaus aus Riquewihr in westlicher Richtung. Es geht immer bergauf durch ein enges, dicht bewaldetes Tal. Kurz vor halb eins sehe ich erstmals au\u00dfer pitschnassen B\u00e4umen und Wegen \u00fcber ein\u2026","rel":"","context":"In &quot;Touren&quot;","block_context":{"text":"Touren","link":"https:\/\/willi-junker.de\/dachs\/?cat=3"},"img":{"alt_text":"","src":"","width":0,"height":0},"classes":[]}],"_links":{"self":[{"href":"https:\/\/willi-junker.de\/dachs\/index.php?rest_route=\/wp\/v2\/posts\/353","targetHints":{"allow":["GET"]}}],"collection":[{"href":"https:\/\/willi-junker.de\/dachs\/index.php?rest_route=\/wp\/v2\/posts"}],"about":[{"href":"https:\/\/willi-junker.de\/dachs\/index.php?rest_route=\/wp\/v2\/types\/post"}],"author":[{"embeddable":true,"href":"https:\/\/willi-junker.de\/dachs\/index.php?rest_route=\/wp\/v2\/users\/1"}],"replies":[{"embeddable":true,"href":"https:\/\/willi-junker.de\/dachs\/index.php?rest_route=%2Fwp%2Fv2%2Fcomments&post=353"}],"version-history":[{"count":1,"href":"https:\/\/willi-junker.de\/dachs\/index.php?rest_route=\/wp\/v2\/posts\/353\/revisions"}],"predecessor-version":[{"id":454,"href":"https:\/\/willi-junker.de\/dachs\/index.php?rest_route=\/wp\/v2\/posts\/353\/revisions\/454"}],"wp:attachment":[{"href":"https:\/\/willi-junker.de\/dachs\/index.php?rest_route=%2Fwp%2Fv2%2Fmedia&parent=353"}],"wp:term":[{"taxonomy":"category","embeddable":true,"href":"https:\/\/willi-junker.de\/dachs\/index.php?rest_route=%2Fwp%2Fv2%2Fcategories&post=353"},{"taxonomy":"post_tag","embeddable":true,"href":"https:\/\/willi-junker.de\/dachs\/index.php?rest_route=%2Fwp%2Fv2%2Ftags&post=353"}],"curies":[{"name":"wp","href":"https:\/\/api.w.org\/{rel}","templated":true}]}}