{"id":2624,"date":"2015-08-22T12:44:59","date_gmt":"2015-08-22T10:44:59","guid":{"rendered":"http:\/\/willi-junker.de\/dachs\/?p=2624"},"modified":"2015-08-22T21:49:28","modified_gmt":"2015-08-22T19:49:28","slug":"hochalppass-hochtannenberg","status":"publish","type":"post","link":"https:\/\/willi-junker.de\/dachs\/?p=2624","title":{"rendered":"Hochalppass &#8211; Hochtannenberg"},"content":{"rendered":"<p>Jetzt kommen die richtigen Berge.<\/p>\n<p>Bin heute Morgen um 09:00 Uhr los. So ohne Fernseher und sonstige Technik ist man morgens auch fit. Nachdem ich hinunter nach Baad abgestiegen bin ging es ins B\u00e4rguntal. Hier geht es stetig bergauf und nach 3 Stunden stehe ich am Hochalppass. Bis hierher hatte ich stetige Begleitung. Beim Abstieg zum Hochtannenberg-Pass bin ich allein. Hier sitze ich nun und f\u00fclle die geleerten Depots wieder auf.<\/p>\n<p>Bis hierher war die Wanderung heute phantastisch. Mal gucken was mich in den n\u00e4chsten 4 Stunden rund um den Tannberg erwartet.\u00a0 N\u00f6tig w\u00e4re jetzt mal ein Geldautomat, da ich die letzten 2 Tage weit ab der gewohnten Infrastruktur war.<\/p>\n<p><a href=\"https:\/\/i0.wp.com\/willi-junker.de\/dachs\/wp-content\/uploads\/2015\/08\/wpid-IMAG11721.jpg?ssl=1\"><img data-recalc-dims=\"1\" decoding=\"async\" title=\"IMAG1172.jpg\" class=\"alignnone size-full\" alt=\"image\" src=\"https:\/\/i0.wp.com\/willi-junker.de\/dachs\/wp-content\/uploads\/2015\/08\/wpid-IMAG1172.jpg?w=640&#038;ssl=1\" \/><\/a><br \/>\nDort geht es hinauf. Hochalppass<\/p>\n<p><a href=\"https:\/\/i0.wp.com\/willi-junker.de\/dachs\/wp-content\/uploads\/2015\/08\/wpid-IMAG11731.jpg?ssl=1\"><img data-recalc-dims=\"1\" decoding=\"async\" title=\"IMAG1173.jpg\" class=\"alignnone size-full\" alt=\"image\" src=\"https:\/\/i0.wp.com\/willi-junker.de\/dachs\/wp-content\/uploads\/2015\/08\/wpid-IMAG1173.jpg?w=640&#038;ssl=1\" \/><\/a><br \/>\nBlick zur\u00fcck. Hier herauf ging heute der Aufstieg.<\/p>\n<p><a href=\"https:\/\/i0.wp.com\/willi-junker.de\/dachs\/wp-content\/uploads\/2015\/08\/wpid-IMAG11741.jpg?ssl=1\"><img data-recalc-dims=\"1\" decoding=\"async\" title=\"IMAG1174.jpg\" class=\"alignnone size-full\" alt=\"image\" src=\"https:\/\/i0.wp.com\/willi-junker.de\/dachs\/wp-content\/uploads\/2015\/08\/wpid-IMAG1174.jpg?w=640&#038;ssl=1\" \/><\/a><br \/>\nMeine &#8222;Lieblingswege&#8220;. Die sollten mal ein paar Wegebauer aus S\u00fcdtirol anheuern.<\/p>\n<p><a href=\"https:\/\/i0.wp.com\/willi-junker.de\/dachs\/wp-content\/uploads\/2015\/08\/wpid-IMAG11761.jpg?ssl=1\"><img data-recalc-dims=\"1\" decoding=\"async\" title=\"IMAG1176.jpg\" class=\"alignnone size-full\" alt=\"image\" src=\"https:\/\/i0.wp.com\/willi-junker.de\/dachs\/wp-content\/uploads\/2015\/08\/wpid-IMAG1176.jpg?w=640&#038;ssl=1\" \/><\/a><br \/>\nTagesziel 1 erreicht. Der Hochtannenberg-Pass.<\/p>\n","protected":false},"excerpt":{"rendered":"<p>Jetzt kommen die richtigen Berge. Bin heute Morgen um 09:00 Uhr los. So ohne Fernseher und sonstige Technik ist man morgens auch fit. Nachdem ich hinunter nach Baad abgestiegen bin ging es ins B\u00e4rguntal. Hier geht es stetig bergauf und &hellip; <a href=\"https:\/\/willi-junker.de\/dachs\/?p=2624\">Weiterlesen <span class=\"meta-nav\">&rarr;<\/span><\/a><\/p>\n","protected":false},"author":1,"featured_media":0,"comment_status":"open","ping_status":"open","sticky":false,"template":"","format":"standard","meta":{"_crdt_document":"","jetpack_post_was_ever_published":false,"_jetpack_newsletter_access":"","_jetpack_dont_email_post_to_subs":false,"_jetpack_newsletter_tier_id":0,"_jetpack_memberships_contains_paywalled_content":false,"_jetpack_memberships_contains_paid_content":false,"footnotes":"","jetpack_publicize_message":"","jetpack_publicize_feature_enabled":true,"jetpack_social_post_already_shared":false,"jetpack_social_options":{"image_generator_settings":{"template":"highway","default_image_id":0,"font":"","enabled":false},"version":2}},"categories":[3],"tags":[],"class_list":["post-2624","post","type-post","status-publish","format-standard","hentry","category-touren"],"jetpack_publicize_connections":[],"jetpack_featured_media_url":"","jetpack_sharing_enabled":true,"jetpack_shortlink":"https:\/\/wp.me\/p73o9s-Gk","jetpack-related-posts":[{"id":5078,"url":"https:\/\/willi-junker.de\/dachs\/?p=5078","url_meta":{"origin":2624,"position":0},"title":"Skilanglauftour in Richtung Rhein","author":"Willi","date":"02.02.2019","format":false,"excerpt":"Heute geht es mal in eine andere Richtung mit den Skiern als bisher. Der Schnee ist ziemlich feucht. Es ist leicht \u00fcber null und Nebeln\u00e4sse bringt zus\u00e4tzliche Feuchte. Der Schnee ist sehr schnell. Wenn er aber zu dick liegt, wird es schnell anstrengend. Ich verlasse Laubach in Richtung Bubach. Bis\u2026","rel":"","context":"In &quot;Touren&quot;","block_context":{"text":"Touren","link":"https:\/\/willi-junker.de\/dachs\/?cat=3"},"img":{"alt_text":"","src":"https:\/\/i0.wp.com\/willi-junker.de\/dachs\/wp-content\/uploads\/2019\/02\/20190202_091813-1153682402.jpg?resize=350%2C200","width":350,"height":200,"srcset":"https:\/\/i0.wp.com\/willi-junker.de\/dachs\/wp-content\/uploads\/2019\/02\/20190202_091813-1153682402.jpg?resize=350%2C200 1x, https:\/\/i0.wp.com\/willi-junker.de\/dachs\/wp-content\/uploads\/2019\/02\/20190202_091813-1153682402.jpg?resize=525%2C300 1.5x, https:\/\/i0.wp.com\/willi-junker.de\/dachs\/wp-content\/uploads\/2019\/02\/20190202_091813-1153682402.jpg?resize=700%2C400 2x, https:\/\/i0.wp.com\/willi-junker.de\/dachs\/wp-content\/uploads\/2019\/02\/20190202_091813-1153682402.jpg?resize=1050%2C600 3x, https:\/\/i0.wp.com\/willi-junker.de\/dachs\/wp-content\/uploads\/2019\/02\/20190202_091813-1153682402.jpg?resize=1400%2C800 4x"},"classes":[]},{"id":4669,"url":"https:\/\/willi-junker.de\/dachs\/?p=4669","url_meta":{"origin":2624,"position":1},"title":"RAM100K &#8211; Rhein-Ahr-Marsch 2018","author":"Willi","date":"06.07.2018","format":false,"excerpt":"Heute probiere ich mal was Neues. 24 Stundenwanderungen hab ich ja schon einige gemacht, aber noch nie mehr als 80 km. Das soll sich heute \u00e4ndern. Heute stehen 100 km auf dem Programm. Start und Ziel in Rheinbach bei Bonn. Heute Abend um 20:00 Uhr geht es los. Zuerst geht\u2026","rel":"","context":"In &quot;Touren&quot;","block_context":{"text":"Touren","link":"https:\/\/willi-junker.de\/dachs\/?cat=3"},"img":{"alt_text":"","src":"https:\/\/i0.wp.com\/willi-junker.de\/dachs\/wp-content\/uploads\/2018\/07\/20180706_154457646968539.jpg?resize=350%2C200","width":350,"height":200,"srcset":"https:\/\/i0.wp.com\/willi-junker.de\/dachs\/wp-content\/uploads\/2018\/07\/20180706_154457646968539.jpg?resize=350%2C200 1x, https:\/\/i0.wp.com\/willi-junker.de\/dachs\/wp-content\/uploads\/2018\/07\/20180706_154457646968539.jpg?resize=525%2C300 1.5x, https:\/\/i0.wp.com\/willi-junker.de\/dachs\/wp-content\/uploads\/2018\/07\/20180706_154457646968539.jpg?resize=700%2C400 2x, https:\/\/i0.wp.com\/willi-junker.de\/dachs\/wp-content\/uploads\/2018\/07\/20180706_154457646968539.jpg?resize=1050%2C600 3x, https:\/\/i0.wp.com\/willi-junker.de\/dachs\/wp-content\/uploads\/2018\/07\/20180706_154457646968539.jpg?resize=1400%2C800 4x"},"classes":[]},{"id":4234,"url":"https:\/\/willi-junker.de\/dachs\/?p=4234","url_meta":{"origin":2624,"position":2},"title":"Tag 11 &#8211; Von Alta Badia nach Gr\u00f6den\u00a0","author":"Willi","date":"28.07.2017","format":false,"excerpt":"In den letzten Jahren habe ich schon drei Wege \u00fcber die Gherdenacia Hochfl\u00e4chen zur\u00fcck nach Gr\u00f6den ausprobiert. Jetzt fehlt mir eigentlich noch die Umrundung. Wobei das sich eigentlich leicht anh\u00f6rt. Es liegt halt nur das Puez-Joch im Weg. Von Norden kommend ist dies die einzige Schwachstelle in der massiven Felswand.\u2026","rel":"","context":"In &quot;Touren&quot;","block_context":{"text":"Touren","link":"https:\/\/willi-junker.de\/dachs\/?cat=3"},"img":{"alt_text":"","src":"https:\/\/i0.wp.com\/willi-junker.de\/dachs\/wp-content\/uploads\/2017\/07\/wp-image-655924760.jpg?resize=350%2C200","width":350,"height":200,"srcset":"https:\/\/i0.wp.com\/willi-junker.de\/dachs\/wp-content\/uploads\/2017\/07\/wp-image-655924760.jpg?resize=350%2C200 1x, https:\/\/i0.wp.com\/willi-junker.de\/dachs\/wp-content\/uploads\/2017\/07\/wp-image-655924760.jpg?resize=525%2C300 1.5x, https:\/\/i0.wp.com\/willi-junker.de\/dachs\/wp-content\/uploads\/2017\/07\/wp-image-655924760.jpg?resize=700%2C400 2x, https:\/\/i0.wp.com\/willi-junker.de\/dachs\/wp-content\/uploads\/2017\/07\/wp-image-655924760.jpg?resize=1050%2C600 3x, https:\/\/i0.wp.com\/willi-junker.de\/dachs\/wp-content\/uploads\/2017\/07\/wp-image-655924760.jpg?resize=1400%2C800 4x"},"classes":[]},{"id":5217,"url":"https:\/\/willi-junker.de\/dachs\/?p=5217","url_meta":{"origin":2624,"position":3},"title":"Radtour nach Bad Sch\u00f6nborn \/ Tag 1 (K\u00f6nigsetappe)","author":"Willi","date":"18.07.2019","format":false,"excerpt":"Heute Morgen bin ich gegen vier Uhr aus den Federn gesprungen und um halb sechs hab ich das Rad abfahrbereit gemacht. Dann geht es im Morgengrauen los. \u00dcber Alterk\u00fclz geht es auf den Schinderhannesradweg und nach Simmern. Dann hinauf nach Holzbach und wieder hinab nach Tiefenbach. Hier werden die 10\u2026","rel":"","context":"In &quot;Touren&quot;","block_context":{"text":"Touren","link":"https:\/\/willi-junker.de\/dachs\/?cat=3"},"img":{"alt_text":"","src":"https:\/\/i0.wp.com\/willi-junker.de\/dachs\/wp-content\/uploads\/2019\/07\/20190718_0753291178164395.jpg?resize=350%2C200","width":350,"height":200,"srcset":"https:\/\/i0.wp.com\/willi-junker.de\/dachs\/wp-content\/uploads\/2019\/07\/20190718_0753291178164395.jpg?resize=350%2C200 1x, https:\/\/i0.wp.com\/willi-junker.de\/dachs\/wp-content\/uploads\/2019\/07\/20190718_0753291178164395.jpg?resize=525%2C300 1.5x, https:\/\/i0.wp.com\/willi-junker.de\/dachs\/wp-content\/uploads\/2019\/07\/20190718_0753291178164395.jpg?resize=700%2C400 2x, https:\/\/i0.wp.com\/willi-junker.de\/dachs\/wp-content\/uploads\/2019\/07\/20190718_0753291178164395.jpg?resize=1050%2C600 3x, https:\/\/i0.wp.com\/willi-junker.de\/dachs\/wp-content\/uploads\/2019\/07\/20190718_0753291178164395.jpg?resize=1400%2C800 4x"},"classes":[]},{"id":5230,"url":"https:\/\/willi-junker.de\/dachs\/?p=5230","url_meta":{"origin":2624,"position":4},"title":"Radtour nach Bad Sch\u00f6nborn \/ Tag 2","author":"Willi Junker","date":"19.07.2019","format":false,"excerpt":"Auch heute sitze ich wieder auf dem Rad, aber bei Weitem nich so fr\u00fch als gestern. Nach einem ausf\u00fchrlichen Fr\u00fchst\u00fcck starte ich gegen 10:15 Uhr. Mein Weg f\u00fchrt mich zuerst ins Fremdenverkehrsamt. Danach will ich weiter in Richtung Schwetzingen. Schwetzingen lockt mit einer gro\u00dfen Schlo\u00dfanlage und liegt ca. 30 Kilometer\u2026","rel":"","context":"In &quot;Touren&quot;","block_context":{"text":"Touren","link":"https:\/\/willi-junker.de\/dachs\/?cat=3"},"img":{"alt_text":"","src":"https:\/\/i0.wp.com\/willi-junker.de\/dachs\/wp-content\/uploads\/2019\/07\/20190719_1129171132900057.jpg?resize=350%2C200&ssl=1","width":350,"height":200,"srcset":"https:\/\/i0.wp.com\/willi-junker.de\/dachs\/wp-content\/uploads\/2019\/07\/20190719_1129171132900057.jpg?resize=350%2C200&ssl=1 1x, https:\/\/i0.wp.com\/willi-junker.de\/dachs\/wp-content\/uploads\/2019\/07\/20190719_1129171132900057.jpg?resize=525%2C300&ssl=1 1.5x, https:\/\/i0.wp.com\/willi-junker.de\/dachs\/wp-content\/uploads\/2019\/07\/20190719_1129171132900057.jpg?resize=700%2C400&ssl=1 2x, https:\/\/i0.wp.com\/willi-junker.de\/dachs\/wp-content\/uploads\/2019\/07\/20190719_1129171132900057.jpg?resize=1050%2C600&ssl=1 3x"},"classes":[]},{"id":3398,"url":"https:\/\/willi-junker.de\/dachs\/?p=3398","url_meta":{"origin":2624,"position":5},"title":"Vortour Radtour Radteam des TuS Laubach 2016","author":"Willi","date":"10.07.2016","format":false,"excerpt":"Um 05:15 Uhr bin ich abreisebereit. Es ist noch k\u00fchl und in den T\u00e4lern liegt leichter Nebel. Es geht quer durch den Hunsr\u00fcck bis nach Rhaunen. In Woppenroth bin ich mal kurz von Wildschweinen umgeben. Von Woppenroth geht es weiter \u00fcber Sulzbach nach Allenbach. Hier mu\u00df der \"Pass\" nach Thranenweier\u2026","rel":"","context":"In &quot;Touren&quot;","block_context":{"text":"Touren","link":"https:\/\/willi-junker.de\/dachs\/?cat=3"},"img":{"alt_text":"","src":"https:\/\/i0.wp.com\/willi-junker.de\/dachs\/wp-content\/uploads\/2016\/07\/wp-image-395811942jpg.jpg?resize=350%2C200","width":350,"height":200,"srcset":"https:\/\/i0.wp.com\/willi-junker.de\/dachs\/wp-content\/uploads\/2016\/07\/wp-image-395811942jpg.jpg?resize=350%2C200 1x, https:\/\/i0.wp.com\/willi-junker.de\/dachs\/wp-content\/uploads\/2016\/07\/wp-image-395811942jpg.jpg?resize=525%2C300 1.5x, https:\/\/i0.wp.com\/willi-junker.de\/dachs\/wp-content\/uploads\/2016\/07\/wp-image-395811942jpg.jpg?resize=700%2C400 2x"},"classes":[]}],"_links":{"self":[{"href":"https:\/\/willi-junker.de\/dachs\/index.php?rest_route=\/wp\/v2\/posts\/2624","targetHints":{"allow":["GET"]}}],"collection":[{"href":"https:\/\/willi-junker.de\/dachs\/index.php?rest_route=\/wp\/v2\/posts"}],"about":[{"href":"https:\/\/willi-junker.de\/dachs\/index.php?rest_route=\/wp\/v2\/types\/post"}],"author":[{"embeddable":true,"href":"https:\/\/willi-junker.de\/dachs\/index.php?rest_route=\/wp\/v2\/users\/1"}],"replies":[{"embeddable":true,"href":"https:\/\/willi-junker.de\/dachs\/index.php?rest_route=%2Fwp%2Fv2%2Fcomments&post=2624"}],"version-history":[{"count":3,"href":"https:\/\/willi-junker.de\/dachs\/index.php?rest_route=\/wp\/v2\/posts\/2624\/revisions"}],"predecessor-version":[{"id":2635,"href":"https:\/\/willi-junker.de\/dachs\/index.php?rest_route=\/wp\/v2\/posts\/2624\/revisions\/2635"}],"wp:attachment":[{"href":"https:\/\/willi-junker.de\/dachs\/index.php?rest_route=%2Fwp%2Fv2%2Fmedia&parent=2624"}],"wp:term":[{"taxonomy":"category","embeddable":true,"href":"https:\/\/willi-junker.de\/dachs\/index.php?rest_route=%2Fwp%2Fv2%2Fcategories&post=2624"},{"taxonomy":"post_tag","embeddable":true,"href":"https:\/\/willi-junker.de\/dachs\/index.php?rest_route=%2Fwp%2Fv2%2Ftags&post=2624"}],"curies":[{"name":"wp","href":"https:\/\/api.w.org\/{rel}","templated":true}]}}