{"id":2594,"date":"2015-08-20T13:51:50","date_gmt":"2015-08-20T11:51:50","guid":{"rendered":"http:\/\/willi-junker.de\/dachs\/?p=2594"},"modified":"2015-08-20T13:51:50","modified_gmt":"2015-08-20T11:51:50","slug":"1300-uhr-sibratsgfaell","status":"publish","type":"post","link":"https:\/\/willi-junker.de\/dachs\/?p=2594","title":{"rendered":"13:00 Uhr &#8211; Sibratsgf\u00e4ll"},"content":{"rendered":"<p>Die Sonne ist schon seit ein paar Stunden verschwunden. Ich sitze im Gasthof L\u00f6wen. Eine Almh\u00fctte habe ich in den letzten beiden Tagen noch nicht gesehen, zumindest keine mit Bewirtung.<\/p>\n<p><a href=\"https:\/\/i0.wp.com\/willi-junker.de\/dachs\/wp-content\/uploads\/2015\/08\/wpid-IMAG11491.jpg?ssl=1\"><img data-recalc-dims=\"1\" decoding=\"async\" title=\"IMAG1149.jpg\" class=\"alignnone size-full\" alt=\"image\" src=\"https:\/\/i0.wp.com\/willi-junker.de\/dachs\/wp-content\/uploads\/2015\/08\/wpid-IMAG1149.jpg?w=640&#038;ssl=1\" \/><\/a><\/p>\n<p>Super Badebecken mitten im Wald.<\/p>\n<p><a href=\"https:\/\/i0.wp.com\/willi-junker.de\/dachs\/wp-content\/uploads\/2015\/08\/wpid-IMAG11501.jpg?ssl=1\"><img data-recalc-dims=\"1\" decoding=\"async\" title=\"IMAG1150.jpg\" class=\"alignnone size-full\" alt=\"image\" src=\"https:\/\/i0.wp.com\/willi-junker.de\/dachs\/wp-content\/uploads\/2015\/08\/wpid-IMAG1150.jpg?w=640&#038;ssl=1\" \/><\/a><\/p>\n<p>Blick auf Sibratsgf\u00e4ll<\/p>\n","protected":false},"excerpt":{"rendered":"<p>Die Sonne ist schon seit ein paar Stunden verschwunden. Ich sitze im Gasthof L\u00f6wen. Eine Almh\u00fctte habe ich in den letzten beiden Tagen noch nicht gesehen, zumindest keine mit Bewirtung. Super Badebecken mitten im Wald. Blick auf Sibratsgf\u00e4ll<\/p>\n","protected":false},"author":1,"featured_media":0,"comment_status":"open","ping_status":"open","sticky":false,"template":"","format":"standard","meta":{"_crdt_document":"","jetpack_post_was_ever_published":false,"_jetpack_newsletter_access":"","_jetpack_dont_email_post_to_subs":false,"_jetpack_newsletter_tier_id":0,"_jetpack_memberships_contains_paywalled_content":false,"_jetpack_memberships_contains_paid_content":false,"footnotes":"","jetpack_publicize_message":"","jetpack_publicize_feature_enabled":true,"jetpack_social_post_already_shared":false,"jetpack_social_options":{"image_generator_settings":{"template":"highway","default_image_id":0,"font":"","enabled":false},"version":2}},"categories":[3],"tags":[],"class_list":["post-2594","post","type-post","status-publish","format-standard","hentry","category-touren"],"jetpack_publicize_connections":[],"jetpack_featured_media_url":"","jetpack_sharing_enabled":true,"jetpack_shortlink":"https:\/\/wp.me\/p73o9s-FQ","jetpack-related-posts":[{"id":895,"url":"https:\/\/willi-junker.de\/dachs\/?p=895","url_meta":{"origin":2594,"position":0},"title":"Aufstieg zur Wei\u00dfen Wand","author":"Willi","date":"29.06.2012","format":false,"excerpt":"Diesen Tag hab ich wohl etwas untersch\u00e4tzt. Um 09:30 Uhr verlasse ich Kasern. Letzte Nacht war ich wohl der einzige Deutschlandfan im Gasthof. Das lie\u00df mich Igor, der Chef, beim Abmarsch deutlich sp\u00fcren ;-) Direkt nach Kasern sind erstmals 500 H\u00f6henmeter zu erklimmen, die sehr steil sind. Dann zieht sich\u2026","rel":"","context":"In &quot;Touren&quot;","block_context":{"text":"Touren","link":"https:\/\/willi-junker.de\/dachs\/?cat=3"},"img":{"alt_text":"","src":"","width":0,"height":0},"classes":[]},{"id":4333,"url":"https:\/\/willi-junker.de\/dachs\/?p=4333","url_meta":{"origin":2594,"position":1},"title":"Vortour Radtour Radteam TuS Laubach 2017","author":"Willi","date":"29.08.2017","format":false,"excerpt":"Heute ist ein wunderbar sonniger Tag. Ich starte um 08:00 Uhr mit dem Auto und fahre nach Manderscheid in der Eifel. Den Ort erkunde ich noch etwas und gegen zehn Uhr beginne ich mit der Tour. Es geht sofort steil bergab und nach gut einer Minute sind ca 100 H\u00f6henmeter\u2026","rel":"","context":"In &quot;Touren&quot;","block_context":{"text":"Touren","link":"https:\/\/willi-junker.de\/dachs\/?cat=3"},"img":{"alt_text":"","src":"","width":0,"height":0},"classes":[]},{"id":3941,"url":"https:\/\/willi-junker.de\/dachs\/?p=3941","url_meta":{"origin":2594,"position":2},"title":"Oster-Wandertour 2017","author":"Willi","date":"16.04.2017","format":false,"excerpt":"Bin heute am 1. Ostertag schon fr\u00fch losgefahren und treffe gegen 08:50 Uhr am Parkplatz am Hunsr\u00fcckhaus am Erbeskopf ein. Es ist noch ganz sch\u00f6n k\u00fchl, die Grashalme teilweise gefroren. Zuerst folge ich der Traumschleife Gipfelrauschen gegen den Uhrzeigersinn. Er f\u00fchrt mich bis \u00fcber den Gipfelkamm. Dort biege ich dann\u2026","rel":"","context":"In &quot;Touren&quot;","block_context":{"text":"Touren","link":"https:\/\/willi-junker.de\/dachs\/?cat=3"},"img":{"alt_text":"","src":"https:\/\/i0.wp.com\/willi-junker.de\/dachs\/wp-content\/uploads\/2017\/04\/2017_03_16_001-500x281.jpg?resize=350%2C200","width":350,"height":200},"classes":[]},{"id":1312,"url":"https:\/\/willi-junker.de\/dachs\/?p=1312","url_meta":{"origin":2594,"position":3},"title":"Dolomiten-Fernwanderweg 1","author":"Willi","date":"21.07.2013","format":false,"excerpt":"Seit gestern Abend bin ich endlich in den Dolomiten. Das Hotel Messner in Veit im Pragser Tal kann ich echt empfehlen. Habe mich nett mit den Wirtsleuten unterhalten. Um 9 Uhr geht es wieder los. Schon direkt nach dem Hotel geht der Anstieg los. Am Pragser Wildsee dann eine kurze\u2026","rel":"","context":"In &quot;Touren&quot;","block_context":{"text":"Touren","link":"https:\/\/willi-junker.de\/dachs\/?cat=3"},"img":{"alt_text":"","src":"","width":0,"height":0},"classes":[]},{"id":3706,"url":"https:\/\/willi-junker.de\/dachs\/?p=3706","url_meta":{"origin":2594,"position":4},"title":"1. November (Traumschleifen im Doppelpack)","author":"Willi","date":"01.11.2016","format":false,"excerpt":"Wie in fast jedem Jahr drehe ich auch in 2016 eine Runde am 1. November. Noch vor Sonnenaufgang erlebe ich den Sonnenaufgang in der N\u00e4he von Michelbach. Mein Auto parke ich in Wahlenau und begebe mich auf die Traumschleife Via Molarum. Das Wetter ist herrlich. Da sich hier zwei Traumschleifen\u2026","rel":"","context":"In &quot;Touren&quot;","block_context":{"text":"Touren","link":"https:\/\/willi-junker.de\/dachs\/?cat=3"},"img":{"alt_text":"","src":"https:\/\/i0.wp.com\/willi-junker.de\/dachs\/wp-content\/uploads\/2016\/11\/Via_molarum_kappleifelsen_019-1.jpg?resize=350%2C200","width":350,"height":200,"srcset":"https:\/\/i0.wp.com\/willi-junker.de\/dachs\/wp-content\/uploads\/2016\/11\/Via_molarum_kappleifelsen_019-1.jpg?resize=350%2C200 1x, https:\/\/i0.wp.com\/willi-junker.de\/dachs\/wp-content\/uploads\/2016\/11\/Via_molarum_kappleifelsen_019-1.jpg?resize=525%2C300 1.5x, https:\/\/i0.wp.com\/willi-junker.de\/dachs\/wp-content\/uploads\/2016\/11\/Via_molarum_kappleifelsen_019-1.jpg?resize=700%2C400 2x, https:\/\/i0.wp.com\/willi-junker.de\/dachs\/wp-content\/uploads\/2016\/11\/Via_molarum_kappleifelsen_019-1.jpg?resize=1050%2C600 3x, https:\/\/i0.wp.com\/willi-junker.de\/dachs\/wp-content\/uploads\/2016\/11\/Via_molarum_kappleifelsen_019-1.jpg?resize=1400%2C800 4x"},"classes":[]},{"id":880,"url":"https:\/\/willi-junker.de\/dachs\/?p=880","url_meta":{"origin":2594,"position":5},"title":"06:00 Wecken durch die Kapelle","author":"Willi","date":"28.06.2012","format":false,"excerpt":"Punkt 06:00 l\u00e4utet die Hauskapelle. Scheinbar interessiere aber nur ich mich daf\u00fcr, da ich als erstes im Speisesaal bin. Es ist f\u00fcr 29 Personen gedeckt. Gegen 07:45 verlasse ich dieses sehr gastliche Haus. Jetzt ist es auch etwas voller im Speiseraum. Ich wandere ziemlich einsam bis zum Abzeig ins Windbachtal.\u2026","rel":"","context":"In &quot;Touren&quot;","block_context":{"text":"Touren","link":"https:\/\/willi-junker.de\/dachs\/?cat=3"},"img":{"alt_text":"","src":"","width":0,"height":0},"classes":[]}],"_links":{"self":[{"href":"https:\/\/willi-junker.de\/dachs\/index.php?rest_route=\/wp\/v2\/posts\/2594","targetHints":{"allow":["GET"]}}],"collection":[{"href":"https:\/\/willi-junker.de\/dachs\/index.php?rest_route=\/wp\/v2\/posts"}],"about":[{"href":"https:\/\/willi-junker.de\/dachs\/index.php?rest_route=\/wp\/v2\/types\/post"}],"author":[{"embeddable":true,"href":"https:\/\/willi-junker.de\/dachs\/index.php?rest_route=\/wp\/v2\/users\/1"}],"replies":[{"embeddable":true,"href":"https:\/\/willi-junker.de\/dachs\/index.php?rest_route=%2Fwp%2Fv2%2Fcomments&post=2594"}],"version-history":[{"count":1,"href":"https:\/\/willi-junker.de\/dachs\/index.php?rest_route=\/wp\/v2\/posts\/2594\/revisions"}],"predecessor-version":[{"id":2595,"href":"https:\/\/willi-junker.de\/dachs\/index.php?rest_route=\/wp\/v2\/posts\/2594\/revisions\/2595"}],"wp:attachment":[{"href":"https:\/\/willi-junker.de\/dachs\/index.php?rest_route=%2Fwp%2Fv2%2Fmedia&parent=2594"}],"wp:term":[{"taxonomy":"category","embeddable":true,"href":"https:\/\/willi-junker.de\/dachs\/index.php?rest_route=%2Fwp%2Fv2%2Fcategories&post=2594"},{"taxonomy":"post_tag","embeddable":true,"href":"https:\/\/willi-junker.de\/dachs\/index.php?rest_route=%2Fwp%2Fv2%2Ftags&post=2594"}],"curies":[{"name":"wp","href":"https:\/\/api.w.org\/{rel}","templated":true}]}}